{"id":793,"date":"2021-08-15T12:37:46","date_gmt":"2021-08-15T10:37:46","guid":{"rendered":"http:\/\/5.45.101.177\/haut-allier\/usagers-transportse\/index.php\/2021\/08\/15\/ligne-du-train-cevenol793\/"},"modified":"2021-08-15T12:37:46","modified_gmt":"2021-08-15T10:37:46","slug":"ligne-du-train-cevenol793","status":"publish","type":"post","link":"https:\/\/usagers-transports.haut-allier.eu\/index.php\/2021\/08\/15\/ligne-du-train-cevenol793\/","title":{"rendered":"Ligne du train C\u00e9venol : suppressions surprises de circulations en plein \u00e9t\u00e9"},"content":{"rendered":"<p>En pleine saison touristique et alors que l&rsquo;association des 150 ans de la ligne avait demand\u00e9 \u00e0 SNCF un renfort de service justement ce vendredi 13 ao\u00fbt pour la rando cycliste Villefort Langeac.<br \/>\n&nbsp;<br \/>\nLe 13 ao\u00fbt 2021 donc le TER 873995 a \u00e9t\u00e9 supprim\u00e9 et tristement logique, le TER 873990 a \u00e9t\u00e9 supprim\u00e9 le lendemain. Ces suppressions ont laiss\u00e9 bon nombre d&rsquo;usagers dans l&#8217;embarras n&rsquo;ayant aucun moyen de substitution.<br \/>\n&nbsp;<br \/>\nS&rsquo;il \u00e9tait stipul\u00e9 \u00ab\u00a0mat\u00e9riel en panne\u00a0\u00bb sur l&rsquo;application SNCF le jour m\u00eame, alors que la fr\u00e9quentation battait son plein juste avant le week-end du 15 ao\u00fbt et avec les \u00e9v\u00e9nements des 150 ans, renseignements pris il manquait le conducteur.<br \/>\n&nbsp;<br \/>\nLa vraie raison est donc un manque de personnel.<br \/>\n&nbsp;<br \/>\nCette situation est intol\u00e9rable pour les usagers. Dans un courrier envoy\u00e9 ce jour nous venons de demander des explications au Ministre des transports Djebarri, ainsi que de faire le n\u00e9cessaire pour que les voyageurs ne subissent plus de telles p\u00e9nalisations en pleine saison touristique.<br \/>\n&nbsp;<br \/>\n<img loading=\"lazy\" decoding=\"async\" class=\" aligncenter size-full wp-image-3393\" src=\"http:\/\/5.45.101.177\/haut-allier\/usagers-transportse\/wp-content\/uploads\/2021\/08\/lettredje-web.jpg\" alt=\"lettredje-web.jpg\" align=\"center\" width=\"201\" height=\"300\" \/><br \/>\n&nbsp;<br \/>\nUne gestion chaotique indigne de l&rsquo;op\u00e9rateur ferroviaire.<br \/>\n&nbsp;<\/p>\n","protected":false},"excerpt":{"rendered":"<p>En pleine saison touristique et alors que l&rsquo;association des 150 ans de la ligne avait demand\u00e9 \u00e0 SNCF<\/p>\n","protected":false},"author":1,"featured_media":3392,"comment_status":"open","ping_status":"open","sticky":false,"template":"","format":"standard","meta":{"footnotes":""},"categories":[3],"tags":[],"class_list":["post-793","post","type-post","status-publish","format-standard","has-post-thumbnail","hentry","category-en-train"],"_links":{"self":[{"href":"https:\/\/usagers-transports.haut-allier.eu\/index.php\/wp-json\/wp\/v2\/posts\/793","targetHints":{"allow":["GET"]}}],"collection":[{"href":"https:\/\/usagers-transports.haut-allier.eu\/index.php\/wp-json\/wp\/v2\/posts"}],"about":[{"href":"https:\/\/usagers-transports.haut-allier.eu\/index.php\/wp-json\/wp\/v2\/types\/post"}],"author":[{"embeddable":true,"href":"https:\/\/usagers-transports.haut-allier.eu\/index.php\/wp-json\/wp\/v2\/users\/1"}],"replies":[{"embeddable":true,"href":"https:\/\/usagers-transports.haut-allier.eu\/index.php\/wp-json\/wp\/v2\/comments?post=793"}],"version-history":[{"count":0,"href":"https:\/\/usagers-transports.haut-allier.eu\/index.php\/wp-json\/wp\/v2\/posts\/793\/revisions"}],"wp:featuredmedia":[{"embeddable":true,"href":"https:\/\/usagers-transports.haut-allier.eu\/index.php\/wp-json\/wp\/v2\/media\/3392"}],"wp:attachment":[{"href":"https:\/\/usagers-transports.haut-allier.eu\/index.php\/wp-json\/wp\/v2\/media?parent=793"}],"wp:term":[{"taxonomy":"category","embeddable":true,"href":"https:\/\/usagers-transports.haut-allier.eu\/index.php\/wp-json\/wp\/v2\/categories?post=793"},{"taxonomy":"post_tag","embeddable":true,"href":"https:\/\/usagers-transports.haut-allier.eu\/index.php\/wp-json\/wp\/v2\/tags?post=793"}],"curies":[{"name":"wp","href":"https:\/\/api.w.org\/{rel}","templated":true}]}}