{"id":794,"date":"2021-08-25T14:14:14","date_gmt":"2021-08-25T12:14:14","guid":{"rendered":"http:\/\/5.45.101.177\/haut-allier\/usagers-transportse\/index.php\/2021\/08\/25\/ligne-des-cevennes-le-train-de794\/"},"modified":"2026-09-01T15:58:03","modified_gmt":"2026-09-01T13:58:03","slug":"ligne-des-cevennes-le-train-de794","status":"publish","type":"post","link":"https:\/\/usagers-transports.haut-allier.eu\/index.php\/2021\/08\/25\/ligne-des-cevennes-le-train-de794\/","title":{"rendered":"Ligne des C\u00e9vennes : le train de fret Langeac Tarascon sur Rh\u00f4ne supprim\u00e9 ! [MAJ]"},"content":{"rendered":"Les rumeurs se confirment : la soci\u00e9t\u00e9 qui achemine les grumes sur la ligne des C\u00e9vennes vers le sud depuis la Haute-Loire pr\u00e9f\u00e8re mettre fin \u00e0 l&rsquo;\u00e9pisode.\n&nbsp;\nEssayons de voir quelles seront les cons\u00e9quences de la d\u00e9cision de Cap Train d&rsquo;arr\u00eater le transport de bois entre Langeac et l&rsquo;usine de traitement de p\u00e2te \u00e0 papier de Fibre Excellence \u00e0 Tarascon sur Rh\u00f4ne via Al\u00e8s et N\u00eemes.\n&nbsp;\n<strong>Des centaines de camions suppl\u00e9mentaires sur la route<\/strong>\n&nbsp;\nLors des longs arr\u00eats de circulations pour travaux sur la ligne des C\u00e9vennes, trois longs mois chaque ann\u00e9e depuis plus de dix ans, les nerfs des rares entreprises ayant recours au rail ont \u00e9t\u00e9 mis chaque fois \u00e0 rude \u00e9preuve puisque ces soci\u00e9t\u00e9s ont soit \u00e9t\u00e9 oblig\u00e9es d&rsquo;allonger leurs parcours en ferroviaire en le d\u00e9tournant via Lyon, pr\u00e8s du double de distance \u00e0 parcourir, soit ont opt\u00e9 pour le report sur route. Or un seul train de grumes \u00e9quivaut \u00e0 une cinquantaine de camions sur les routes. Le co\u00fbt d&rsquo;un transfert routier est par contre bien moins \u00e9lev\u00e9 que l&rsquo;\u00e9quivalent en train. Une catastrophe \u00e9cologique en perspective sur nos routes du Massif Central d\u00e9j\u00e0 satur\u00e9es par les transports poids lourds.\n&nbsp;\n<em>Tellement mieux les camions grumiers sur les routes&#8230;<\/em>\n<img loading=\"lazy\" decoding=\"async\" class=\" aligncenter size-full wp-image-3395\" src=\"http:\/\/5.45.101.177\/haut-allier\/usagers-transportse\/wp-content\/uploads\/2021\/08\/arrivee_d_un_grumier_dans_le_clos_de_l_entreprise_des_freres_allot.jpg\" alt=\"arrivee_d_un_grumier_dans_le_clos_de_l_entreprise_des_freres_allot.jpg\" align=\"center\" width=\"1500\" height=\"1114\" srcset=\"https:\/\/usagers-transports.haut-allier.eu\/wp-content\/uploads\/2021\/08\/arrivee_d_un_grumier_dans_le_clos_de_l_entreprise_des_freres_allot.jpg 1500w, https:\/\/usagers-transports.haut-allier.eu\/wp-content\/uploads\/2021\/08\/arrivee_d_un_grumier_dans_le_clos_de_l_entreprise_des_freres_allot-300x223.jpg 300w, https:\/\/usagers-transports.haut-allier.eu\/wp-content\/uploads\/2021\/08\/arrivee_d_un_grumier_dans_le_clos_de_l_entreprise_des_freres_allot-1024x760.jpg 1024w, https:\/\/usagers-transports.haut-allier.eu\/wp-content\/uploads\/2021\/08\/arrivee_d_un_grumier_dans_le_clos_de_l_entreprise_des_freres_allot-768x570.jpg 768w\" sizes=\"auto, (max-width: 1500px) 100vw, 1500px\" \/>\n&nbsp;\n<strong>Une ligne des C\u00e9vennes une fois de plus fragilis\u00e9e<\/strong>\n&nbsp;\nIl fut un temps o\u00f9 le trafic voyageurs \u00e9tait consid\u00e9r\u00e9 comme \u00ab\u00a0secondaire\u00a0\u00bb aux yeux de SNCF R\u00e9seau car ce trafic ne lui rapporte pas grand chose. Aussi peut-on s&rsquo;attendre \u00e0 de nouvelles d\u00e9cisions de d\u00e9laissement de l&rsquo;axe ? On peut le craindre malgr\u00e9 les diverses annonces de cet organisme.\n&nbsp;\nApr\u00e8s l&rsquo;arr\u00eat du fret d&rsquo;Arcelor Mital sur la ligne des Causses dans le but de maintenir les circulations voyageurs (!) mais apr\u00e8s travaux, en septembre seulement, on voit maintenant que c&rsquo;est la ligne du train C\u00e9venol qui est touch\u00e9e.\n&nbsp;\nDans les faits tout est fait par la soci\u00e9t\u00e9 dite ferroviaire depuis les ann\u00e9es 2000 pour stopper son activit\u00e9 fret. Le statut inter-r\u00e9gional obligatoire pour le fret de la ligne des C\u00e9vennes tombera de facto pour \u00eatre remplac\u00e9 par un statut r\u00e9gional. L&rsquo;infrastructure sera \u00e0 terme g\u00e9r\u00e9 par deux ou trois r\u00e9gions diff\u00e9rentes si l&rsquo;on comprend PACA. Un bon plan pour la SNCF qui aime bien diviser pour mieux s&rsquo;\u00e9chapper de ses obligations d&rsquo;op\u00e9rateur national historique. Nous voyons les choses comme cela.\n&nbsp;\n<strong>Une conf\u00e9rence de presse ce jour \u00e0 16h \u00e0 Langeac<\/strong>\n&nbsp;\nLes cheminots CGT tiennent une r\u00e9union o\u00f9 nous serons pr\u00e9sents pour vous informer des d\u00e9tails.\n&nbsp;\n<strong>A suivre&#8230;<\/strong>\n&nbsp;\nSuite \u00e0 la rencontre rien de bien nouveau si ce n&rsquo;est que ce serait un probl\u00e8me administratif de cr\u00e9ances du client Fibre Excellence. Une r\u00e9union doit avoir lieu entre Cap Train et ce client dans la journ\u00e9e de jeudi. On en saura plus en fin de journ\u00e9e.\n&nbsp;\n<em>Le dernier train de fret vers Tarascon au d\u00e9part de Langeac hier ?\n<\/em>\n&nbsp;\n<img loading=\"lazy\" decoding=\"async\" class=\" aligncenter size-full wp-image-3396\" src=\"http:\/\/5.45.101.177\/haut-allier\/usagers-transportse\/wp-content\/uploads\/2021\/08\/1500-img_20210825_161343_808-2.jpg\" alt=\"1500-img_20210825_161343_808-2.jpg\" align=\"center\" width=\"1500\" height=\"908\" srcset=\"https:\/\/usagers-transports.haut-allier.eu\/wp-content\/uploads\/2021\/08\/1500-img_20210825_161343_808-2.jpg 1500w, https:\/\/usagers-transports.haut-allier.eu\/wp-content\/uploads\/2021\/08\/1500-img_20210825_161343_808-2-300x182.jpg 300w, https:\/\/usagers-transports.haut-allier.eu\/wp-content\/uploads\/2021\/08\/1500-img_20210825_161343_808-2-1024x620.jpg 1024w, https:\/\/usagers-transports.haut-allier.eu\/wp-content\/uploads\/2021\/08\/1500-img_20210825_161343_808-2-768x465.jpg 768w\" sizes=\"auto, (max-width: 1500px) 100vw, 1500px\" \/>\n&nbsp;\n<em>La r\u00e9union convoqu\u00e9e par les cheminots CGT inquiets. Pr\u00e9sents aussi des journalistes, Guy Vissac ancien s\u00e9nateur et d\u00e9fenseur de la ligne, Jean-Paul Pign\u00e8de, auteur d&rsquo;un ouvrage sur la ligne&#8230;<\/em>\n&nbsp;\n<img loading=\"lazy\" decoding=\"async\" class=\" aligncenter size-full wp-image-3397\" src=\"http:\/\/5.45.101.177\/haut-allier\/usagers-transportse\/wp-content\/uploads\/2021\/08\/1500-img_20210825_162031_252.jpg\" alt=\"1500-img_20210825_162031_252.jpg\" align=\"center\" width=\"1500\" height=\"843\" srcset=\"https:\/\/usagers-transports.haut-allier.eu\/wp-content\/uploads\/2021\/08\/1500-img_20210825_162031_252.jpg 1500w, https:\/\/usagers-transports.haut-allier.eu\/wp-content\/uploads\/2021\/08\/1500-img_20210825_162031_252-300x169.jpg 300w, https:\/\/usagers-transports.haut-allier.eu\/wp-content\/uploads\/2021\/08\/1500-img_20210825_162031_252-1024x575.jpg 1024w, https:\/\/usagers-transports.haut-allier.eu\/wp-content\/uploads\/2021\/08\/1500-img_20210825_162031_252-768x432.jpg 768w\" sizes=\"auto, (max-width: 1500px) 100vw, 1500px\" \/>\n&nbsp;\n<em>Hier nous twittions en direct le d\u00e9part du dernier train&#8230;\n<\/em>\n&nbsp;\n<img loading=\"lazy\" decoding=\"async\" class=\" aligncenter size-full wp-image-3398\" src=\"http:\/\/5.45.101.177\/haut-allier\/usagers-transportse\/wp-content\/uploads\/2021\/08\/firefox_screenshot_2021-08-25t19-03-29.072z.png\" alt=\"firefox_screenshot_2021-08-25t19-03-29.072z.png\" align=\"center\" width=\"255\" height=\"425\" srcset=\"https:\/\/usagers-transports.haut-allier.eu\/wp-content\/uploads\/2021\/08\/firefox_screenshot_2021-08-25t19-03-29.072z.png 255w, https:\/\/usagers-transports.haut-allier.eu\/wp-content\/uploads\/2021\/08\/firefox_screenshot_2021-08-25t19-03-29.072z-180x300.png 180w\" sizes=\"auto, (max-width: 255px) 100vw, 255px\" \/>\n&nbsp;\nLa vid\u00e9o :\n&nbsp;\n<a href=\"http:\/\/5.45.101.177\/haut-allier\/usagers-transportse\/wp-content\/uploads\/2021\/08\/vid_20210825_161720.mp4\">vid_20210825_161720.mp4<\/a>\n&nbsp;\n<strong>Dans la presse : <\/strong>\n&nbsp;\nFrance Bleu Pays d&rsquo;Auvergne : <a href=\"https:\/\/www.francebleu.fr\/infos\/transports\/haute-loire-la-ligne-de-fret-langeac-tarrascon-1629901273\"><em>Haute-Loire : la ligne de fret entre Langeac et Tarascon est-elle vraiment menac\u00e9e ?<\/em><\/a>\n&nbsp;\n<img loading=\"lazy\" decoding=\"async\" class=\" aligncenter size-full wp-image-3400\" src=\"http:\/\/5.45.101.177\/haut-allier\/usagers-transportse\/wp-content\/uploads\/2021\/08\/firefox_screenshot_2021-08-26t04-50-35.923z-scaled.png\" alt=\"firefox_screenshot_2021-08-26t04-50-35.923z.png\" align=\"center\" width=\"893\" height=\"2560\" srcset=\"https:\/\/usagers-transports.haut-allier.eu\/wp-content\/uploads\/2021\/08\/firefox_screenshot_2021-08-26t04-50-35.923z-scaled.png 893w, https:\/\/usagers-transports.haut-allier.eu\/wp-content\/uploads\/2021\/08\/firefox_screenshot_2021-08-26t04-50-35.923z-105x300.png 105w, https:\/\/usagers-transports.haut-allier.eu\/wp-content\/uploads\/2021\/08\/firefox_screenshot_2021-08-26t04-50-35.923z-357x1024.png 357w, https:\/\/usagers-transports.haut-allier.eu\/wp-content\/uploads\/2021\/08\/firefox_screenshot_2021-08-26t04-50-35.923z-768x2202.png 768w, https:\/\/usagers-transports.haut-allier.eu\/wp-content\/uploads\/2021\/08\/firefox_screenshot_2021-08-26t04-50-35.923z-536x1536.png 536w, https:\/\/usagers-transports.haut-allier.eu\/wp-content\/uploads\/2021\/08\/firefox_screenshot_2021-08-26t04-50-35.923z-714x2048.png 714w\" sizes=\"auto, (max-width: 893px) 100vw, 893px\" \/>\n&nbsp;\nLa Montagne : <a href=\"https:\/\/www.lamontagne.fr\/langeac-43300\/actualites\/est-ce-le-dernier-train-de-fret-sur-la-ligne-des-cevennes-au-depart-de-langeac-haute-loire_14002529\/\"><em>Est-ce le dernier train de fret sur la ligne des C\u00e9vennes au d\u00e9part de Langeac (Haute-Loire) ?<\/em><\/a>\n&nbsp;\n<img loading=\"lazy\" decoding=\"async\" class=\" aligncenter size-full wp-image-3401\" src=\"http:\/\/5.45.101.177\/haut-allier\/usagers-transportse\/wp-content\/uploads\/2021\/08\/screenshot-www.lamontagne.fr-2021.08.26-14_19_28.jpg\" alt=\"screenshot-www.lamontagne.fr-2021.08.26-14_19_28.jpg\" align=\"center\" width=\"1000\" height=\"2080\" srcset=\"https:\/\/usagers-transports.haut-allier.eu\/wp-content\/uploads\/2021\/08\/screenshot-www.lamontagne.fr-2021.08.26-14_19_28.jpg 1000w, https:\/\/usagers-transports.haut-allier.eu\/wp-content\/uploads\/2021\/08\/screenshot-www.lamontagne.fr-2021.08.26-14_19_28-144x300.jpg 144w, https:\/\/usagers-transports.haut-allier.eu\/wp-content\/uploads\/2021\/08\/screenshot-www.lamontagne.fr-2021.08.26-14_19_28-492x1024.jpg 492w, https:\/\/usagers-transports.haut-allier.eu\/wp-content\/uploads\/2021\/08\/screenshot-www.lamontagne.fr-2021.08.26-14_19_28-768x1597.jpg 768w, https:\/\/usagers-transports.haut-allier.eu\/wp-content\/uploads\/2021\/08\/screenshot-www.lamontagne.fr-2021.08.26-14_19_28-738x1536.jpg 738w, https:\/\/usagers-transports.haut-allier.eu\/wp-content\/uploads\/2021\/08\/screenshot-www.lamontagne.fr-2021.08.26-14_19_28-985x2048.jpg 985w\" sizes=\"auto, (max-width: 1000px) 100vw, 1000px\" \/>\n&nbsp;\nQuelques \u00e9l\u00e9ments sur l&rsquo;\u00e9tat de sant\u00e9 du client Fibre Excellence dans la Provence :\n&nbsp;\n<img loading=\"lazy\" decoding=\"async\" class=\" aligncenter size-full wp-image-3402\" src=\"http:\/\/5.45.101.177\/haut-allier\/usagers-transportse\/wp-content\/uploads\/2021\/08\/firefox_screenshot_2021-08-26t06-42-09.135z-scaled.png\" alt=\"firefox_screenshot_2021-08-26t06-42-09.135z.png\" align=\"center\" width=\"814\" height=\"2560\" srcset=\"https:\/\/usagers-transports.haut-allier.eu\/wp-content\/uploads\/2021\/08\/firefox_screenshot_2021-08-26t06-42-09.135z-scaled.png 814w, https:\/\/usagers-transports.haut-allier.eu\/wp-content\/uploads\/2021\/08\/firefox_screenshot_2021-08-26t06-42-09.135z-95x300.png 95w, https:\/\/usagers-transports.haut-allier.eu\/wp-content\/uploads\/2021\/08\/firefox_screenshot_2021-08-26t06-42-09.135z-326x1024.png 326w, https:\/\/usagers-transports.haut-allier.eu\/wp-content\/uploads\/2021\/08\/firefox_screenshot_2021-08-26t06-42-09.135z-768x2415.png 768w, https:\/\/usagers-transports.haut-allier.eu\/wp-content\/uploads\/2021\/08\/firefox_screenshot_2021-08-26t06-42-09.135z-651x2048.png 651w\" sizes=\"auto, (max-width: 814px) 100vw, 814px\" \/>\n&nbsp;\n[fond rouge][blanc]MAJ 2 du 27 ao\u00fbt :[\/blanc] [\/fond rouge]\n&nbsp;\nIl semblerait que la r\u00e9union de jeudi ait \u00e9t\u00e9 positive, nous l&rsquo;apprenons par un tweet :\n&nbsp;\n<img loading=\"lazy\" decoding=\"async\" class=\" aligncenter size-full wp-image-3403\" src=\"http:\/\/5.45.101.177\/haut-allier\/usagers-transportse\/wp-content\/uploads\/2021\/08\/firefox_screenshot_2021-08-27t15-53-05.850z.png\" alt=\"firefox_screenshot_2021-08-27t15-53-05.850z.png\" align=\"center\" width=\"253\" height=\"223\" \/>\n&nbsp;\nEt donc mauvaise alerte.\n&nbsp;<p>&nbsp;<\/p>\n\n\t<figure class=\"wp-block-gallery columns-1 is-cropped wp-block-gallery-1 is-layout-flex wp-block-gallery-is-layout-flex\">\n\t\t<ul class=\"blocks-gallery-grid\">\n\t\t\t<li class=\"blocks-gallery-item\">\n\t\t\t\t<figure>\n\t\t\t\t\t\t\t\t\t\t\t<img loading=\"lazy\" decoding=\"async\" width=\"1500\" height=\"908\" src=\"http:\/\/5.45.101.177\/haut-allier\/usagers-transportse\/wp-content\/uploads\/2021\/08\/1500-img_20210825_161343_808.jpg\"\n\t\t\t\t\t\t alt=\"1500-img_20210825_161343_808.jpg\"\n\t\t\t\t\t\t data-id=\"3404\"\n\t\t\t\t\t\t data-full-url=\"http:\/\/5.45.101.177\/haut-allier\/usagers-transportse\/wp-content\/uploads\/2021\/08\/1500-img_20210825_161343_808.jpg\"\n\t\t\t\t\t\t data-link=\"http:\/\/5.45.101.177\/haut-allier\/usagers-transportse\/attachment-1500-img_20210825_161343_808-jpg\/\"\n\t\t\t\t\t\t class=\"wp-image-3404\" srcset=\"https:\/\/usagers-transports.haut-allier.eu\/wp-content\/uploads\/2021\/08\/1500-img_20210825_161343_808.jpg 1500w, https:\/\/usagers-transports.haut-allier.eu\/wp-content\/uploads\/2021\/08\/1500-img_20210825_161343_808-300x182.jpg 300w, https:\/\/usagers-transports.haut-allier.eu\/wp-content\/uploads\/2021\/08\/1500-img_20210825_161343_808-1024x620.jpg 1024w, https:\/\/usagers-transports.haut-allier.eu\/wp-content\/uploads\/2021\/08\/1500-img_20210825_161343_808-768x465.jpg 768w\" sizes=\"auto, (max-width: 1500px) 100vw, 1500px\" \/>\n\t\t\t\t<\/figure>\n\t\t\t<\/li>\n\t\t<\/ul>\n\t<\/figure>\n","protected":false},"excerpt":{"rendered":"<p>Les rumeurs se confirment : la soci\u00e9t\u00e9 qui achemine les grumes sur la ligne des C\u00e9vennes vers le<\/p>\n","protected":false},"author":1,"featured_media":3394,"comment_status":"open","ping_status":"open","sticky":false,"template":"","format":"standard","meta":{"footnotes":""},"categories":[2],"tags":[],"class_list":["post-794","post","type-post","status-publish","format-standard","has-post-thumbnail","hentry","category-infos"],"_links":{"self":[{"href":"https:\/\/usagers-transports.haut-allier.eu\/index.php\/wp-json\/wp\/v2\/posts\/794","targetHints":{"allow":["GET"]}}],"collection":[{"href":"https:\/\/usagers-transports.haut-allier.eu\/index.php\/wp-json\/wp\/v2\/posts"}],"about":[{"href":"https:\/\/usagers-transports.haut-allier.eu\/index.php\/wp-json\/wp\/v2\/types\/post"}],"author":[{"embeddable":true,"href":"https:\/\/usagers-transports.haut-allier.eu\/index.php\/wp-json\/wp\/v2\/users\/1"}],"replies":[{"embeddable":true,"href":"https:\/\/usagers-transports.haut-allier.eu\/index.php\/wp-json\/wp\/v2\/comments?post=794"}],"version-history":[{"count":1,"href":"https:\/\/usagers-transports.haut-allier.eu\/index.php\/wp-json\/wp\/v2\/posts\/794\/revisions"}],"predecessor-version":[{"id":3405,"href":"https:\/\/usagers-transports.haut-allier.eu\/index.php\/wp-json\/wp\/v2\/posts\/794\/revisions\/3405"}],"wp:featuredmedia":[{"embeddable":true,"href":"https:\/\/usagers-transports.haut-allier.eu\/index.php\/wp-json\/wp\/v2\/media\/3394"}],"wp:attachment":[{"href":"https:\/\/usagers-transports.haut-allier.eu\/index.php\/wp-json\/wp\/v2\/media?parent=794"}],"wp:term":[{"taxonomy":"category","embeddable":true,"href":"https:\/\/usagers-transports.haut-allier.eu\/index.php\/wp-json\/wp\/v2\/categories?post=794"},{"taxonomy":"post_tag","embeddable":true,"href":"https:\/\/usagers-transports.haut-allier.eu\/index.php\/wp-json\/wp\/v2\/tags?post=794"}],"curies":[{"name":"wp","href":"https:\/\/api.w.org\/{rel}","templated":true}]}}