{"id":795,"date":"2021-08-31T08:35:24","date_gmt":"2021-08-31T06:35:24","guid":{"rendered":"http:\/\/5.45.101.177\/haut-allier\/usagers-transportse\/index.php\/2021\/08\/31\/nimes-clermont-ferrand-strasbourg795\/"},"modified":"2021-08-31T08:35:24","modified_gmt":"2021-08-31T06:35:24","slug":"nimes-clermont-ferrand-strasbourg795","status":"publish","type":"post","link":"https:\/\/usagers-transports.haut-allier.eu\/index.php\/2021\/08\/31\/nimes-clermont-ferrand-strasbourg795\/","title":{"rendered":"N\u00eemes &#8211; Clermont Ferrand &#8211; Strasbourg directement par les C\u00e9vennes et l&rsquo;Auvergne avec les trains des r\u00e9gions et Railcoop"},"content":{"rendered":"<p>D\u00e8s le 11 d\u00e9cembre 2022 le train C\u00e9venol aura une correspondance directe quotidienne \u00e0 Clermont-Ferrand vers Strasbourg gr\u00e2ce \u00e0 la nouvelle ligne exploit\u00e9e par <a href=\"https:\/\/www.railcoop.fr\/\">Railcoop<\/a>.<br \/>\n&nbsp;<br \/>\nIl faudra prendre le train du matin \u00e0 N\u00eemes \u00e0 8h13 :<br \/>\n&nbsp;<br \/>\n<img loading=\"lazy\" decoding=\"async\" class=\" aligncenter size-full wp-image-3407\" src=\"http:\/\/5.45.101.177\/haut-allier\/usagers-transportse\/wp-content\/uploads\/2021\/08\/screenshot-www.oui_.sncf-2021.08.31-07_51_15.jpg\" alt=\"screenshot-www.oui.sncf-2021.08.31-07_51_15.jpg\" align=\"center\" width=\"929\" height=\"82\" srcset=\"https:\/\/usagers-transports.haut-allier.eu\/wp-content\/uploads\/2021\/08\/screenshot-www.oui_.sncf-2021.08.31-07_51_15.jpg 929w, https:\/\/usagers-transports.haut-allier.eu\/wp-content\/uploads\/2021\/08\/screenshot-www.oui_.sncf-2021.08.31-07_51_15-300x26.jpg 300w, https:\/\/usagers-transports.haut-allier.eu\/wp-content\/uploads\/2021\/08\/screenshot-www.oui_.sncf-2021.08.31-07_51_15-768x68.jpg 768w\" sizes=\"auto, (max-width: 929px) 100vw, 929px\" \/><br \/>\n&nbsp;<br \/>\npour arriver dans la capitale auvergnate \u00e0 13h20 et poursuivre apr\u00e8s une attente d&rsquo; 1 heure 45, de quoi se restaurer,  vers Strasbourg \u00e0 15h05 o\u00f9 le X72500 tricaisses, un autorail de type thermique \u00e9galement surnomm\u00e9 \u00ab aspirateur \u00bb de Railcoop nous prendra en charge.<br \/>\n&nbsp;<br \/>\n<img loading=\"lazy\" decoding=\"async\" class=\" aligncenter size-full wp-image-3408\" src=\"http:\/\/5.45.101.177\/haut-allier\/usagers-transportse\/wp-content\/uploads\/2021\/08\/x_72500_b-normandie_interieur_de_2e_classe__2__par_cramos.jpg\" alt=\"x_72500_b-normandie_interieur_de_2e_classe__2__par_cramos.jpg\" align=\"center\" width=\"1200\" height=\"800\" srcset=\"https:\/\/usagers-transports.haut-allier.eu\/wp-content\/uploads\/2021\/08\/x_72500_b-normandie_interieur_de_2e_classe__2__par_cramos.jpg 1200w, https:\/\/usagers-transports.haut-allier.eu\/wp-content\/uploads\/2021\/08\/x_72500_b-normandie_interieur_de_2e_classe__2__par_cramos-300x200.jpg 300w, https:\/\/usagers-transports.haut-allier.eu\/wp-content\/uploads\/2021\/08\/x_72500_b-normandie_interieur_de_2e_classe__2__par_cramos-1024x683.jpg 1024w, https:\/\/usagers-transports.haut-allier.eu\/wp-content\/uploads\/2021\/08\/x_72500_b-normandie_interieur_de_2e_classe__2__par_cramos-768x512.jpg 768w\" sizes=\"auto, (max-width: 1200px) 100vw, 1200px\" \/><br \/>\n&nbsp;<br \/>\n<img loading=\"lazy\" decoding=\"async\" class=\" aligncenter size-full wp-image-3409\" src=\"http:\/\/5.45.101.177\/haut-allier\/usagers-transportse\/wp-content\/uploads\/2021\/08\/screenshot-www.autorite-transports.fr-2021.08.31-07_52_46.jpg\" alt=\"screenshot-www.autorite-transports.fr-2021.08.31-07_52_46.jpg\" align=\"center\" width=\"570\" height=\"476\" srcset=\"https:\/\/usagers-transports.haut-allier.eu\/wp-content\/uploads\/2021\/08\/screenshot-www.autorite-transports.fr-2021.08.31-07_52_46.jpg 570w, https:\/\/usagers-transports.haut-allier.eu\/wp-content\/uploads\/2021\/08\/screenshot-www.autorite-transports.fr-2021.08.31-07_52_46-300x251.jpg 300w\" sizes=\"auto, (max-width: 570px) 100vw, 570px\" \/><br \/>\n&nbsp;<br \/>\nArriv\u00e9e pr\u00e9vue en Alsace \u00e0 23h04.<br \/>\n&nbsp;<br \/>\n<strong>Dans le sens Strasbourg Clermont N\u00eemes<\/strong><br \/>\n&nbsp;<br \/>\n<img loading=\"lazy\" decoding=\"async\" class=\" aligncenter size-full wp-image-3410\" src=\"http:\/\/5.45.101.177\/haut-allier\/usagers-transportse\/wp-content\/uploads\/2021\/08\/screenshot-www.autorite-transports.fr-2021.08.31-07_51_58.jpg\" alt=\"screenshot-www.autorite-transports.fr-2021.08.31-07_51_58.jpg\" align=\"center\" width=\"589\" height=\"485\" srcset=\"https:\/\/usagers-transports.haut-allier.eu\/wp-content\/uploads\/2021\/08\/screenshot-www.autorite-transports.fr-2021.08.31-07_51_58.jpg 589w, https:\/\/usagers-transports.haut-allier.eu\/wp-content\/uploads\/2021\/08\/screenshot-www.autorite-transports.fr-2021.08.31-07_51_58-300x247.jpg 300w\" sizes=\"auto, (max-width: 589px) 100vw, 589px\" \/><br \/>\n&nbsp;<br \/>\nOn prend le train \u00e0 5h30 pour arriver \u00e0 Clermont \u00e0 13h26 et apr\u00e8s une attente de plus de 3 heures prendre le train C\u00e9venol \u00e0 16h40.<br \/>\n&nbsp;<br \/>\n<img loading=\"lazy\" decoding=\"async\" class=\" aligncenter size-full wp-image-3411\" src=\"http:\/\/5.45.101.177\/haut-allier\/usagers-transportse\/wp-content\/uploads\/2021\/08\/screenshot-www.oui_.sncf-2021.08.31-07_49_59.jpg\" alt=\"screenshot-www.oui.sncf-2021.08.31-07_49_59.jpg\" align=\"center\" width=\"952\" height=\"79\" srcset=\"https:\/\/usagers-transports.haut-allier.eu\/wp-content\/uploads\/2021\/08\/screenshot-www.oui_.sncf-2021.08.31-07_49_59.jpg 952w, https:\/\/usagers-transports.haut-allier.eu\/wp-content\/uploads\/2021\/08\/screenshot-www.oui_.sncf-2021.08.31-07_49_59-300x25.jpg 300w, https:\/\/usagers-transports.haut-allier.eu\/wp-content\/uploads\/2021\/08\/screenshot-www.oui_.sncf-2021.08.31-07_49_59-768x64.jpg 768w\" sizes=\"auto, (max-width: 952px) 100vw, 952px\" \/><br \/>\n&nbsp;<br \/>\nArriv\u00e9e \u00e0 N\u00eemes \u00e0 22h04.<br \/>\n&nbsp;<br \/>\nComme on le voit le trajet est long et prend plus de 17 heures ! Mais on aime le train lent et la partie N\u00eemes Clermont n&rsquo;est pas la plus d\u00e9sagr\u00e9able. De plus le parcours dessert directement toutes les gares du massif central, c&rsquo;est loin d&rsquo;\u00eatre n\u00e9gligeable. Seul b\u00e9mol le temps d&rsquo;attente \u00e0 Clermont dans le sens nord est &#8211; sud. <\/p>\n","protected":false},"excerpt":{"rendered":"<p>D\u00e8s le 11 d\u00e9cembre 2022 le train C\u00e9venol aura une correspondance directe quotidienne \u00e0 Clermont-Ferrand vers Strasbourg gr\u00e2ce<\/p>\n","protected":false},"author":1,"featured_media":3406,"comment_status":"open","ping_status":"open","sticky":false,"template":"","format":"standard","meta":{"footnotes":""},"categories":[2],"tags":[],"class_list":["post-795","post","type-post","status-publish","format-standard","has-post-thumbnail","hentry","category-infos"],"_links":{"self":[{"href":"https:\/\/usagers-transports.haut-allier.eu\/index.php\/wp-json\/wp\/v2\/posts\/795","targetHints":{"allow":["GET"]}}],"collection":[{"href":"https:\/\/usagers-transports.haut-allier.eu\/index.php\/wp-json\/wp\/v2\/posts"}],"about":[{"href":"https:\/\/usagers-transports.haut-allier.eu\/index.php\/wp-json\/wp\/v2\/types\/post"}],"author":[{"embeddable":true,"href":"https:\/\/usagers-transports.haut-allier.eu\/index.php\/wp-json\/wp\/v2\/users\/1"}],"replies":[{"embeddable":true,"href":"https:\/\/usagers-transports.haut-allier.eu\/index.php\/wp-json\/wp\/v2\/comments?post=795"}],"version-history":[{"count":0,"href":"https:\/\/usagers-transports.haut-allier.eu\/index.php\/wp-json\/wp\/v2\/posts\/795\/revisions"}],"wp:featuredmedia":[{"embeddable":true,"href":"https:\/\/usagers-transports.haut-allier.eu\/index.php\/wp-json\/wp\/v2\/media\/3406"}],"wp:attachment":[{"href":"https:\/\/usagers-transports.haut-allier.eu\/index.php\/wp-json\/wp\/v2\/media?parent=795"}],"wp:term":[{"taxonomy":"category","embeddable":true,"href":"https:\/\/usagers-transports.haut-allier.eu\/index.php\/wp-json\/wp\/v2\/categories?post=795"},{"taxonomy":"post_tag","embeddable":true,"href":"https:\/\/usagers-transports.haut-allier.eu\/index.php\/wp-json\/wp\/v2\/tags?post=795"}],"curies":[{"name":"wp","href":"https:\/\/api.w.org\/{rel}","templated":true}]}}