{"id":796,"date":"2021-09-02T09:17:56","date_gmt":"2021-09-02T07:17:56","guid":{"rendered":"http:\/\/5.45.101.177\/haut-allier\/usagers-transportse\/index.php\/2021\/09\/02\/l-accueil-des-voyageurs-selon-sncf796\/"},"modified":"2021-09-02T09:17:56","modified_gmt":"2021-09-02T07:17:56","slug":"l-accueil-des-voyageurs-selon-sncf796","status":"publish","type":"post","link":"https:\/\/usagers-transports.haut-allier.eu\/index.php\/2021\/09\/02\/l-accueil-des-voyageurs-selon-sncf796\/","title":{"rendered":"L&rsquo;accueil des voyageurs selon SNCF Auvergne Rh\u00f4ne Alpes [MAJ]"},"content":{"rendered":"<p>Malgr\u00e9 notre <a href=\"http:\/\/usagers-transports.haut-allier.eu\/?pas-de-guichets-pas-de,572\"><strong>article de mars 2019<\/strong><\/a> qui signalait le ph\u00e9nom\u00e8ne pour la gare de Villefort (Occitanie), voici l&rsquo;affiche que nous pouvons encore lire \u00e0 la gare de Chapeauroux (Loz\u00e8re), gare limitrophe aux deux r\u00e9gions Occitanie et Auvergne Rh\u00f4ne Alpes g\u00e9r\u00e9e par la direction r\u00e9gionale SNCF TER d&rsquo;AuRA, un document \u00e0 destination des usagers, car ici en Auvergne rien n&rsquo;a boug\u00e9 et il n&rsquo;y a pas eu de r\u00e9action de la r\u00e9gion :<br \/>\n&nbsp;<br \/>\n<img loading=\"lazy\" decoding=\"async\" class=\" aligncenter size-full wp-image-3413\" src=\"http:\/\/5.45.101.177\/haut-allier\/usagers-transportse\/wp-content\/uploads\/2021\/09\/48_chapeauroux_affiche_2021_david.jpg\" alt=\"48_chapeauroux_affiche_2021_david.jpg\" align=\"center\" width=\"600\" height=\"886\" srcset=\"https:\/\/usagers-transports.haut-allier.eu\/wp-content\/uploads\/2021\/09\/48_chapeauroux_affiche_2021_david.jpg 600w, https:\/\/usagers-transports.haut-allier.eu\/wp-content\/uploads\/2021\/09\/48_chapeauroux_affiche_2021_david-203x300.jpg 203w\" sizes=\"auto, (max-width: 600px) 100vw, 600px\" \/><br \/>\n&nbsp;<br \/>\n<strong>Edifiant non ? Sachant qu&rsquo;aucun guichet SNCF n&rsquo;est ouvert \u00e0 plus de 40 km \u00e0 la ronde, sachant qu&rsquo;aucun distributeur de billets n&rsquo;existe \u00e0 plus de 30 km&#8230;<\/strong><br \/>\n&nbsp;<br \/>\nDonc dans tous les cas si vous prenez votre billet au contr\u00f4leur SEUL CHOIX POSSIBLE si vous ne disposez pas d&rsquo;Internet ou d&rsquo;un smartphone connect\u00e9, VOUS PAYEZ PLUS CHER que quelqu&rsquo;un qui aura pris son billet au guichet ! Achat impossible en gare du seul fait de la SNCF qui ferme ses guichets \u00e0 tour de bras !<br \/>\n&nbsp;<br \/>\nCet article est une piq\u00fbre de rappel pour la soci\u00e9t\u00e9 dite ferroviaire \u00e0 la communication bien huil\u00e9e.<br \/>\n&nbsp;<br \/>\n<strong>[Mise \u00e0 jour du 4\/10\/2021]<\/strong><br \/>\n&nbsp;<br \/>\nEt ce n&rsquo;est pas qu&rsquo;en Auvergne Rh\u00f4ne Alpes, nous apprennent le Parisien et Capital : <a href=\"https:\/\/www.capital.fr\/entreprises-marches\/sncf-un-retraite-verbalise-alors-quil-na-pas-pu-acheter-son-billet-1416044\"><em>SNCF &#8211; un retrait\u00e9 verbalis\u00e9 alors qu\u2019il n\u2019a pas pu acheter son billet<\/em><\/a><br \/>\n&nbsp;<br \/>\nL&rsquo;histoire se renouvelle partout en France et votre r\u00e9dacteur lui-m\u00eame en a \u00e9t\u00e9 victime il y a deux ans en PACA. A notre connaissance seule la r\u00e9gion Occitanie a demand\u00e9 \u00e0 la SNCF de ne pas appliquer ce dispositif scandaleux.<br \/>\n&nbsp;<\/p>\n","protected":false},"excerpt":{"rendered":"<p>Malgr\u00e9 notre article de mars 2019 qui signalait le ph\u00e9nom\u00e8ne pour la gare de Villefort (Occitanie), voici l&rsquo;affiche<\/p>\n","protected":false},"author":1,"featured_media":3412,"comment_status":"open","ping_status":"open","sticky":false,"template":"","format":"standard","meta":{"footnotes":""},"categories":[2],"tags":[],"class_list":["post-796","post","type-post","status-publish","format-standard","has-post-thumbnail","hentry","category-infos"],"_links":{"self":[{"href":"https:\/\/usagers-transports.haut-allier.eu\/index.php\/wp-json\/wp\/v2\/posts\/796","targetHints":{"allow":["GET"]}}],"collection":[{"href":"https:\/\/usagers-transports.haut-allier.eu\/index.php\/wp-json\/wp\/v2\/posts"}],"about":[{"href":"https:\/\/usagers-transports.haut-allier.eu\/index.php\/wp-json\/wp\/v2\/types\/post"}],"author":[{"embeddable":true,"href":"https:\/\/usagers-transports.haut-allier.eu\/index.php\/wp-json\/wp\/v2\/users\/1"}],"replies":[{"embeddable":true,"href":"https:\/\/usagers-transports.haut-allier.eu\/index.php\/wp-json\/wp\/v2\/comments?post=796"}],"version-history":[{"count":0,"href":"https:\/\/usagers-transports.haut-allier.eu\/index.php\/wp-json\/wp\/v2\/posts\/796\/revisions"}],"wp:featuredmedia":[{"embeddable":true,"href":"https:\/\/usagers-transports.haut-allier.eu\/index.php\/wp-json\/wp\/v2\/media\/3412"}],"wp:attachment":[{"href":"https:\/\/usagers-transports.haut-allier.eu\/index.php\/wp-json\/wp\/v2\/media?parent=796"}],"wp:term":[{"taxonomy":"category","embeddable":true,"href":"https:\/\/usagers-transports.haut-allier.eu\/index.php\/wp-json\/wp\/v2\/categories?post=796"},{"taxonomy":"post_tag","embeddable":true,"href":"https:\/\/usagers-transports.haut-allier.eu\/index.php\/wp-json\/wp\/v2\/tags?post=796"}],"curies":[{"name":"wp","href":"https:\/\/api.w.org\/{rel}","templated":true}]}}