{"id":797,"date":"2021-09-03T07:20:58","date_gmt":"2021-09-03T05:20:58","guid":{"rendered":"http:\/\/5.45.101.177\/haut-allier\/usagers-transportse\/index.php\/2021\/09\/03\/les-offres-de-train-a-un-euro-de797\/"},"modified":"2021-09-03T07:20:58","modified_gmt":"2021-09-03T05:20:58","slug":"les-offres-de-train-a-un-euro-de797","status":"publish","type":"post","link":"https:\/\/usagers-transports.haut-allier.eu\/index.php\/2021\/09\/03\/les-offres-de-train-a-un-euro-de797\/","title":{"rendered":"Les offres de train \u00e0 un euro de LIO Occitanie se poursuivent en septembre"},"content":{"rendered":"<p>Afin de soutenir le pouvoir d&rsquo;achat des habitants et les professionnels du tourisme dans la relance de leur activit\u00e9, la R\u00e9gion et SNCF ont renouvel\u00e9 les offres de trains liO \u00e0 1\u20ac pour la saison estivale 2021. Pl\u00e9biscit\u00e9es par les usagers, ces offres \u00e9v\u00e9nementielles se poursuivent tous les week-ends du mois de septembre, sur l&rsquo;ensemble des lignes du r\u00e9seau de trains r\u00e9gionaux liO et pour tous les voyageurs.<br \/>\n&nbsp;<br \/>\nCet \u00e9t\u00e9, la R\u00e9gion et SNCF ont propos\u00e9 des billets \u00e0 1\u20ac les week-ends de juin et les mercredis de juillet et ao\u00fbt pour l&rsquo;ensemble des usagers, ainsi que tous les jours du 15 juillet au 15 ao\u00fbt pour les moins de 26 ans. L&rsquo;op\u00e9ration se poursuit donc les week-ends de septembre sur l&rsquo;ensemble des lignes du r\u00e9seau de trains liO et pour tous les publics.<br \/>\n&nbsp;<br \/>\nDepuis le 1er juin 2021, pr\u00e8s de 837 000 billets \u00e0 1 \u20ac ont \u00e9t\u00e9 vendus sur le r\u00e9seau de trains liO, dont 407 000 billets jeunes entre le 15 juillet et le 15 ao\u00fbt. En augmentation de 18% apr\u00e8s un \u00e9t\u00e9 record en 2020, les ventes de billets aux moins de 26 ans confirment l&rsquo;engouement de la jeunesse pour ce dispositif.<br \/>\n&nbsp;<br \/>\nInformations et r\u00e9servations : <a href=\"https:\/\/www.ter.sncf.com\/occitanie\">www.ter.sncf.com\/occitanie<\/a><br \/>\n&nbsp;<br \/>\n<em>(Communiqu\u00e9)<\/em><br \/>\n&nbsp;<br \/>\nDans le Massif central ces offres sont applicables aux trains de la r\u00e9gion Occitanie entre N\u00eemes et Clermont-Ferrand, entre B\u00e9ziers et Neussargues, entre Marvejols et Labastide sur le h loz\u00e9rien.<\/p>\n","protected":false},"excerpt":{"rendered":"<p>Afin de soutenir le pouvoir d&rsquo;achat des habitants et les professionnels du tourisme dans la relance de leur<\/p>\n","protected":false},"author":1,"featured_media":3414,"comment_status":"open","ping_status":"open","sticky":false,"template":"","format":"standard","meta":{"footnotes":""},"categories":[2],"tags":[],"class_list":["post-797","post","type-post","status-publish","format-standard","has-post-thumbnail","hentry","category-infos"],"_links":{"self":[{"href":"https:\/\/usagers-transports.haut-allier.eu\/index.php\/wp-json\/wp\/v2\/posts\/797","targetHints":{"allow":["GET"]}}],"collection":[{"href":"https:\/\/usagers-transports.haut-allier.eu\/index.php\/wp-json\/wp\/v2\/posts"}],"about":[{"href":"https:\/\/usagers-transports.haut-allier.eu\/index.php\/wp-json\/wp\/v2\/types\/post"}],"author":[{"embeddable":true,"href":"https:\/\/usagers-transports.haut-allier.eu\/index.php\/wp-json\/wp\/v2\/users\/1"}],"replies":[{"embeddable":true,"href":"https:\/\/usagers-transports.haut-allier.eu\/index.php\/wp-json\/wp\/v2\/comments?post=797"}],"version-history":[{"count":0,"href":"https:\/\/usagers-transports.haut-allier.eu\/index.php\/wp-json\/wp\/v2\/posts\/797\/revisions"}],"wp:featuredmedia":[{"embeddable":true,"href":"https:\/\/usagers-transports.haut-allier.eu\/index.php\/wp-json\/wp\/v2\/media\/3414"}],"wp:attachment":[{"href":"https:\/\/usagers-transports.haut-allier.eu\/index.php\/wp-json\/wp\/v2\/media?parent=797"}],"wp:term":[{"taxonomy":"category","embeddable":true,"href":"https:\/\/usagers-transports.haut-allier.eu\/index.php\/wp-json\/wp\/v2\/categories?post=797"},{"taxonomy":"post_tag","embeddable":true,"href":"https:\/\/usagers-transports.haut-allier.eu\/index.php\/wp-json\/wp\/v2\/tags?post=797"}],"curies":[{"name":"wp","href":"https:\/\/api.w.org\/{rel}","templated":true}]}}