{"id":798,"date":"2021-09-03T08:29:41","date_gmt":"2021-09-03T06:29:41","guid":{"rendered":"http:\/\/5.45.101.177\/haut-allier\/usagers-transportse\/index.php\/2021\/09\/03\/les-gares-en-auvergne-ca-continue798\/"},"modified":"2021-09-03T08:29:41","modified_gmt":"2021-09-03T06:29:41","slug":"les-gares-en-auvergne-ca-continue798","status":"publish","type":"post","link":"https:\/\/usagers-transports.haut-allier.eu\/index.php\/2021\/09\/03\/les-gares-en-auvergne-ca-continue798\/","title":{"rendered":"Les gares en Auvergne, \u00e7a continue de fermer \u00e0 tout va"},"content":{"rendered":"<p>Ca va tr\u00e8s mal pour le train dans cette r\u00e9gion : SNCF pense que les usagers vont accepter sans broncher ind\u00e9finiment les fermetures de gares et de guichets. En Auvergne en tous cas elle pratique le d\u00e9mant\u00e8lement du service public depuis des d\u00e9cennies. Rares sont d\u00e9sormais les gares o\u00f9 l&rsquo;usager peut acheter encore un billet.<br \/>\n&nbsp;<br \/>\nAlors qu&rsquo;un plan de cession de ces b\u00e2timents aux collectivit\u00e9s locales semble avoir vu le jour, on ne constate aucun empressement du c\u00f4t\u00e9 de l&rsquo;op\u00e9rateur ferroviaire. Voici l&rsquo;\u00e9tat d&rsquo;une gare laiss\u00e9e \u00e0 l&rsquo;abandon \u00e0 Saint-Eloy les Mines dans le Puy de D\u00f4me :<br \/>\n&nbsp;<br \/>\n<img loading=\"lazy\" decoding=\"async\" class=\" aligncenter size-full wp-image-3416\" src=\"http:\/\/5.45.101.177\/haut-allier\/usagers-transportse\/wp-content\/uploads\/2021\/09\/image001.jpg\" alt=\"image001.jpg\" align=\"center\" width=\"742\" height=\"588\" srcset=\"https:\/\/usagers-transports.haut-allier.eu\/wp-content\/uploads\/2021\/09\/image001.jpg 742w, https:\/\/usagers-transports.haut-allier.eu\/wp-content\/uploads\/2021\/09\/image001-300x238.jpg 300w\" sizes=\"auto, (max-width: 742px) 100vw, 742px\" \/><br \/>\n&nbsp;<br \/>\nSitu\u00e9e sur la ligne de Lapeyrouse \u00e0 Volvic, elle \u00e9tait desservie par des trains r\u00e9gionaux et un trafic de marchandises \u00e9tait assur\u00e9. La ligne \u00e9tant ferm\u00e9e depuis fin 2007, tout trafic a cess\u00e9.<br \/>\n&nbsp;<br \/>\n<img loading=\"lazy\" decoding=\"async\" class=\" aligncenter size-full wp-image-3417\" src=\"http:\/\/5.45.101.177\/haut-allier\/usagers-transportse\/wp-content\/uploads\/2021\/09\/screenshot-www.google.fr-2021.09.03-08_21_57.jpg\" alt=\"screenshot-www.google.fr-2021.09.03-08_21_57.jpg\" align=\"center\" width=\"365\" height=\"201\" srcset=\"https:\/\/usagers-transports.haut-allier.eu\/wp-content\/uploads\/2021\/09\/screenshot-www.google.fr-2021.09.03-08_21_57.jpg 365w, https:\/\/usagers-transports.haut-allier.eu\/wp-content\/uploads\/2021\/09\/screenshot-www.google.fr-2021.09.03-08_21_57-300x165.jpg 300w\" sizes=\"auto, (max-width: 365px) 100vw, 365px\" \/><br \/>\n&nbsp;<br \/>\nMais le plan de fermeture des gares poursuit son chemin bon train ! On apprend le projet de fermer celle de Lezoux en 2022, alors qu&rsquo;une entreprise de bois vient de s&rsquo;installer \u00e0 c\u00f4t\u00e9 pour faire du fret, et que les usagers, \u00e9tudiants et travailleurs, n&rsquo;auront plus acc\u00e8s \u00e0 la salle d&rsquo;attente. Plus de proximit\u00e9 ni de renseignements avec les agents.<br \/>\n&nbsp;<br \/>\nIl est aussi pr\u00e9vu de fermer la gare de Pont de Dore le matin en 2023, m\u00eame situation pour les usagers, et une \u00e9tude serait en cours du c\u00f4t\u00e9 de Bo\u00ebn dans la Loire.<br \/>\n&nbsp;<br \/>\nQuid du plan de relance des petites lignes dont on se gausse \u00e0 Paris \u00e0 grands coups de communiqu\u00e9s ?<br \/>\n&nbsp;<\/p>\n","protected":false},"excerpt":{"rendered":"<p>Ca va tr\u00e8s mal pour le train dans cette r\u00e9gion : SNCF pense que les usagers vont accepter<\/p>\n","protected":false},"author":1,"featured_media":3415,"comment_status":"open","ping_status":"open","sticky":false,"template":"","format":"standard","meta":{"footnotes":""},"categories":[2],"tags":[],"class_list":["post-798","post","type-post","status-publish","format-standard","has-post-thumbnail","hentry","category-infos"],"_links":{"self":[{"href":"https:\/\/usagers-transports.haut-allier.eu\/index.php\/wp-json\/wp\/v2\/posts\/798","targetHints":{"allow":["GET"]}}],"collection":[{"href":"https:\/\/usagers-transports.haut-allier.eu\/index.php\/wp-json\/wp\/v2\/posts"}],"about":[{"href":"https:\/\/usagers-transports.haut-allier.eu\/index.php\/wp-json\/wp\/v2\/types\/post"}],"author":[{"embeddable":true,"href":"https:\/\/usagers-transports.haut-allier.eu\/index.php\/wp-json\/wp\/v2\/users\/1"}],"replies":[{"embeddable":true,"href":"https:\/\/usagers-transports.haut-allier.eu\/index.php\/wp-json\/wp\/v2\/comments?post=798"}],"version-history":[{"count":0,"href":"https:\/\/usagers-transports.haut-allier.eu\/index.php\/wp-json\/wp\/v2\/posts\/798\/revisions"}],"wp:featuredmedia":[{"embeddable":true,"href":"https:\/\/usagers-transports.haut-allier.eu\/index.php\/wp-json\/wp\/v2\/media\/3415"}],"wp:attachment":[{"href":"https:\/\/usagers-transports.haut-allier.eu\/index.php\/wp-json\/wp\/v2\/media?parent=798"}],"wp:term":[{"taxonomy":"category","embeddable":true,"href":"https:\/\/usagers-transports.haut-allier.eu\/index.php\/wp-json\/wp\/v2\/categories?post=798"},{"taxonomy":"post_tag","embeddable":true,"href":"https:\/\/usagers-transports.haut-allier.eu\/index.php\/wp-json\/wp\/v2\/tags?post=798"}],"curies":[{"name":"wp","href":"https:\/\/api.w.org\/{rel}","templated":true}]}}