{"id":799,"date":"2021-09-21T10:13:58","date_gmt":"2021-09-21T08:13:58","guid":{"rendered":"http:\/\/5.45.101.177\/haut-allier\/usagers-transportse\/index.php\/2021\/09\/21\/sncf-plus-aucunes-pannes799\/"},"modified":"2021-09-21T10:13:58","modified_gmt":"2021-09-21T08:13:58","slug":"sncf-plus-aucunes-pannes799","status":"publish","type":"post","link":"https:\/\/usagers-transports.haut-allier.eu\/index.php\/2021\/09\/21\/sncf-plus-aucunes-pannes799\/","title":{"rendered":"SNCF : plus aucunes pannes techniques en 2030 !"},"content":{"rendered":"<p>Jean-Pierre Faradou a accord\u00e9 une longue entrevue au magazine L&rsquo;Expansion dans lequel il affirme que tout le r\u00e9seau classique sera r\u00e9g\u00e9n\u00e9r\u00e9 en 2030 et que les pannes techniques ne seront qu&rsquo;un souvenir lointain.<br \/>\n&nbsp;<br \/>\nComme on aimerait y croire ! Le nouveau PDG n&rsquo;est pas adepte des d\u00e9clarations de circonstance et des r\u00e9actions sur le chaud coutumi\u00e8res \u00e0 l&rsquo;ex pr\u00e9sident P\u00e9py, promesses \u00e0 chaud qui se sont \u00e0 80% r\u00e9v\u00e9l\u00e9es \u00eatre mensong\u00e8res dans les faits. Mais non la p\u00e9riode \u00ab\u00a0com\u00a0\u00bb de la SNCF semble r\u00e9volue et on aimerait croire aux objectifs de Farandou.<br \/>\n&nbsp;<br \/>\nVoici l&rsquo;article dans sa version web : <a href=\"https:\/\/lexpansion.lexpress.fr\/actualite-economique\/jean-pierre-farandou-en-2030-il-n-y-aura-plus-de-panne-technique-a-la-sncf_2158130.html\"><em>Jean-Pierre Farandou &#8211; \u00ab\u00a0Je suis un peu pein\u00e9 par le &lsquo;SNCF bashing'\u00a0\u00bb<\/em><\/a><br \/>\n&nbsp;<br \/>\nLe pr\u00e9sident de la SNCF veut replacer le ferroviaire au centre de l&rsquo;entreprise. Il \u00e9tait temps apr\u00e8s les divagations de l&rsquo;\u00e9pique p\u00e9pesque vers le bus et autres joyeuset\u00e9s incongrues.<br \/>\n&nbsp;<br \/>\nOui le r\u00e9seau ferroviaire doit \u00eatre la cheville de la mobilit\u00e9 dans ce pays, oui tous les autres moyens de d\u00e9placement doivent s&rsquo;harmoniser avec et compl\u00e9ter l&rsquo;offre en train.<br \/>\n&nbsp;<br \/>\nOui nous adh\u00e9rons bien s\u00fbr \u00e0 cette volont\u00e9 de renaissance. Mais nous trouvons tout \u00e7a extr\u00eamement timide alors que le changement climatique est l\u00e0, alors que la gabegie \u00e9nerg\u00e9tique des transports par avions continue de plus belle. La crise \u00e9pid\u00e9mique ayant un court laps de temps fait croire que les humains reviendraient aux solutions de mobilit\u00e9 plus douces.<br \/>\n&nbsp;<br \/>\nMais nous continuerons \u00e0 r\u00e9clamer fortement pour le Massif central en tous cas :<br \/>\n&nbsp;<br \/>\n&#8211; <strong>Le retour d&rsquo;un r\u00e9seau ferr\u00e9 auvergnat performant<\/strong> reliant le centre de la France rapidement aux r\u00e9gions voisines et aux capitales r\u00e9gionales et europ\u00e9ennes, et ce simplement par la r\u00e9ouverture des tr\u00e8s nombreux tron\u00e7ons ferm\u00e9s, la remise \u00e0 niveau et la modernisation et informatisation du r\u00e9seau, souvent \u00e0 voie unique.<br \/>\n&#8211; <strong>Le retour des trains de nuit dans le Massif central <\/strong> vers le nord du pays voire l&rsquo;Europe en liaison \u00e9troite avec le collectif Oui Au Train de Nuit. Ceux-ci permettant de s&rsquo;affranchir des TGV de jour dont l&rsquo;apparition dans notre r\u00e9gion de moyenne montagne semble remise aux ann\u00e9es 2500.<br \/>\n&#8211; <strong>L&rsquo;\u00e9tablissement d&rsquo;une offre de trains performante<\/strong> avec le r\u00e9am\u00e9nagement des horaires dans l&rsquo;objectif du train quotidien, disponible pour toute la population.<br \/>\n&#8211; <strong>Le retour d&rsquo;une r\u00e9gularit\u00e9 sans faille<\/strong> avec l&rsquo;arr\u00eat des suppressions de derni\u00e8re minute, la cr\u00e9ation de centres techniques et de maintenance proches de chaque zone de montagne soumises aux al\u00e9as climatiques.<br \/>\n&#8211; <strong>La r\u00e9ouverture des gares abandonn\u00e9es<\/strong> ou ferm\u00e9es et leur transformation en centre de vie et de services aux voyageurs.<br \/>\n&#8211; <strong>L&rsquo;am\u00e9nagement des gares et des trains pour le transport des v\u00e9los<\/strong> et autres nouvelles machines de d\u00e9placement doux.<br \/>\n&#8211; <strong>L&rsquo;\u00e9tablissement d&rsquo;un contrat entre les transporteurs et les usagers<\/strong> garantissant un service optimum comportant des d\u00e9dommagements dignes en cas de dysfonctionnements.<br \/>\n&nbsp;<br \/>\nBon en cadeau et exceptionnellement l&rsquo;article papier.<br \/>\n&nbsp;<br \/>\n<img loading=\"lazy\" decoding=\"async\" class=\" aligncenter size-full wp-image-3419\" src=\"http:\/\/5.45.101.177\/haut-allier\/usagers-transportse\/wp-content\/uploads\/2021\/09\/article-2021-09-16-07-07-321179.jpg\" alt=\"article-2021-09-16-07-07-321179.jpg\" align=\"center\" width=\"679\" height=\"830\" srcset=\"https:\/\/usagers-transports.haut-allier.eu\/wp-content\/uploads\/2021\/09\/article-2021-09-16-07-07-321179.jpg 679w, https:\/\/usagers-transports.haut-allier.eu\/wp-content\/uploads\/2021\/09\/article-2021-09-16-07-07-321179-245x300.jpg 245w\" sizes=\"auto, (max-width: 679px) 100vw, 679px\" \/><br \/>\n&nbsp;<br \/>\n<img loading=\"lazy\" decoding=\"async\" class=\" aligncenter size-full wp-image-3420\" src=\"http:\/\/5.45.101.177\/haut-allier\/usagers-transportse\/wp-content\/uploads\/2021\/09\/article-2021-09-16-07-07-326243.jpg\" alt=\"article-2021-09-16-07-07-326243.jpg\" align=\"center\" width=\"689\" height=\"817\" srcset=\"https:\/\/usagers-transports.haut-allier.eu\/wp-content\/uploads\/2021\/09\/article-2021-09-16-07-07-326243.jpg 689w, https:\/\/usagers-transports.haut-allier.eu\/wp-content\/uploads\/2021\/09\/article-2021-09-16-07-07-326243-253x300.jpg 253w\" sizes=\"auto, (max-width: 689px) 100vw, 689px\" \/><br \/>\n&nbsp;<br \/>\n<img loading=\"lazy\" decoding=\"async\" class=\" aligncenter size-full wp-image-3421\" src=\"http:\/\/5.45.101.177\/haut-allier\/usagers-transportse\/wp-content\/uploads\/2021\/09\/article-2021-09-16-07-07-327147.jpg\" alt=\"article-2021-09-16-07-07-327147.jpg\" align=\"center\" width=\"701\" height=\"493\" srcset=\"https:\/\/usagers-transports.haut-allier.eu\/wp-content\/uploads\/2021\/09\/article-2021-09-16-07-07-327147.jpg 701w, https:\/\/usagers-transports.haut-allier.eu\/wp-content\/uploads\/2021\/09\/article-2021-09-16-07-07-327147-300x211.jpg 300w\" sizes=\"auto, (max-width: 701px) 100vw, 701px\" \/><br \/>\n&nbsp;<\/p>\n","protected":false},"excerpt":{"rendered":"<p>Jean-Pierre Faradou a accord\u00e9 une longue entrevue au magazine L&rsquo;Expansion dans lequel il affirme que tout le r\u00e9seau<\/p>\n","protected":false},"author":1,"featured_media":3418,"comment_status":"open","ping_status":"open","sticky":false,"template":"","format":"standard","meta":{"footnotes":""},"categories":[2],"tags":[],"class_list":["post-799","post","type-post","status-publish","format-standard","has-post-thumbnail","hentry","category-infos"],"_links":{"self":[{"href":"https:\/\/usagers-transports.haut-allier.eu\/index.php\/wp-json\/wp\/v2\/posts\/799","targetHints":{"allow":["GET"]}}],"collection":[{"href":"https:\/\/usagers-transports.haut-allier.eu\/index.php\/wp-json\/wp\/v2\/posts"}],"about":[{"href":"https:\/\/usagers-transports.haut-allier.eu\/index.php\/wp-json\/wp\/v2\/types\/post"}],"author":[{"embeddable":true,"href":"https:\/\/usagers-transports.haut-allier.eu\/index.php\/wp-json\/wp\/v2\/users\/1"}],"replies":[{"embeddable":true,"href":"https:\/\/usagers-transports.haut-allier.eu\/index.php\/wp-json\/wp\/v2\/comments?post=799"}],"version-history":[{"count":0,"href":"https:\/\/usagers-transports.haut-allier.eu\/index.php\/wp-json\/wp\/v2\/posts\/799\/revisions"}],"wp:featuredmedia":[{"embeddable":true,"href":"https:\/\/usagers-transports.haut-allier.eu\/index.php\/wp-json\/wp\/v2\/media\/3418"}],"wp:attachment":[{"href":"https:\/\/usagers-transports.haut-allier.eu\/index.php\/wp-json\/wp\/v2\/media?parent=799"}],"wp:term":[{"taxonomy":"category","embeddable":true,"href":"https:\/\/usagers-transports.haut-allier.eu\/index.php\/wp-json\/wp\/v2\/categories?post=799"},{"taxonomy":"post_tag","embeddable":true,"href":"https:\/\/usagers-transports.haut-allier.eu\/index.php\/wp-json\/wp\/v2\/tags?post=799"}],"curies":[{"name":"wp","href":"https:\/\/api.w.org\/{rel}","templated":true}]}}