{"id":8,"date":"2012-11-23T07:50:36","date_gmt":"2012-11-23T06:50:36","guid":{"rendered":"http:\/\/5.45.101.177\/haut-allier\/usagers-transportse\/index.php\/2012\/11\/23\/demantelement-du-cevenol008\/"},"modified":"2012-11-23T07:50:36","modified_gmt":"2012-11-23T06:50:36","slug":"demantelement-du-cevenol008","status":"publish","type":"post","link":"https:\/\/usagers-transports.haut-allier.eu\/index.php\/2012\/11\/23\/demantelement-du-cevenol008\/","title":{"rendered":"D\u00e9mant\u00e8lement du C\u00e9venol : d\u00e9claration de Guillaume P\u00e9py \u00e0 l&rsquo;assembl\u00e9e nationale [MAJ]"},"content":{"rendered":"<p>Le pr\u00e9sident de la SNCF vient de r\u00e9pondre aux questions des d\u00e9put\u00e9s mardi 20 novembre dernier lors d&rsquo;une audition \u00e0 l&rsquo;assembl\u00e9e nationale. O\u00f9 on sera heureux d&rsquo;apprendre que l&rsquo;entreprise de transports ferroviaires a une croissance de 40% ! <br \/>C&rsquo;est pour cel\u00e0 qu&rsquo;il laisse tra\u00eener les lignes secondaires malgr\u00e8 son charabia : il assure pourtant \u00e0 ses ouailles que le C\u00e9venol reprendra sa desserte jusqu&rsquo;\u00e0 Marseille le 4 avril 2013 ce qu&rsquo;il n&rsquo;a pu faire avant \u00e0 cause de travaux entre Arles et N\u00eemes. <br \/>Mais bien (&hellip;)<\/p>\n","protected":false},"excerpt":{"rendered":"<p>Le pr\u00e9sident de la SNCF vient de r\u00e9pondre aux questions des d\u00e9put\u00e9s mardi 20 novembre dernier lors d&rsquo;une<\/p>\n","protected":false},"author":1,"featured_media":0,"comment_status":"closed","ping_status":"open","sticky":false,"template":"","format":"standard","meta":{"footnotes":""},"categories":[2],"tags":[],"class_list":["post-8","post","type-post","status-publish","format-standard","hentry","category-infos"],"_links":{"self":[{"href":"https:\/\/usagers-transports.haut-allier.eu\/index.php\/wp-json\/wp\/v2\/posts\/8","targetHints":{"allow":["GET"]}}],"collection":[{"href":"https:\/\/usagers-transports.haut-allier.eu\/index.php\/wp-json\/wp\/v2\/posts"}],"about":[{"href":"https:\/\/usagers-transports.haut-allier.eu\/index.php\/wp-json\/wp\/v2\/types\/post"}],"author":[{"embeddable":true,"href":"https:\/\/usagers-transports.haut-allier.eu\/index.php\/wp-json\/wp\/v2\/users\/1"}],"replies":[{"embeddable":true,"href":"https:\/\/usagers-transports.haut-allier.eu\/index.php\/wp-json\/wp\/v2\/comments?post=8"}],"version-history":[{"count":0,"href":"https:\/\/usagers-transports.haut-allier.eu\/index.php\/wp-json\/wp\/v2\/posts\/8\/revisions"}],"wp:attachment":[{"href":"https:\/\/usagers-transports.haut-allier.eu\/index.php\/wp-json\/wp\/v2\/media?parent=8"}],"wp:term":[{"taxonomy":"category","embeddable":true,"href":"https:\/\/usagers-transports.haut-allier.eu\/index.php\/wp-json\/wp\/v2\/categories?post=8"},{"taxonomy":"post_tag","embeddable":true,"href":"https:\/\/usagers-transports.haut-allier.eu\/index.php\/wp-json\/wp\/v2\/tags?post=8"}],"curies":[{"name":"wp","href":"https:\/\/api.w.org\/{rel}","templated":true}]}}