{"id":80,"date":"2013-10-08T17:44:11","date_gmt":"2013-10-08T15:44:11","guid":{"rendered":"http:\/\/5.45.101.177\/haut-allier\/usagers-transportse\/index.php\/2013\/10\/08\/petition-dysfonct-ligne-du-cevenol080\/"},"modified":"2026-09-01T15:53:14","modified_gmt":"2026-09-01T13:53:14","slug":"petition-dysfonct-ligne-du-cevenol080","status":"publish","type":"post","link":"https:\/\/usagers-transports.haut-allier.eu\/index.php\/2013\/10\/08\/petition-dysfonct-ligne-du-cevenol080\/","title":{"rendered":"P\u00e9tition dysfonct. ligne du C\u00e9venol : la r\u00e9ponse oblig\u00e9e du Languedoc Roussillon"},"content":{"rendered":"R\u00e9ponse arriv\u00e9e ce jour aux points soulev\u00e9s par notre <a href=\"http:\/\/usagers-transports.haut-allier.eu\/spip.php?article58\">p\u00e9tition<\/a> cette fois de la direction des transports et communications du conseil r\u00e9gional du Languedoc Roussillon. Les documents sont affich\u00e9s ci dessous, courrier bateau du ministre des transports sur le C\u00e9venol y compris.\n&nbsp;\nSur les trois premiers points soulev\u00e9s, les retards des trains TER et du C\u00e9venol pour la correspondance \u00e0 Clermont vers Paris, l&rsquo;affichage informatif en temps r\u00e9el dans les gares et les coupures totales du service tous les ans pendant plusieurs mois, la lettre est cinglante : c&rsquo;est pas nous, c&rsquo;est l&rsquo;Etat. Sauf que nous parlions aussi des trains TER et l\u00e0 <strong>c&rsquo;est pas l&rsquo;Etat c&rsquo;est les r\u00e9gions via la SNCF<\/strong>. Donc le LR ne se sent pas concern\u00e9. Dont acte. Quand on sait que toutes les liaisons par TER Clermont &#8211; N\u00eemes sont enti\u00e8rement support\u00e9es et financ\u00e9es par la r\u00e9gion Auvergne, on saisit mieux. Il y a eu lettre au ministre concernant le C\u00e9venol, avec la r\u00e9ponse standart connue de tout le monde maintenant. Ok.\n&nbsp;\n<strong>Sur la cr\u00e9ation d&rsquo;un train t\u00f4t le matin<\/strong> pour les trajets domicile &#8211; travail entre, par exemple Labastide ou Genolhac et Saint-Georges d&rsquo;Aurac ou Brioude, l\u00e0 encore on botte en touche : <em>\u00ab\u00a0Dans le contexte actuel il n&rsquo;est pas envisageable que la r\u00e9gion LR se substitue \u00e0 l&rsquo;\u00e9tat et assume \u00e0 sa place une comp\u00e9tence et une charge nouvelle qui n&rsquo;est pas la sienne sans moyens ad\u00e9quats\u00a0\u00bb<\/em>. Joliment envoy\u00e9 ! Sauf que c&rsquo;est bien de la comp\u00e9tence et \u00e0 la charge des deux r\u00e9gions mitoyennes Auvergne et Languedoc Roussillon et pas de l&rsquo;Etat puisqu&rsquo;encore une fois les TER Clermont N\u00eemes sont seulement financ\u00e9s par la r\u00e9gion Auvergne alors qu&rsquo;ils devraient l&rsquo;\u00eatre par les deux territoires. D&rsquo;ailleurs c&rsquo;est dr\u00f4le les TER Languedoc Roussillon qui arrivent jusqu&rsquo;\u00e0 Marseille, \u00e0 cheval sur deux r\u00e9gions, sont \u00e0 la charge de qui ? De l&rsquo;Etat ? \n&nbsp;\nD&rsquo;accord par contre sur la raison des co\u00fbts croissants factur\u00e9s par la SNCF aux r\u00e9gions concernant l&rsquo;exploitation de leurs TER. Ici m\u00eame r\u00e9ponse que <a href=\"http:\/\/usagers-transports.haut-allier.eu\/spip.php?article76\">celle<\/a> de la r\u00e9gion Auvergne.\n&nbsp;\n<strong>Donc d&rsquo;un c\u00f4t\u00e9 l&rsquo;Auvergne qui <a href=\"http:\/\/usagers-transports.haut-allier.eu\/spip.php?article76\">demande des explications<\/a> \u00e0 la SNCF, de l&rsquo;autre le LR qui ne se sent que peu ou pas impliqu\u00e9. On en tirera la conclusion que l&rsquo;on voudra mais on avait un peu d\u00e9j\u00e0 flair\u00e9 l&rsquo;absence d&rsquo;int\u00e9r\u00eat de la derni\u00e8re pour ses lignes TER. N&rsquo;a-t-elle pas mis en place l&rsquo;excuse supr\u00eame, le train \u00e0 un euro, la plupart du temps remplac\u00e9 par des autocars ? Les contournements et autres lignes TGV les motiveraient-ils beaucoup plus ? <\/strong>\n&nbsp;\n<strong>Les habitants des zones hors m\u00e9gapolettes appr\u00e9cieront. Mais il est s\u00fbr que dans la course \u00e0 la plus grosse ces derniers ne font pas le poids. Ils ne demandent pourtant simplement que le respect de l&rsquo;existant.<\/strong>\n\n<img loading=\"lazy\" decoding=\"async\" class=\" aligncenter size-full wp-image-1488\" src=\"http:\/\/5.45.101.177\/haut-allier\/usagers-transportse\/wp-content\/uploads\/2013\/10\/lettre-lr-collectif-08oct2013-a.jpg\" alt=\"lettre-lr-collectif-08oct2013-a.jpg\" align=\"center\" width=\"800\" height=\"1131\" srcset=\"https:\/\/usagers-transports.haut-allier.eu\/wp-content\/uploads\/2013\/10\/lettre-lr-collectif-08oct2013-a.jpg 800w, https:\/\/usagers-transports.haut-allier.eu\/wp-content\/uploads\/2013\/10\/lettre-lr-collectif-08oct2013-a-212x300.jpg 212w, https:\/\/usagers-transports.haut-allier.eu\/wp-content\/uploads\/2013\/10\/lettre-lr-collectif-08oct2013-a-724x1024.jpg 724w, https:\/\/usagers-transports.haut-allier.eu\/wp-content\/uploads\/2013\/10\/lettre-lr-collectif-08oct2013-a-768x1086.jpg 768w\" sizes=\"auto, (max-width: 800px) 100vw, 800px\" \/>\n<img loading=\"lazy\" decoding=\"async\" class=\" aligncenter size-full wp-image-1489\" src=\"http:\/\/5.45.101.177\/haut-allier\/usagers-transportse\/wp-content\/uploads\/2013\/10\/lettre-lr-collectif-08oct2013-b.jpg\" alt=\"lettre-lr-collectif-08oct2013-b.jpg\" align=\"center\" width=\"800\" height=\"1131\" srcset=\"https:\/\/usagers-transports.haut-allier.eu\/wp-content\/uploads\/2013\/10\/lettre-lr-collectif-08oct2013-b.jpg 800w, https:\/\/usagers-transports.haut-allier.eu\/wp-content\/uploads\/2013\/10\/lettre-lr-collectif-08oct2013-b-212x300.jpg 212w, https:\/\/usagers-transports.haut-allier.eu\/wp-content\/uploads\/2013\/10\/lettre-lr-collectif-08oct2013-b-724x1024.jpg 724w, https:\/\/usagers-transports.haut-allier.eu\/wp-content\/uploads\/2013\/10\/lettre-lr-collectif-08oct2013-b-768x1086.jpg 768w\" sizes=\"auto, (max-width: 800px) 100vw, 800px\" \/>\n<img loading=\"lazy\" decoding=\"async\" class=\" aligncenter size-full wp-image-1490\" src=\"http:\/\/5.45.101.177\/haut-allier\/usagers-transportse\/wp-content\/uploads\/2013\/10\/lettre-lr-collectif-08oct2013-c.jpg\" alt=\"lettre-lr-collectif-08oct2013-c.jpg\" align=\"center\" width=\"793\" height=\"1122\" srcset=\"https:\/\/usagers-transports.haut-allier.eu\/wp-content\/uploads\/2013\/10\/lettre-lr-collectif-08oct2013-c.jpg 793w, https:\/\/usagers-transports.haut-allier.eu\/wp-content\/uploads\/2013\/10\/lettre-lr-collectif-08oct2013-c-212x300.jpg 212w, https:\/\/usagers-transports.haut-allier.eu\/wp-content\/uploads\/2013\/10\/lettre-lr-collectif-08oct2013-c-724x1024.jpg 724w, https:\/\/usagers-transports.haut-allier.eu\/wp-content\/uploads\/2013\/10\/lettre-lr-collectif-08oct2013-c-768x1087.jpg 768w\" sizes=\"auto, (max-width: 793px) 100vw, 793px\" \/>\n<img loading=\"lazy\" decoding=\"async\" class=\" aligncenter size-full wp-image-1491\" src=\"http:\/\/5.45.101.177\/haut-allier\/usagers-transportse\/wp-content\/uploads\/2013\/10\/lettre-lr-collectif-08oct2013-d.jpg\" alt=\"lettre-lr-collectif-08oct2013-d.jpg\" align=\"center\" width=\"800\" height=\"1132\" srcset=\"https:\/\/usagers-transports.haut-allier.eu\/wp-content\/uploads\/2013\/10\/lettre-lr-collectif-08oct2013-d.jpg 800w, https:\/\/usagers-transports.haut-allier.eu\/wp-content\/uploads\/2013\/10\/lettre-lr-collectif-08oct2013-d-212x300.jpg 212w, https:\/\/usagers-transports.haut-allier.eu\/wp-content\/uploads\/2013\/10\/lettre-lr-collectif-08oct2013-d-724x1024.jpg 724w, https:\/\/usagers-transports.haut-allier.eu\/wp-content\/uploads\/2013\/10\/lettre-lr-collectif-08oct2013-d-768x1087.jpg 768w\" sizes=\"auto, (max-width: 800px) 100vw, 800px\" \/><p>&nbsp;<\/p>\n\n\t<figure class=\"wp-block-gallery columns-3 is-cropped wp-block-gallery-1 is-layout-flex wp-block-gallery-is-layout-flex\">\n\t\t<ul class=\"blocks-gallery-grid\">\n\t\t\t<li class=\"blocks-gallery-item\">\n\t\t\t\t<figure>\n\t\t\t\t\t\t\t\t\t\t\t<img loading=\"lazy\" decoding=\"async\" width=\"800\" height=\"1131\" src=\"http:\/\/5.45.101.177\/haut-allier\/usagers-transportse\/wp-content\/uploads\/2013\/10\/lettre-lr-collectif-08oct2013-a-2.jpg\"\n\t\t\t\t\t\t alt=\"lettre-lr-collectif-08oct2013-a-2.jpg\"\n\t\t\t\t\t\t data-id=\"1492\"\n\t\t\t\t\t\t data-full-url=\"http:\/\/5.45.101.177\/haut-allier\/usagers-transportse\/wp-content\/uploads\/2013\/10\/lettre-lr-collectif-08oct2013-a-2.jpg\"\n\t\t\t\t\t\t data-link=\"http:\/\/5.45.101.177\/haut-allier\/usagers-transportse\/attachment-lettre-lr-collectif-08oct2013-a-2-jpg\/\"\n\t\t\t\t\t\t class=\"wp-image-1492\" srcset=\"https:\/\/usagers-transports.haut-allier.eu\/wp-content\/uploads\/2013\/10\/lettre-lr-collectif-08oct2013-a-2.jpg 800w, https:\/\/usagers-transports.haut-allier.eu\/wp-content\/uploads\/2013\/10\/lettre-lr-collectif-08oct2013-a-2-212x300.jpg 212w, https:\/\/usagers-transports.haut-allier.eu\/wp-content\/uploads\/2013\/10\/lettre-lr-collectif-08oct2013-a-2-724x1024.jpg 724w, https:\/\/usagers-transports.haut-allier.eu\/wp-content\/uploads\/2013\/10\/lettre-lr-collectif-08oct2013-a-2-768x1086.jpg 768w\" sizes=\"auto, (max-width: 800px) 100vw, 800px\" \/>\n\t\t\t\t<\/figure>\n\t\t\t<\/li>\n\t\t\t<li class=\"blocks-gallery-item\">\n\t\t\t\t<figure>\n\t\t\t\t\t\t\t\t\t\t\t<img loading=\"lazy\" decoding=\"async\" width=\"800\" height=\"1131\" src=\"http:\/\/5.45.101.177\/haut-allier\/usagers-transportse\/wp-content\/uploads\/2013\/10\/lettre-lr-collectif-08oct2013-b-2.jpg\"\n\t\t\t\t\t\t alt=\"lettre-lr-collectif-08oct2013-b-2.jpg\"\n\t\t\t\t\t\t data-id=\"1493\"\n\t\t\t\t\t\t data-full-url=\"http:\/\/5.45.101.177\/haut-allier\/usagers-transportse\/wp-content\/uploads\/2013\/10\/lettre-lr-collectif-08oct2013-b-2.jpg\"\n\t\t\t\t\t\t data-link=\"http:\/\/5.45.101.177\/haut-allier\/usagers-transportse\/attachment-lettre-lr-collectif-08oct2013-b-2-jpg\/\"\n\t\t\t\t\t\t class=\"wp-image-1493\" srcset=\"https:\/\/usagers-transports.haut-allier.eu\/wp-content\/uploads\/2013\/10\/lettre-lr-collectif-08oct2013-b-2.jpg 800w, https:\/\/usagers-transports.haut-allier.eu\/wp-content\/uploads\/2013\/10\/lettre-lr-collectif-08oct2013-b-2-212x300.jpg 212w, https:\/\/usagers-transports.haut-allier.eu\/wp-content\/uploads\/2013\/10\/lettre-lr-collectif-08oct2013-b-2-724x1024.jpg 724w, https:\/\/usagers-transports.haut-allier.eu\/wp-content\/uploads\/2013\/10\/lettre-lr-collectif-08oct2013-b-2-768x1086.jpg 768w\" sizes=\"auto, (max-width: 800px) 100vw, 800px\" \/>\n\t\t\t\t<\/figure>\n\t\t\t<\/li>\n\t\t\t<li class=\"blocks-gallery-item\">\n\t\t\t\t<figure>\n\t\t\t\t\t\t\t\t\t\t\t<img loading=\"lazy\" decoding=\"async\" width=\"793\" height=\"1122\" src=\"http:\/\/5.45.101.177\/haut-allier\/usagers-transportse\/wp-content\/uploads\/2013\/10\/lettre-lr-collectif-08oct2013-c-2.jpg\"\n\t\t\t\t\t\t alt=\"lettre-lr-collectif-08oct2013-c-2.jpg\"\n\t\t\t\t\t\t data-id=\"1494\"\n\t\t\t\t\t\t data-full-url=\"http:\/\/5.45.101.177\/haut-allier\/usagers-transportse\/wp-content\/uploads\/2013\/10\/lettre-lr-collectif-08oct2013-c-2.jpg\"\n\t\t\t\t\t\t data-link=\"http:\/\/5.45.101.177\/haut-allier\/usagers-transportse\/attachment-lettre-lr-collectif-08oct2013-c-2-jpg\/\"\n\t\t\t\t\t\t class=\"wp-image-1494\" srcset=\"https:\/\/usagers-transports.haut-allier.eu\/wp-content\/uploads\/2013\/10\/lettre-lr-collectif-08oct2013-c-2.jpg 793w, https:\/\/usagers-transports.haut-allier.eu\/wp-content\/uploads\/2013\/10\/lettre-lr-collectif-08oct2013-c-2-212x300.jpg 212w, https:\/\/usagers-transports.haut-allier.eu\/wp-content\/uploads\/2013\/10\/lettre-lr-collectif-08oct2013-c-2-724x1024.jpg 724w, https:\/\/usagers-transports.haut-allier.eu\/wp-content\/uploads\/2013\/10\/lettre-lr-collectif-08oct2013-c-2-768x1087.jpg 768w\" sizes=\"auto, (max-width: 793px) 100vw, 793px\" \/>\n\t\t\t\t<\/figure>\n\t\t\t<\/li>\n\t\t\t<li class=\"blocks-gallery-item\">\n\t\t\t\t<figure>\n\t\t\t\t\t\t\t\t\t\t\t<img loading=\"lazy\" decoding=\"async\" width=\"800\" height=\"1132\" src=\"http:\/\/5.45.101.177\/haut-allier\/usagers-transportse\/wp-content\/uploads\/2013\/10\/lettre-lr-collectif-08oct2013-d-2.jpg\"\n\t\t\t\t\t\t alt=\"lettre-lr-collectif-08oct2013-d-2.jpg\"\n\t\t\t\t\t\t data-id=\"1495\"\n\t\t\t\t\t\t data-full-url=\"http:\/\/5.45.101.177\/haut-allier\/usagers-transportse\/wp-content\/uploads\/2013\/10\/lettre-lr-collectif-08oct2013-d-2.jpg\"\n\t\t\t\t\t\t data-link=\"http:\/\/5.45.101.177\/haut-allier\/usagers-transportse\/attachment-lettre-lr-collectif-08oct2013-d-2-jpg\/\"\n\t\t\t\t\t\t class=\"wp-image-1495\" srcset=\"https:\/\/usagers-transports.haut-allier.eu\/wp-content\/uploads\/2013\/10\/lettre-lr-collectif-08oct2013-d-2.jpg 800w, https:\/\/usagers-transports.haut-allier.eu\/wp-content\/uploads\/2013\/10\/lettre-lr-collectif-08oct2013-d-2-212x300.jpg 212w, https:\/\/usagers-transports.haut-allier.eu\/wp-content\/uploads\/2013\/10\/lettre-lr-collectif-08oct2013-d-2-724x1024.jpg 724w, https:\/\/usagers-transports.haut-allier.eu\/wp-content\/uploads\/2013\/10\/lettre-lr-collectif-08oct2013-d-2-768x1087.jpg 768w\" sizes=\"auto, (max-width: 800px) 100vw, 800px\" \/>\n\t\t\t\t<\/figure>\n\t\t\t<\/li>\n\t\t<\/ul>\n\t<\/figure>\n","protected":false},"excerpt":{"rendered":"<p>R\u00e9ponse arriv\u00e9e ce jour aux points soulev\u00e9s par notre p\u00e9tition cette fois de la direction des transports et<\/p>\n","protected":false},"author":1,"featured_media":1487,"comment_status":"closed","ping_status":"open","sticky":false,"template":"","format":"standard","meta":{"footnotes":""},"categories":[2],"tags":[],"class_list":["post-80","post","type-post","status-publish","format-standard","has-post-thumbnail","hentry","category-infos"],"_links":{"self":[{"href":"https:\/\/usagers-transports.haut-allier.eu\/index.php\/wp-json\/wp\/v2\/posts\/80","targetHints":{"allow":["GET"]}}],"collection":[{"href":"https:\/\/usagers-transports.haut-allier.eu\/index.php\/wp-json\/wp\/v2\/posts"}],"about":[{"href":"https:\/\/usagers-transports.haut-allier.eu\/index.php\/wp-json\/wp\/v2\/types\/post"}],"author":[{"embeddable":true,"href":"https:\/\/usagers-transports.haut-allier.eu\/index.php\/wp-json\/wp\/v2\/users\/1"}],"replies":[{"embeddable":true,"href":"https:\/\/usagers-transports.haut-allier.eu\/index.php\/wp-json\/wp\/v2\/comments?post=80"}],"version-history":[{"count":1,"href":"https:\/\/usagers-transports.haut-allier.eu\/index.php\/wp-json\/wp\/v2\/posts\/80\/revisions"}],"predecessor-version":[{"id":1496,"href":"https:\/\/usagers-transports.haut-allier.eu\/index.php\/wp-json\/wp\/v2\/posts\/80\/revisions\/1496"}],"wp:featuredmedia":[{"embeddable":true,"href":"https:\/\/usagers-transports.haut-allier.eu\/index.php\/wp-json\/wp\/v2\/media\/1487"}],"wp:attachment":[{"href":"https:\/\/usagers-transports.haut-allier.eu\/index.php\/wp-json\/wp\/v2\/media?parent=80"}],"wp:term":[{"taxonomy":"category","embeddable":true,"href":"https:\/\/usagers-transports.haut-allier.eu\/index.php\/wp-json\/wp\/v2\/categories?post=80"},{"taxonomy":"post_tag","embeddable":true,"href":"https:\/\/usagers-transports.haut-allier.eu\/index.php\/wp-json\/wp\/v2\/tags?post=80"}],"curies":[{"name":"wp","href":"https:\/\/api.w.org\/{rel}","templated":true}]}}