{"id":800,"date":"2021-09-24T08:03:27","date_gmt":"2021-09-24T06:03:27","guid":{"rendered":"http:\/\/5.45.101.177\/haut-allier\/usagers-transportse\/index.php\/2021\/09\/24\/la-sncf-cree-des-ouigo-intercites800\/"},"modified":"2021-09-24T08:03:27","modified_gmt":"2021-09-24T06:03:27","slug":"la-sncf-cree-des-ouigo-intercites800","status":"publish","type":"post","link":"https:\/\/usagers-transports.haut-allier.eu\/index.php\/2021\/09\/24\/la-sncf-cree-des-ouigo-intercites800\/","title":{"rendered":"La SNCF cr\u00e9e des Ouigo Intercit\u00e9s&#8230;"},"content":{"rendered":"<p>Autrement dit des trains IC \u00e0 bas prix, entre 10 et 30 euros. Apr\u00e8s les TGV Ouigo destin\u00e9s \u00e0 booster le trafic TGV, la soci\u00e9t\u00e9 semble vouloir \u00eatre \u00e0 l&rsquo;offensive alors que l&rsquo;ouverture \u00e0 la concurrence pointe le bout de son nez et est d\u00e9j\u00e0 effective entre Marseille et Nice.<br \/>\n&nbsp;<br \/>\n[fond jaune]Premi\u00e8res destinations[\/fond jaune]<br \/>\n&nbsp;<br \/>\nCe sera \u00e0 partir de d\u00e9but 2022 Paris &#8211; Lyon et Paris &#8211; Nantes, deux axes pourtant tr\u00e8s pourvus en circulations classiques. On peut en conclure d\u00e9j\u00e0 que l&rsquo;objectif n&rsquo;est pas de compl\u00e9ter un service souvent minimal sur l&rsquo;ensemble du territoire qui lui doit se d\u00e9battre au quotidien avec les al\u00e9as que tous les usagers connaissent, mais qu&rsquo;il s&rsquo;agit bien d&rsquo;une volont\u00e9 de se placer correctement face aux futurs concurrents.<br \/>\n&nbsp;<br \/>\n<img loading=\"lazy\" decoding=\"async\" class=\" aligncenter size-full wp-image-3423\" src=\"http:\/\/5.45.101.177\/haut-allier\/usagers-transportse\/wp-content\/uploads\/2021\/09\/screenshot-france3-regions.francetvinfo.fr-2021.09.24-07_59_36.jpg\" alt=\"screenshot-france3-regions.francetvinfo.fr-2021.09.24-07_59_36.jpg\" align=\"center\" width=\"559\" height=\"557\" srcset=\"https:\/\/usagers-transports.haut-allier.eu\/wp-content\/uploads\/2021\/09\/screenshot-france3-regions.francetvinfo.fr-2021.09.24-07_59_36.jpg 559w, https:\/\/usagers-transports.haut-allier.eu\/wp-content\/uploads\/2021\/09\/screenshot-france3-regions.francetvinfo.fr-2021.09.24-07_59_36-300x300.jpg 300w, https:\/\/usagers-transports.haut-allier.eu\/wp-content\/uploads\/2021\/09\/screenshot-france3-regions.francetvinfo.fr-2021.09.24-07_59_36-150x150.jpg 150w\" sizes=\"auto, (max-width: 559px) 100vw, 559px\" \/><br \/>\n&nbsp;<br \/>\nO\u00f9 est la volont\u00e9 d&rsquo;\u00e9quilibre de la mobilit\u00e9 dans les territoires ? Pour le moment bien loin.<br \/>\n&nbsp;<br \/>\n[fond jaune]La ligne Intercit\u00e9s B\u00e9ziers Clermont-Ferrand[\/fond jaune]<br \/>\n&nbsp;<br \/>\nOn surveillera avec minutie le devenir de la liaison nationale op\u00e9r\u00e9e par le train de l&rsquo;Aubrac dont l&rsquo;infrastructure est en train d&rsquo;\u00eatre mise \u00e0 jour avec une ouverture pr\u00e9vue en novembre. La SNCF se glorifierait en y cr\u00e9ant un Intercit\u00e9s Ouigo \u00e0 bas prix pour concurrencer la route et l&rsquo;autoroute, but de l&rsquo;op\u00e9ration qu&rsquo;elle met en avant dans sa communication \u00e0 l&rsquo;occasion de cette op\u00e9ration. Compl\u00e9t\u00e9 par un Intercit\u00e9s Ouigo Paris Clermont, voil\u00e0 qui changerait la donne et revitaliserait l&rsquo;axe nord sud via le Massif central.<br \/>\n&nbsp;<br \/>\n[fond jaune]Et la ligne N\u00eemes Clermont-Ferrand ?[\/fond jaune]<br \/>\n&nbsp;<br \/>\nSi l&rsquo;ancien Intercit\u00e9s a \u00e9t\u00e9 repris avec ses horaires par la r\u00e9gion Occitanie, rien n&#8217;emp\u00eache la SNCF, qui a encore la ma\u00eetrise de l&rsquo;infrastructure gr\u00e2ce \u00e0 la g\u00e9n\u00e9rosit\u00e9 oblig\u00e9e des r\u00e9gions Auvergne Rh\u00f4ne Alpes et Occitanie, d&rsquo;ajouter un nouvel Intercit\u00e9s Ouigo pour booster le trafic, d\u00e9j\u00e0 en substantielle augmentation ces derniers temps, et compl\u00e9ter comme nous l&rsquo;\u00e9voquions plus haut un service ferroviaire pour le moment minimal.<br \/>\n&nbsp;<br \/>\nEn tous cas l&rsquo;initiative de ces Intercit\u00e9s Ouigo est louable si elle ne se cantonne \u00e0 doubler les liaisons d\u00e9j\u00e0 hyper pourvues. La SNCF, qui pourtant le sait parfaitement, a du mal \u00e0 concr\u00e9tiser le fait que l&rsquo;offre de train cr\u00e9e l&rsquo;usage. Elle le sait depuis trop de temps, et c&rsquo;est pour cette raison qu&rsquo;elle est fautive d&rsquo;avoir supprim\u00e9 lignes et trains dans le Massif central et ailleurs, elle en connaissait parfaitement les cons\u00e9quences.<br \/>\n&nbsp;<br \/>\n[fond jaune]Dans la presse[\/fond jaune]<br \/>\n&nbsp;<br \/>\n&#8211; <a href=\"https:\/\/www.lemonde.fr\/economie\/article\/2021\/09\/23\/la-sncf-cree-les-intercites-ouigo-a-petite-vitesse-et-a-prix-ultrareduits_6095740_3234.html\">Le Monde : La SNCF cr\u00e9e les Intercit\u00e9s Ouigo \u00e0 petite vitesse et \u00e0 prix ultrar\u00e9duits<\/a><br \/>\n&#8211; <a href=\"https:\/\/www.lavoixdunord.fr\/1073815\/article\/2021-09-23\/ouigo-vitesse-classique-la-sncf-va-lancer-des-trains-pas-chers-et-petite-vitesse\">La Voix du Nord : \u00abOuigo Vitesse Classique\u00bb la SNCF va lancer des trains pas chers et \u00e0 petite vitesse<\/a><br \/>\n&#8211; <a href=\"https:\/\/france3-regions.francetvinfo.fr\/bourgogne-franche-comte\/cote-d-or\/dijon\/sncf-bientot-des-ouigo-entre-paris-et-lyon-via-dijon-chalon-et-macon-en-vitesse-classique-2263234.html\">France 3 Bourgogne Franche-Comt\u00e9 : Bient\u00f4t des Ouigo entre Paris et Lyon via Dijon, Chalon et M\u00e2con (\u00e0 vitesse classique)<br \/>\n<\/a><\/p>\n","protected":false},"excerpt":{"rendered":"<p>Autrement dit des trains IC \u00e0 bas prix, entre 10 et 30 euros. Apr\u00e8s les TGV Ouigo destin\u00e9s<\/p>\n","protected":false},"author":1,"featured_media":3422,"comment_status":"open","ping_status":"open","sticky":false,"template":"","format":"standard","meta":{"footnotes":""},"categories":[2],"tags":[],"class_list":["post-800","post","type-post","status-publish","format-standard","has-post-thumbnail","hentry","category-infos"],"_links":{"self":[{"href":"https:\/\/usagers-transports.haut-allier.eu\/index.php\/wp-json\/wp\/v2\/posts\/800","targetHints":{"allow":["GET"]}}],"collection":[{"href":"https:\/\/usagers-transports.haut-allier.eu\/index.php\/wp-json\/wp\/v2\/posts"}],"about":[{"href":"https:\/\/usagers-transports.haut-allier.eu\/index.php\/wp-json\/wp\/v2\/types\/post"}],"author":[{"embeddable":true,"href":"https:\/\/usagers-transports.haut-allier.eu\/index.php\/wp-json\/wp\/v2\/users\/1"}],"replies":[{"embeddable":true,"href":"https:\/\/usagers-transports.haut-allier.eu\/index.php\/wp-json\/wp\/v2\/comments?post=800"}],"version-history":[{"count":0,"href":"https:\/\/usagers-transports.haut-allier.eu\/index.php\/wp-json\/wp\/v2\/posts\/800\/revisions"}],"wp:featuredmedia":[{"embeddable":true,"href":"https:\/\/usagers-transports.haut-allier.eu\/index.php\/wp-json\/wp\/v2\/media\/3422"}],"wp:attachment":[{"href":"https:\/\/usagers-transports.haut-allier.eu\/index.php\/wp-json\/wp\/v2\/media?parent=800"}],"wp:term":[{"taxonomy":"category","embeddable":true,"href":"https:\/\/usagers-transports.haut-allier.eu\/index.php\/wp-json\/wp\/v2\/categories?post=800"},{"taxonomy":"post_tag","embeddable":true,"href":"https:\/\/usagers-transports.haut-allier.eu\/index.php\/wp-json\/wp\/v2\/tags?post=800"}],"curies":[{"name":"wp","href":"https:\/\/api.w.org\/{rel}","templated":true}]}}