{"id":801,"date":"2021-09-29T19:37:16","date_gmt":"2021-09-29T17:37:16","guid":{"rendered":"http:\/\/5.45.101.177\/haut-allier\/usagers-transportse\/index.php\/2021\/09\/29\/fermeture-des-guichets-et-des801\/"},"modified":"2026-09-01T15:58:07","modified_gmt":"2026-09-01T13:58:07","slug":"fermeture-des-guichets-et-des801","status":"publish","type":"post","link":"https:\/\/usagers-transports.haut-allier.eu\/index.php\/2021\/09\/29\/fermeture-des-guichets-et-des801\/","title":{"rendered":"Fermeture des guichets et des gares ? C&rsquo;est le parcours du combattant pour prendre certains billets SNCF sur Internet"},"content":{"rendered":"En 2021 prendre un billet unique pour un trajet Le Puy en Velay &#8211; Gen\u00e8ve par exemple, un jour de semaine d&rsquo;octobre le mercredi 6 est chose impossible. Lorsque sa commune est d\u00e9pourvue de gare ou de guichet ouvert la solution pr\u00e9conis\u00e9e par la soci\u00e9t\u00e9 dite ferroviaire est Internet. D\u00e9monstration de l&rsquo;efficacit\u00e9 des solutions \u00ab\u00a0\u00e0 la fran\u00e7aise\u00a0\u00bb.\n&nbsp;\n[fond jaune]<strong>Premier site consult\u00e9 : TER AURA<\/strong>[\/fond jaune]\n&nbsp;\nNous souhaitons voyager en TER uniquement pour des raisons de pass sanitaires obligatoires. \n&nbsp;\nPremi\u00e8re \u00e9tape, pratiquement tout le parcours se d\u00e9roulant en Auvergne Rh\u00f4ne Alpes nous nous tournons vers le site TER AuRA.\n&nbsp;\n<img loading=\"lazy\" decoding=\"async\" class=\" aligncenter size-full wp-image-3425\" src=\"http:\/\/5.45.101.177\/haut-allier\/usagers-transportse\/wp-content\/uploads\/2021\/09\/montrain09-screenshot-www.ter_.sncf_.com-2021.09.29-17_26_39.jpg\" alt=\"montrain09-screenshot-www.ter.sncf.com-2021.09.29-17_26_39.jpg\" align=\"center\" width=\"677\" height=\"490\" srcset=\"https:\/\/usagers-transports.haut-allier.eu\/wp-content\/uploads\/2021\/09\/montrain09-screenshot-www.ter_.sncf_.com-2021.09.29-17_26_39.jpg 677w, https:\/\/usagers-transports.haut-allier.eu\/wp-content\/uploads\/2021\/09\/montrain09-screenshot-www.ter_.sncf_.com-2021.09.29-17_26_39-300x217.jpg 300w\" sizes=\"auto, (max-width: 677px) 100vw, 677px\" \/>\n<img loading=\"lazy\" decoding=\"async\" class=\" aligncenter size-full wp-image-3426\" src=\"http:\/\/5.45.101.177\/haut-allier\/usagers-transportse\/wp-content\/uploads\/2021\/09\/montrain-01-screenshot-www.montrain.com-2021.09.26-14_44_14.jpg\" alt=\"montrain-01-screenshot-www.montrain.com-2021.09.26-14_44_14.jpg\" align=\"center\" width=\"686\" height=\"548\" srcset=\"https:\/\/usagers-transports.haut-allier.eu\/wp-content\/uploads\/2021\/09\/montrain-01-screenshot-www.montrain.com-2021.09.26-14_44_14.jpg 686w, https:\/\/usagers-transports.haut-allier.eu\/wp-content\/uploads\/2021\/09\/montrain-01-screenshot-www.montrain.com-2021.09.26-14_44_14-300x240.jpg 300w\" sizes=\"auto, (max-width: 686px) 100vw, 686px\" \/>\n&nbsp;\nNous notons les propositions et sommes int\u00e9ress\u00e9s par les trajets en TER qui sont de plus, moins longs.\n&nbsp;\nCliquons pour acheter les billets :\n&nbsp;\n<img loading=\"lazy\" decoding=\"async\" class=\" aligncenter size-full wp-image-3427\" src=\"http:\/\/5.45.101.177\/haut-allier\/usagers-transportse\/wp-content\/uploads\/2021\/09\/montrain10-screenshot-www.ter_.sncf_.com-2021.09.29-17_26_39.jpg\" alt=\"montrain10-screenshot-www.ter.sncf.com-2021.09.29-17_26_39.jpg\" align=\"center\" width=\"722\" height=\"290\" srcset=\"https:\/\/usagers-transports.haut-allier.eu\/wp-content\/uploads\/2021\/09\/montrain10-screenshot-www.ter_.sncf_.com-2021.09.29-17_26_39.jpg 722w, https:\/\/usagers-transports.haut-allier.eu\/wp-content\/uploads\/2021\/09\/montrain10-screenshot-www.ter_.sncf_.com-2021.09.29-17_26_39-300x120.jpg 300w\" sizes=\"auto, (max-width: 722px) 100vw, 722px\" \/>\n&nbsp;\nLe r\u00e9sultat est sans appel c&rsquo;est NIET, pas possible sur ce site, on ne sait pourquoi car il s&rsquo;agit de 3 TER g\u00e9r\u00e9s par la la r\u00e9gion Auvergne Rh\u00f4ne Alpes&#8230;  aucune explication, et on nous dirige vers sncf.com\n&nbsp;\n[fond jaune]<strong>DEUXIEME SITE CONSULTE : SNCF.COM<\/strong>[\/fond jaune]\n&nbsp;\nNous nous connectons sur ce site et apr\u00e8s un laps de temps non n\u00e9gligeable appara\u00eet le formulaire de questionnement pour le trajet demand\u00e9. Entre temps ce jour l\u00e0 nous avons droit \u00e0 une s\u00e9rie d&rsquo;articles en page d&rsquo;accueil tous plus all\u00e9chants les uns que les autres. Nous choisissons \u00ab\u00a0Les petites lignes sont-elles vraiment \u00e0 l&rsquo;abandon ? \u00ab\u00a0. Sous entendu laiss\u00e9es \u00e0 l&rsquo;abandon par nous, SNCF. \n&nbsp;\n<img loading=\"lazy\" decoding=\"async\" class=\" aligncenter size-full wp-image-3428\" src=\"http:\/\/5.45.101.177\/haut-allier\/usagers-transportse\/wp-content\/uploads\/2021\/09\/montrain-02-screenshot-www.montrain.com-2021.09.26-14_44_14.jpg\" alt=\"montrain-02-screenshot-www.montrain.com-2021.09.26-14_44_14.jpg\" align=\"center\" width=\"706\" height=\"636\" srcset=\"https:\/\/usagers-transports.haut-allier.eu\/wp-content\/uploads\/2021\/09\/montrain-02-screenshot-www.montrain.com-2021.09.26-14_44_14.jpg 706w, https:\/\/usagers-transports.haut-allier.eu\/wp-content\/uploads\/2021\/09\/montrain-02-screenshot-www.montrain.com-2021.09.26-14_44_14-300x270.jpg 300w\" sizes=\"auto, (max-width: 706px) 100vw, 706px\" \/>\n&nbsp;\nTr\u00e8s int\u00e9ress\u00e9s de conna\u00eetre la r\u00e9ponse de la grande fautive, puisque d\u00e8s sa cr\u00e9ation en janvier 1938 cet organisme d&rsquo;\u00e9tat n&rsquo;a eu de cesse de fermer les lignes du r\u00e9seau fran\u00e7ais dont il h\u00e9ritait \u00e0 tour de bras. Nous cliquons donc sur \u00ab\u00a0Lire la suite\u00a0\u00bb. Et hop r\u00e9sultat :\n&nbsp;\n<img loading=\"lazy\" decoding=\"async\" class=\" aligncenter size-full wp-image-3429\" src=\"http:\/\/5.45.101.177\/haut-allier\/usagers-transportse\/wp-content\/uploads\/2021\/09\/montrain-03-screenshot-www.montrain.com-2021.09.26-14_44_14.jpg\" alt=\"montrain-03-screenshot-www.montrain.com-2021.09.26-14_44_14.jpg\" align=\"center\" width=\"1031\" height=\"547\" srcset=\"https:\/\/usagers-transports.haut-allier.eu\/wp-content\/uploads\/2021\/09\/montrain-03-screenshot-www.montrain.com-2021.09.26-14_44_14.jpg 1031w, https:\/\/usagers-transports.haut-allier.eu\/wp-content\/uploads\/2021\/09\/montrain-03-screenshot-www.montrain.com-2021.09.26-14_44_14-300x159.jpg 300w, https:\/\/usagers-transports.haut-allier.eu\/wp-content\/uploads\/2021\/09\/montrain-03-screenshot-www.montrain.com-2021.09.26-14_44_14-1024x543.jpg 1024w, https:\/\/usagers-transports.haut-allier.eu\/wp-content\/uploads\/2021\/09\/montrain-03-screenshot-www.montrain.com-2021.09.26-14_44_14-768x407.jpg 768w\" sizes=\"auto, (max-width: 1031px) 100vw, 1031px\" \/>\n[Consultation faite sur un navigateur Chrome \u00e0 jour]\n&nbsp;\nNous ne saurons donc jamais les arguments avanc\u00e9s. Ah, peut-\u00eatre qu&rsquo;en changeant de navigateur ou\u00e8be&#8230; Laissons Chrome pour Firefox. \n&nbsp;\n<img loading=\"lazy\" decoding=\"async\" class=\" aligncenter size-full wp-image-3430\" src=\"http:\/\/5.45.101.177\/haut-allier\/usagers-transportse\/wp-content\/uploads\/2021\/09\/montrain-08-firefox_screenshot_2021-09-26t17-12-05.076z.png\" alt=\"montrain-08-firefox_screenshot_2021-09-26t17-12-05.076z.png\" align=\"center\" width=\"520\" height=\"875\" srcset=\"https:\/\/usagers-transports.haut-allier.eu\/wp-content\/uploads\/2021\/09\/montrain-08-firefox_screenshot_2021-09-26t17-12-05.076z.png 520w, https:\/\/usagers-transports.haut-allier.eu\/wp-content\/uploads\/2021\/09\/montrain-08-firefox_screenshot_2021-09-26t17-12-05.076z-178x300.png 178w\" sizes=\"auto, (max-width: 520px) 100vw, 520px\" \/>\n&nbsp;\nEt l\u00e0 miracle une vid\u00e9o est cens\u00e9e vous amadouer. Pas le temps de regarder ce chef d&rsquo;oeuvre. Continuons notre recherche et remplissons la demande :\n&nbsp;\nR\u00e9sultats : des propositions compl\u00e8tes mais pas mieux que sur le site TER\n&nbsp;\n<img loading=\"lazy\" decoding=\"async\" class=\" aligncenter size-full wp-image-3431\" src=\"http:\/\/5.45.101.177\/haut-allier\/usagers-transportse\/wp-content\/uploads\/2021\/09\/rmontrain-04-screenshot-www.montrain.com-2021.09.26-14_44_14.jpg\" alt=\"rmontrain-04-screenshot-www.montrain.com-2021.09.26-14_44_14.jpg\" align=\"center\" width=\"700\" height=\"357\" srcset=\"https:\/\/usagers-transports.haut-allier.eu\/wp-content\/uploads\/2021\/09\/rmontrain-04-screenshot-www.montrain.com-2021.09.26-14_44_14.jpg 700w, https:\/\/usagers-transports.haut-allier.eu\/wp-content\/uploads\/2021\/09\/rmontrain-04-screenshot-www.montrain.com-2021.09.26-14_44_14-300x153.jpg 300w\" sizes=\"auto, (max-width: 700px) 100vw, 700px\" \/>\n&nbsp;\nC&rsquo;est celui l\u00e0 que nous voulons :\n&nbsp;\n<img loading=\"lazy\" decoding=\"async\" class=\" aligncenter size-full wp-image-3432\" src=\"http:\/\/5.45.101.177\/haut-allier\/usagers-transportse\/wp-content\/uploads\/2021\/09\/montrain-05-screenshot-www.montrain.com-2021.09.26-14_44_14.jpg\" alt=\"montrain-05-screenshot-www.montrain.com-2021.09.26-14_44_14.jpg\" align=\"center\" width=\"742\" height=\"1354\" srcset=\"https:\/\/usagers-transports.haut-allier.eu\/wp-content\/uploads\/2021\/09\/montrain-05-screenshot-www.montrain.com-2021.09.26-14_44_14.jpg 742w, https:\/\/usagers-transports.haut-allier.eu\/wp-content\/uploads\/2021\/09\/montrain-05-screenshot-www.montrain.com-2021.09.26-14_44_14-164x300.jpg 164w, https:\/\/usagers-transports.haut-allier.eu\/wp-content\/uploads\/2021\/09\/montrain-05-screenshot-www.montrain.com-2021.09.26-14_44_14-561x1024.jpg 561w\" sizes=\"auto, (max-width: 742px) 100vw, 742px\" \/>\n&nbsp;\nMais ici non plus il est impossible d&rsquo;acheter un billet.\n&nbsp;\n[fond jaune]<strong>TROISIEME SITE CONSULTE : OUI.SNCF<\/strong>[\/fond jaune]\n&nbsp;\nSur le site <a href=\"https:\/\/sncf.com\"><strong>SNCF.com<\/strong><\/a> On nous dirige depuis la page d&rsquo;accueil vers&#8230; oui.sncf . Courrons y&#8230;\n&nbsp;\nApr\u00e8s avoir rempli le formulaire&#8230;\n&nbsp;\n<img loading=\"lazy\" decoding=\"async\" class=\" aligncenter size-full wp-image-3433\" src=\"http:\/\/5.45.101.177\/haut-allier\/usagers-transportse\/wp-content\/uploads\/2021\/09\/montrain-06-screenshot-www.montrain.com-2021.09.26-14_44_14.jpg\" alt=\"montrain-06-screenshot-www.montrain.com-2021.09.26-14_44_14.jpg\" align=\"center\" width=\"820\" height=\"645\" srcset=\"https:\/\/usagers-transports.haut-allier.eu\/wp-content\/uploads\/2021\/09\/montrain-06-screenshot-www.montrain.com-2021.09.26-14_44_14.jpg 820w, https:\/\/usagers-transports.haut-allier.eu\/wp-content\/uploads\/2021\/09\/montrain-06-screenshot-www.montrain.com-2021.09.26-14_44_14-300x236.jpg 300w, https:\/\/usagers-transports.haut-allier.eu\/wp-content\/uploads\/2021\/09\/montrain-06-screenshot-www.montrain.com-2021.09.26-14_44_14-768x604.jpg 768w\" sizes=\"auto, (max-width: 820px) 100vw, 820px\" \/>\n&nbsp;\nVoici le r\u00e9sultat :\n&nbsp;\n<img loading=\"lazy\" decoding=\"async\" class=\" aligncenter size-full wp-image-3434\" src=\"http:\/\/5.45.101.177\/haut-allier\/usagers-transportse\/wp-content\/uploads\/2021\/09\/montrain-07-screenshot-www.montrain.com-2021.09.26-14_44_14.jpg\" alt=\"montrain-07-screenshot-www.montrain.com-2021.09.26-14_44_14.jpg\" align=\"center\" width=\"945\" height=\"589\" srcset=\"https:\/\/usagers-transports.haut-allier.eu\/wp-content\/uploads\/2021\/09\/montrain-07-screenshot-www.montrain.com-2021.09.26-14_44_14.jpg 945w, https:\/\/usagers-transports.haut-allier.eu\/wp-content\/uploads\/2021\/09\/montrain-07-screenshot-www.montrain.com-2021.09.26-14_44_14-300x187.jpg 300w, https:\/\/usagers-transports.haut-allier.eu\/wp-content\/uploads\/2021\/09\/montrain-07-screenshot-www.montrain.com-2021.09.26-14_44_14-768x479.jpg 768w\" sizes=\"auto, (max-width: 945px) 100vw, 945px\" \/>\n&nbsp;\nTous les trajets sont occult\u00e9s sauf un par bus et TGV Inoui (sans doute plus cher que ceux cach\u00e9s, on y est habitu\u00e9 sur oui.sncf. C&rsquo;est un scandale qui continue impun\u00e9ment, rien n&rsquo;y fait)\n&nbsp;\nImpossible d&rsquo;acheter un billet de train Le Puy Gen\u00e8ve par les sites de la SNCF.\n&nbsp;\nEn d\u00e9sespoir de cause essayons les alternatives :\n&nbsp;\n[fond jaune]<strong>4EME SITE CONSULTE TRAINLINE<\/strong>[\/fond jaune]\n&nbsp;\nLe site <strong>TrainLine<\/strong> ou <a href=\"https:\/\/www.thetrainline.com\/fr\"><strong>Thetrainline<\/strong><\/a> est une filiale de Thetrainline.com immatricul\u00e9e en Angleterre et au Pays de Galles. C&rsquo;est un revendeur de SNCF entre autres op\u00e9rateurs ferroviaires europ\u00e9ens.\n&nbsp;\nOn renseigne le formulaire, apr\u00e8s 3 pages d&rsquo;accueil&#8230;\n&nbsp;\n<img loading=\"lazy\" decoding=\"async\" class=\" aligncenter size-full wp-image-3435\" src=\"http:\/\/5.45.101.177\/haut-allier\/usagers-transportse\/wp-content\/uploads\/2021\/09\/smontrain11-creenshot-www.thetrainline.com-2021.09.29-18_50_07.jpg\" alt=\"smontrain11-creenshot-www.thetrainline.com-2021.09.29-18_50_07.jpg\" align=\"center\" width=\"962\" height=\"654\" srcset=\"https:\/\/usagers-transports.haut-allier.eu\/wp-content\/uploads\/2021\/09\/smontrain11-creenshot-www.thetrainline.com-2021.09.29-18_50_07.jpg 962w, https:\/\/usagers-transports.haut-allier.eu\/wp-content\/uploads\/2021\/09\/smontrain11-creenshot-www.thetrainline.com-2021.09.29-18_50_07-300x204.jpg 300w, https:\/\/usagers-transports.haut-allier.eu\/wp-content\/uploads\/2021\/09\/smontrain11-creenshot-www.thetrainline.com-2021.09.29-18_50_07-768x522.jpg 768w\" sizes=\"auto, (max-width: 962px) 100vw, 962px\" \/>\n&nbsp;\nEt on va aux r\u00e9sultats :\n&nbsp;\n<img loading=\"lazy\" decoding=\"async\" class=\" aligncenter size-full wp-image-3436\" src=\"http:\/\/5.45.101.177\/haut-allier\/usagers-transportse\/wp-content\/uploads\/2021\/09\/montrain-12-screenshot-www.thetrainline.com-2021.09.29-18_52_48.jpg\" alt=\"montrain-12-screenshot-www.thetrainline.com-2021.09.29-18_52_48.jpg\" align=\"center\" width=\"1171\" height=\"666\" srcset=\"https:\/\/usagers-transports.haut-allier.eu\/wp-content\/uploads\/2021\/09\/montrain-12-screenshot-www.thetrainline.com-2021.09.29-18_52_48.jpg 1171w, https:\/\/usagers-transports.haut-allier.eu\/wp-content\/uploads\/2021\/09\/montrain-12-screenshot-www.thetrainline.com-2021.09.29-18_52_48-300x171.jpg 300w, https:\/\/usagers-transports.haut-allier.eu\/wp-content\/uploads\/2021\/09\/montrain-12-screenshot-www.thetrainline.com-2021.09.29-18_52_48-1024x582.jpg 1024w, https:\/\/usagers-transports.haut-allier.eu\/wp-content\/uploads\/2021\/09\/montrain-12-screenshot-www.thetrainline.com-2021.09.29-18_52_48-768x437.jpg 768w\" sizes=\"auto, (max-width: 1171px) 100vw, 1171px\" \/>\n&nbsp;\nTous les billets TER sont \u00ab\u00a0indisponibles\u00a0\u00bb et comme le site Oui;sncf on nous propose le seul parcours en bus et TGV Inoui qu&rsquo;on ne veut pas prendre&#8230; Fuyons !\n&nbsp;\n[fond jaune]<strong>5EME SITE CONSULTE Le site suisse de la SBB<\/strong>[\/fond jaune]\n&nbsp;\n<img loading=\"lazy\" decoding=\"async\" class=\" aligncenter size-full wp-image-3437\" src=\"http:\/\/5.45.101.177\/haut-allier\/usagers-transportse\/wp-content\/uploads\/2021\/09\/montrain-13-screenshot-www.thetrainline.com-2021.09.29-18_52_48.jpg\" alt=\"montrain-13-screenshot-www.thetrainline.com-2021.09.29-18_52_48.jpg\" align=\"center\" width=\"1151\" height=\"554\" srcset=\"https:\/\/usagers-transports.haut-allier.eu\/wp-content\/uploads\/2021\/09\/montrain-13-screenshot-www.thetrainline.com-2021.09.29-18_52_48.jpg 1151w, https:\/\/usagers-transports.haut-allier.eu\/wp-content\/uploads\/2021\/09\/montrain-13-screenshot-www.thetrainline.com-2021.09.29-18_52_48-300x144.jpg 300w, https:\/\/usagers-transports.haut-allier.eu\/wp-content\/uploads\/2021\/09\/montrain-13-screenshot-www.thetrainline.com-2021.09.29-18_52_48-1024x493.jpg 1024w, https:\/\/usagers-transports.haut-allier.eu\/wp-content\/uploads\/2021\/09\/montrain-13-screenshot-www.thetrainline.com-2021.09.29-18_52_48-768x370.jpg 768w\" sizes=\"auto, (max-width: 1151px) 100vw, 1151px\" \/>\n&nbsp;\nOn remplit le formulaire sur la page d&rsquo;accueil tr\u00e8s \u00e9pur\u00e9e. Un soulagement pour les yeux. R\u00e9ponse :\n&nbsp;\n<img loading=\"lazy\" decoding=\"async\" class=\" aligncenter size-full wp-image-3438\" src=\"http:\/\/5.45.101.177\/haut-allier\/usagers-transportse\/wp-content\/uploads\/2021\/09\/montrain14-screenshot-www.sbb_.ch-2021.09.29-19_03_50.jpg\" alt=\"montrain14-screenshot-www.sbb.ch-2021.09.29-19_03_50.jpg\" align=\"center\" width=\"1215\" height=\"2100\" srcset=\"https:\/\/usagers-transports.haut-allier.eu\/wp-content\/uploads\/2021\/09\/montrain14-screenshot-www.sbb_.ch-2021.09.29-19_03_50.jpg 1215w, https:\/\/usagers-transports.haut-allier.eu\/wp-content\/uploads\/2021\/09\/montrain14-screenshot-www.sbb_.ch-2021.09.29-19_03_50-174x300.jpg 174w, https:\/\/usagers-transports.haut-allier.eu\/wp-content\/uploads\/2021\/09\/montrain14-screenshot-www.sbb_.ch-2021.09.29-19_03_50-592x1024.jpg 592w, https:\/\/usagers-transports.haut-allier.eu\/wp-content\/uploads\/2021\/09\/montrain14-screenshot-www.sbb_.ch-2021.09.29-19_03_50-768x1327.jpg 768w, https:\/\/usagers-transports.haut-allier.eu\/wp-content\/uploads\/2021\/09\/montrain14-screenshot-www.sbb_.ch-2021.09.29-19_03_50-889x1536.jpg 889w, https:\/\/usagers-transports.haut-allier.eu\/wp-content\/uploads\/2021\/09\/montrain14-screenshot-www.sbb_.ch-2021.09.29-19_03_50-1185x2048.jpg 1185w\" sizes=\"auto, (max-width: 1215px) 100vw, 1215px\" \/>\n&nbsp;\nUne des propositions les plus compl\u00e8tes. Nous choisissons le trajet de 8h43.\n&nbsp;\n<img loading=\"lazy\" decoding=\"async\" class=\" aligncenter size-full wp-image-3439\" src=\"http:\/\/5.45.101.177\/haut-allier\/usagers-transportse\/wp-content\/uploads\/2021\/09\/montrain15-screenshot-www.sbb_.ch-2021.09.29-19_08_45.jpg\" alt=\"montrain15-screenshot-www.sbb.ch-2021.09.29-19_08_45.jpg\" align=\"center\" width=\"993\" height=\"550\" srcset=\"https:\/\/usagers-transports.haut-allier.eu\/wp-content\/uploads\/2021\/09\/montrain15-screenshot-www.sbb_.ch-2021.09.29-19_08_45.jpg 993w, https:\/\/usagers-transports.haut-allier.eu\/wp-content\/uploads\/2021\/09\/montrain15-screenshot-www.sbb_.ch-2021.09.29-19_08_45-300x166.jpg 300w, https:\/\/usagers-transports.haut-allier.eu\/wp-content\/uploads\/2021\/09\/montrain15-screenshot-www.sbb_.ch-2021.09.29-19_08_45-768x425.jpg 768w\" sizes=\"auto, (max-width: 993px) 100vw, 993px\" \/>\n&nbsp;\nMais quelques pages pus loin, nous d\u00e9chantons&#8230;\n&nbsp;\n<img loading=\"lazy\" decoding=\"async\" class=\" aligncenter size-full wp-image-3440\" src=\"http:\/\/5.45.101.177\/haut-allier\/usagers-transportse\/wp-content\/uploads\/2021\/09\/montrain16-screenshot-www.sbb_.ch-2021.09.29-19_08_45.jpg\" alt=\"montrain16-screenshot-www.sbb.ch-2021.09.29-19_08_45.jpg\" align=\"center\" width=\"786\" height=\"445\" srcset=\"https:\/\/usagers-transports.haut-allier.eu\/wp-content\/uploads\/2021\/09\/montrain16-screenshot-www.sbb_.ch-2021.09.29-19_08_45.jpg 786w, https:\/\/usagers-transports.haut-allier.eu\/wp-content\/uploads\/2021\/09\/montrain16-screenshot-www.sbb_.ch-2021.09.29-19_08_45-300x170.jpg 300w, https:\/\/usagers-transports.haut-allier.eu\/wp-content\/uploads\/2021\/09\/montrain16-screenshot-www.sbb_.ch-2021.09.29-19_08_45-768x435.jpg 768w\" sizes=\"auto, (max-width: 786px) 100vw, 786px\" \/>\n&nbsp;\nLa vente n&rsquo;est pas possible directement.\n&nbsp;\n[fond jaune]<strong>6EME SITE CONSULTE Le site de la Deusche Bahn.<\/strong>[\/fond jaune]\n&nbsp;\nNous terminons par le site r\u00e9put\u00e9 de la DB, la compagnie ferroviaire allemande, dont le site est appr\u00e9ci\u00e9 de tous les usagers pour sa simplicit\u00e9 et la qualit\u00e9 de ses propositions.\n&nbsp;\n<img loading=\"lazy\" decoding=\"async\" class=\" aligncenter size-full wp-image-3441\" src=\"http:\/\/5.45.101.177\/haut-allier\/usagers-transportse\/wp-content\/uploads\/2021\/09\/montrain17-screenshot-www.sbb_.ch-2021.09.29-19_08_45.jpg\" alt=\"montrain17-screenshot-www.sbb.ch-2021.09.29-19_08_45.jpg\" align=\"center\" width=\"965\" height=\"580\" srcset=\"https:\/\/usagers-transports.haut-allier.eu\/wp-content\/uploads\/2021\/09\/montrain17-screenshot-www.sbb_.ch-2021.09.29-19_08_45.jpg 965w, https:\/\/usagers-transports.haut-allier.eu\/wp-content\/uploads\/2021\/09\/montrain17-screenshot-www.sbb_.ch-2021.09.29-19_08_45-300x180.jpg 300w, https:\/\/usagers-transports.haut-allier.eu\/wp-content\/uploads\/2021\/09\/montrain17-screenshot-www.sbb_.ch-2021.09.29-19_08_45-768x462.jpg 768w\" sizes=\"auto, (max-width: 965px) 100vw, 965px\" \/>\n&nbsp;\nOn remplit et on interroge :\n\n<img loading=\"lazy\" decoding=\"async\" class=\" aligncenter size-full wp-image-3442\" src=\"http:\/\/5.45.101.177\/haut-allier\/usagers-transportse\/wp-content\/uploads\/2021\/09\/montrain18-screenshot-www.sbb_.ch-2021.09.29-19_08_45.jpg\" alt=\"montrain18-screenshot-www.sbb.ch-2021.09.29-19_08_45.jpg\" align=\"center\" width=\"967\" height=\"652\" srcset=\"https:\/\/usagers-transports.haut-allier.eu\/wp-content\/uploads\/2021\/09\/montrain18-screenshot-www.sbb_.ch-2021.09.29-19_08_45.jpg 967w, https:\/\/usagers-transports.haut-allier.eu\/wp-content\/uploads\/2021\/09\/montrain18-screenshot-www.sbb_.ch-2021.09.29-19_08_45-300x202.jpg 300w, https:\/\/usagers-transports.haut-allier.eu\/wp-content\/uploads\/2021\/09\/montrain18-screenshot-www.sbb_.ch-2021.09.29-19_08_45-768x518.jpg 768w\" sizes=\"auto, (max-width: 967px) 100vw, 967px\" \/>\n&nbsp;\nLes r\u00e9ponses sont claires. Demandons le prix.\n\n<img loading=\"lazy\" decoding=\"async\" class=\" aligncenter size-full wp-image-3443\" src=\"http:\/\/5.45.101.177\/haut-allier\/usagers-transportse\/wp-content\/uploads\/2021\/09\/montrain19-screenshot-www.sbb_.ch-2021.09.29-19_08_45.jpg\" alt=\"montrain19-screenshot-www.sbb.ch-2021.09.29-19_08_45.jpg\" align=\"center\" width=\"969\" height=\"633\" srcset=\"https:\/\/usagers-transports.haut-allier.eu\/wp-content\/uploads\/2021\/09\/montrain19-screenshot-www.sbb_.ch-2021.09.29-19_08_45.jpg 969w, https:\/\/usagers-transports.haut-allier.eu\/wp-content\/uploads\/2021\/09\/montrain19-screenshot-www.sbb_.ch-2021.09.29-19_08_45-300x196.jpg 300w, https:\/\/usagers-transports.haut-allier.eu\/wp-content\/uploads\/2021\/09\/montrain19-screenshot-www.sbb_.ch-2021.09.29-19_08_45-768x502.jpg 768w\" sizes=\"auto, (max-width: 969px) 100vw, 969px\" \/>\n&nbsp;\nOn  nous bascule sur le site des voyageurs internationaux. Le site est en anglais. Remplissons&#8230;\n\n<img loading=\"lazy\" decoding=\"async\" class=\" aligncenter size-full wp-image-3444\" src=\"http:\/\/5.45.101.177\/haut-allier\/usagers-transportse\/wp-content\/uploads\/2021\/09\/montrain20-screenshot-www.sbb_.ch-2021.09.29-19_08_45.jpg\" alt=\"montrain20-screenshot-www.sbb.ch-2021.09.29-19_08_45.jpg\" align=\"center\" width=\"660\" height=\"572\" srcset=\"https:\/\/usagers-transports.haut-allier.eu\/wp-content\/uploads\/2021\/09\/montrain20-screenshot-www.sbb_.ch-2021.09.29-19_08_45.jpg 660w, https:\/\/usagers-transports.haut-allier.eu\/wp-content\/uploads\/2021\/09\/montrain20-screenshot-www.sbb_.ch-2021.09.29-19_08_45-300x260.jpg 300w\" sizes=\"auto, (max-width: 660px) 100vw, 660px\" \/>\n&nbsp;\nL\u00e0 encore impossible facilement. C&rsquo;est n\u00e9gatif sur tous les plans.\n&nbsp;\nLa seule solution est de d\u00e9couper le trajet en plusieurs, au moins deux, par exemple Le Puy Lyon puis Lyon Gen\u00e8ve et l\u00e0 en prenant deux billets \u00e7a fonctionne. Au prix fort.\n\n&nbsp;\n\n<strong>Conclusion : \n<\/strong>\n&nbsp;\nL&rsquo;exemple pris ici peut \u00eatre dupliqu\u00e9 des centaines de fois au quotidien dans ce pays. Les erreurs, occultations, d\u00e9tournements de Oui.sncf sont permanentes. Les voyageurs en ont ras la casquette. Regardez les commentaires de notre <a href=\"https:\/\/chng.it\/hVDnYjSW\"><strong>p\u00e9tition contre les billets limit\u00e9s \u00e0 deux changements<\/strong><\/a>.\n&nbsp;\nNous adressons donc ce message \u00e0 Monsieur Farandou.\n&nbsp;\n<strong>\n<em>\nMonsieur Le Pr\u00e9sident nous vous demandons tr\u00e8s s\u00e9rieusement de changer votre syst\u00e8me informatique, un vieux logiciel issu des syst\u00e8mes de r\u00e9servations a\u00e9riens, et de fermer cette filiale de la SNCF, pur produit de la gestion lamentable de votre pr\u00e9d\u00e9cesseur. Elle nuit aux usagers de plusieurs fa\u00e7ons :\n&nbsp;\n&#8211; avec un site Internet au dessous de tout, qui occulte des r\u00e9ponses et syst\u00e9matiquement les billets non TGV et les moins chers, ne pr\u00e9sentant que des trajets limit\u00e9s \u00e0 deux correspondances maxi, d\u00e9sertant ainsi les petites lignes de vie du territoire. Nous l&rsquo;\u00e9lisons sans probl\u00e8me comme le pire des sites Internet ferroviaire en Europe.\n&#8211; avec une application Internet n\u00e9cessitant une mise \u00e0 jour par mois et et dont le poids num\u00e9rique grossis \u00e0 vue d&rsquo;oeil obligeant les voyageurs \u00e0 changer de smartphone en permanence (oui.sncf serait financi\u00e8rement int\u00e9ress\u00e9e dans les ventes de t\u00e9l\u00e9phones ? On peut le croire). Application touffue, pas claire, comme le site web.\n&nbsp;\nLes usagers demandent un site de r\u00e9servation et de vente de billets, simple, robuste, complet, sans publicit\u00e9, fiable, sans faille, un site sur lequel on peut compter, qui dure. un peu \u00e0 l&rsquo;image de celui de la Deutsche Bahn, vous savez le site que vos agents au guichet consultaient en cachette ce qu&rsquo;il leur est d\u00e9sormais interdit. \n&nbsp;\nOu m\u00eame celui de SNCF.COM qui est de design raisonnable s&rsquo;il permettait la vente et s&rsquo;il affichait tous les trajets possibles y compris ceux \u00e0 plus de deux correspondances.\n&nbsp;\nComment se fait-il qu&rsquo;en 2021 la SNCF s&rsquo;accroche encore \u00e0 cette bouse ouaibe d\u00e9ficiente ? Monsieur le Pr\u00e9sident stoppez les agissements de cette \u00ab\u00a0agence de voyages\u00a0\u00bb, cette verrue dont personne ne comprend l&rsquo;utilit\u00e9, changez votre logiciel qui limite les propositions de trajet. Tout ceci donne une TRES mauvaise image de la SNCF et participe au SNCF bashing que vous ex\u00e9crez mais qui n&rsquo;est que le r\u00e9sultat de plusieurs d\u00e9cennies de laisser aller de votre soci\u00e9t\u00e9.\n\n<\/strong>\n<\/em><p>&nbsp;<\/p>\n\n\t<figure class=\"wp-block-gallery columns-1 is-cropped wp-block-gallery-1 is-layout-flex wp-block-gallery-is-layout-flex\">\n\t\t<ul class=\"blocks-gallery-grid\">\n\t\t\t<li class=\"blocks-gallery-item\">\n\t\t\t\t<figure>\n\t\t\t\t\t\t\t\t\t\t\t<img loading=\"lazy\" decoding=\"async\" width=\"392\" height=\"371\" src=\"http:\/\/5.45.101.177\/haut-allier\/usagers-transportse\/wp-content\/uploads\/2021\/09\/montrain-00-screenshot-www.montrain.com-2021.09.26-14_44_14.jpg\"\n\t\t\t\t\t\t alt=\"montrain-00-screenshot-www.montrain.com-2021.09.26-14_44_14.jpg\"\n\t\t\t\t\t\t data-id=\"3445\"\n\t\t\t\t\t\t data-full-url=\"http:\/\/5.45.101.177\/haut-allier\/usagers-transportse\/wp-content\/uploads\/2021\/09\/montrain-00-screenshot-www.montrain.com-2021.09.26-14_44_14.jpg\"\n\t\t\t\t\t\t data-link=\"http:\/\/5.45.101.177\/haut-allier\/usagers-transportse\/attachment-montrain-00-screenshot-www-montrain-com-2021-09-26-14_44_14-jpg\/\"\n\t\t\t\t\t\t class=\"wp-image-3445\" srcset=\"https:\/\/usagers-transports.haut-allier.eu\/wp-content\/uploads\/2021\/09\/montrain-00-screenshot-www.montrain.com-2021.09.26-14_44_14.jpg 392w, https:\/\/usagers-transports.haut-allier.eu\/wp-content\/uploads\/2021\/09\/montrain-00-screenshot-www.montrain.com-2021.09.26-14_44_14-300x284.jpg 300w\" sizes=\"auto, (max-width: 392px) 100vw, 392px\" \/>\n\t\t\t\t<\/figure>\n\t\t\t<\/li>\n\t\t<\/ul>\n\t<\/figure>\n","protected":false},"excerpt":{"rendered":"<p>En 2021 prendre un billet unique pour un trajet Le Puy en Velay &#8211; Gen\u00e8ve par exemple, un<\/p>\n","protected":false},"author":1,"featured_media":3424,"comment_status":"open","ping_status":"open","sticky":false,"template":"","format":"standard","meta":{"footnotes":""},"categories":[3],"tags":[],"class_list":["post-801","post","type-post","status-publish","format-standard","has-post-thumbnail","hentry","category-en-train"],"_links":{"self":[{"href":"https:\/\/usagers-transports.haut-allier.eu\/index.php\/wp-json\/wp\/v2\/posts\/801","targetHints":{"allow":["GET"]}}],"collection":[{"href":"https:\/\/usagers-transports.haut-allier.eu\/index.php\/wp-json\/wp\/v2\/posts"}],"about":[{"href":"https:\/\/usagers-transports.haut-allier.eu\/index.php\/wp-json\/wp\/v2\/types\/post"}],"author":[{"embeddable":true,"href":"https:\/\/usagers-transports.haut-allier.eu\/index.php\/wp-json\/wp\/v2\/users\/1"}],"replies":[{"embeddable":true,"href":"https:\/\/usagers-transports.haut-allier.eu\/index.php\/wp-json\/wp\/v2\/comments?post=801"}],"version-history":[{"count":1,"href":"https:\/\/usagers-transports.haut-allier.eu\/index.php\/wp-json\/wp\/v2\/posts\/801\/revisions"}],"predecessor-version":[{"id":3446,"href":"https:\/\/usagers-transports.haut-allier.eu\/index.php\/wp-json\/wp\/v2\/posts\/801\/revisions\/3446"}],"wp:featuredmedia":[{"embeddable":true,"href":"https:\/\/usagers-transports.haut-allier.eu\/index.php\/wp-json\/wp\/v2\/media\/3424"}],"wp:attachment":[{"href":"https:\/\/usagers-transports.haut-allier.eu\/index.php\/wp-json\/wp\/v2\/media?parent=801"}],"wp:term":[{"taxonomy":"category","embeddable":true,"href":"https:\/\/usagers-transports.haut-allier.eu\/index.php\/wp-json\/wp\/v2\/categories?post=801"},{"taxonomy":"post_tag","embeddable":true,"href":"https:\/\/usagers-transports.haut-allier.eu\/index.php\/wp-json\/wp\/v2\/tags?post=801"}],"curies":[{"name":"wp","href":"https:\/\/api.w.org\/{rel}","templated":true}]}}