{"id":802,"date":"2021-10-06T03:00:00","date_gmt":"2021-10-06T01:00:00","guid":{"rendered":"http:\/\/5.45.101.177\/haut-allier\/usagers-transportse\/index.php\/2021\/10\/06\/ligne-du-train-aubrac-le802\/"},"modified":"2021-10-06T03:00:00","modified_gmt":"2021-10-06T01:00:00","slug":"ligne-du-train-aubrac-le802","status":"publish","type":"post","link":"https:\/\/usagers-transports.haut-allier.eu\/index.php\/2021\/10\/06\/ligne-du-train-aubrac-le802\/","title":{"rendered":"Ligne du train Aubrac : le gouvernement Macron pencherait pour sa fermeture [MAJ]"},"content":{"rendered":"<p>Selon une indiscr\u00e9tion, il semblerait que malgr\u00e9 les nombreuses actions des \u00e9lus locaux et r\u00e9gionaux, des communes, des usagers depuis un an regroup\u00e9s au sein de la mobilisation <a href=\"https:\/\/train-aubrac.blogspot.com\/\"><strong>#Urgence Aubrac<\/strong><\/a>, malgr\u00e9 le financement par la R\u00e9gion Auvergne-Rh\u00f4ne-Alpes, l\u2019Etat et la R\u00e9gion Occitanie, de travaux d&rsquo;urgence \u00e0 hauteur de 11 millions d&rsquo;euros qui permettra la r\u00e9ouverture de la ligne en novembre, les d\u00e9cideurs en place demeurent insensibles aux arguments avanc\u00e9s et \u00e0 la n\u00e9cessit\u00e9 d&rsquo;un service de mobilit\u00e9 respectueux de l&rsquo;environnement pour les populations du sud du Massif central.<br \/>\n&nbsp;<br \/>\n<img loading=\"lazy\" decoding=\"async\" class=\" aligncenter size-full wp-image-3448\" src=\"http:\/\/5.45.101.177\/haut-allier\/usagers-transportse\/wp-content\/uploads\/2021\/10\/firefox_screenshot_2021-09-29t12-59-55.837z.png\" alt=\"firefox_screenshot_2021-09-29t12-59-55.837z.png\" align=\"center\" width=\"516\" height=\"255\" srcset=\"https:\/\/usagers-transports.haut-allier.eu\/wp-content\/uploads\/2021\/10\/firefox_screenshot_2021-09-29t12-59-55.837z.png 516w, https:\/\/usagers-transports.haut-allier.eu\/wp-content\/uploads\/2021\/10\/firefox_screenshot_2021-09-29t12-59-55.837z-300x148.png 300w\" sizes=\"auto, (max-width: 516px) 100vw, 516px\" \/><br \/>\n&nbsp;<br \/>\n<img loading=\"lazy\" decoding=\"async\" class=\" aligncenter size-full wp-image-3449\" src=\"http:\/\/5.45.101.177\/haut-allier\/usagers-transportse\/wp-content\/uploads\/2021\/10\/screenshot-train-aubrac.blogspot.com-2021.09.29-15_00_49.jpg\" alt=\"screenshot-train-aubrac.blogspot.com-2021.09.29-15_00_49.jpg\" align=\"center\" width=\"949\" height=\"604\" srcset=\"https:\/\/usagers-transports.haut-allier.eu\/wp-content\/uploads\/2021\/10\/screenshot-train-aubrac.blogspot.com-2021.09.29-15_00_49.jpg 949w, https:\/\/usagers-transports.haut-allier.eu\/wp-content\/uploads\/2021\/10\/screenshot-train-aubrac.blogspot.com-2021.09.29-15_00_49-300x191.jpg 300w, https:\/\/usagers-transports.haut-allier.eu\/wp-content\/uploads\/2021\/10\/screenshot-train-aubrac.blogspot.com-2021.09.29-15_00_49-768x489.jpg 768w\" sizes=\"auto, (max-width: 949px) 100vw, 949px\" \/><br \/>\n&nbsp;<br \/>\nOn note pourtant une forte mobilisation pour le maintien du train Aubrac : sur les r\u00e9seaux sociaux, avec les p\u00e9titions, et les multiples demandes des \u00e9lus faites depuis plus d&rsquo;un an. Par exemple la <a href=\"https:\/\/www.change.org\/p\/urgence-aubrac\"><strong>p\u00e9tition<\/strong><\/a> qui rassemble plus de 5000 signatures \u00e0 ce jour.<br \/>\n&nbsp;<br \/>\n[fond jaune]Plus aucun train ne circulerait sur le viaduc de Garabit ?[\/fond jaune]<br \/>\n&nbsp;<br \/>\nAlors que ce dernier est class\u00e9 \u00e0 l&rsquo;UNESCO, alors qu&rsquo;il force l&rsquo;admiration de tous ? Ah si le viaduc et le Cantal \u00e9taient d\u00e9plac\u00e9s en r\u00e9gion parisienne nul doute que tout serait fait sans compter pour assurer \u00e0 la ligne un avenir resplendissant mais voil\u00e0 le Massif central n&rsquo;int\u00e9resse pas suffisamment, sauf 2 mois d&rsquo;\u00e9t\u00e9, les bobos et grands d\u00e9cideurs parisiens.<br \/>\n&nbsp;<br \/>\n<img loading=\"lazy\" decoding=\"async\" class=\" aligncenter size-full wp-image-3450\" src=\"http:\/\/5.45.101.177\/haut-allier\/usagers-transportse\/wp-content\/uploads\/2021\/10\/garabit-2.jpg\" alt=\"garabit-2.jpg\" align=\"center\" width=\"800\" height=\"600\" srcset=\"https:\/\/usagers-transports.haut-allier.eu\/wp-content\/uploads\/2021\/10\/garabit-2.jpg 800w, https:\/\/usagers-transports.haut-allier.eu\/wp-content\/uploads\/2021\/10\/garabit-2-300x225.jpg 300w, https:\/\/usagers-transports.haut-allier.eu\/wp-content\/uploads\/2021\/10\/garabit-2-768x576.jpg 768w\" sizes=\"auto, (max-width: 800px) 100vw, 800px\" \/><br \/>\n&nbsp;<br \/>\nTout l&rsquo;avenir \u00e9conomique du pays se jouerait encore en 2021 dans la capitale centralisatrice ? C&rsquo;est pourtant bien faux dans de nombreux domaines. Alors que cette centralisation ferroviaire, et routi\u00e8re, de et vers Paris est un des plus gros handicap du pays, l&rsquo;\u00e9tat strat\u00e8ge et accapareur a pour devoir de faire diminuer cette concentration outranci\u00e8re en redonnant libert\u00e9 et moyens aux r\u00e9gions et \u00e0 leurs grandes villes, dans le domaine de la mobilit\u00e9 ferroviaire d&rsquo;abord. On voit parfaitement que les initiatives prises en ce sens dans les r\u00e9gions subissent toutes les foudres soit de l&rsquo;op\u00e9rateur historique soit de l&rsquo;\u00e9tat. Car on tremble de r\u00e9former un mod\u00e8le qui va dans le mur.<br \/>\n&nbsp;<br \/>\n[fond jaune]Alors que faire en pleine crise ?[\/fond jaune]<br \/>\n&nbsp;<br \/>\nC&rsquo;est apparemment le dernier sursaut \u00e0 organiser. Nous pensons au collectif du Haut Allier qu&rsquo;il faut frapper tr\u00e8s fort sur deux plans, sans doute au niveau du Premier Ministre et \/ ou de la Pr\u00e9sidence et s\u00fbrement avec des actions m\u00e9diatiques conjointes. De quelle fa\u00e7on ? Au collectif #UrgenceAubrac de monter tout \u00e7a. Nous leur faisons confiance. Mais le moment est venu car il est hors de question qu&rsquo;une ligne structurante de cette importance soit ferm\u00e9e dans l&rsquo;indiff\u00e9rence nationale.<br \/>\n&nbsp;<br \/>\n<strong>Et peut-\u00eatre se coordonner avec le <a href=\"https:\/\/www.facebook.com\/LigneBeziersNeussargues\/\"><em>Comit\u00e9 pluraliste de d\u00e9fense de la ligne<\/em><\/a>, \u00e0 forte tendance cheminote certes, pour, en \u00e9vitant les interf\u00e9rences de discours, mettre au point tr\u00e8s rapidement une strat\u00e9gie globale de communication et frapper un grand coup.<\/strong><br \/>\n&nbsp;<br \/>\nLe Collectif des Usagers du Haut-Allier apportera son soutien aux diverses initiatives.<br \/>\n&nbsp;<br \/>\n<img loading=\"lazy\" decoding=\"async\" class=\" aligncenter size-full wp-image-3451\" src=\"http:\/\/5.45.101.177\/haut-allier\/usagers-transportse\/wp-content\/uploads\/2021\/10\/ligne-beziers-neussargues-transparent-2.png\" alt=\"ligne-beziers-neussargues-transparent-2.png\" align=\"center\" width=\"558\" height=\"1522\" srcset=\"https:\/\/usagers-transports.haut-allier.eu\/wp-content\/uploads\/2021\/10\/ligne-beziers-neussargues-transparent-2.png 558w, https:\/\/usagers-transports.haut-allier.eu\/wp-content\/uploads\/2021\/10\/ligne-beziers-neussargues-transparent-2-110x300.png 110w, https:\/\/usagers-transports.haut-allier.eu\/wp-content\/uploads\/2021\/10\/ligne-beziers-neussargues-transparent-2-375x1024.png 375w\" sizes=\"auto, (max-width: 558px) 100vw, 558px\" \/><br \/>\n&nbsp;<br \/>\n[Mise \u00e0 jour du 6 octobre]<br \/>\n&nbsp;<br \/>\nDans un communiqu\u00e9 repris par Midi Libre le Comit\u00e9 pluraliste se f\u00e9licite de la r\u00e9ouverture r\u00e9cente de la ligne au trafic fret et annonce son assembl\u00e9e g\u00e9n\u00e9rale :<br \/>\n&nbsp;<br \/>\n<a href=\"https:\/\/www.midilibre.fr\/2021\/10\/06\/reaction-a-la-suite-de-la-reouverture-de-la-ligne-beziers-neussargues-9833610.php\"><em>R\u00e9action \u00e0 la suite de la r\u00e9ouverture de la ligne B\u00e9ziers-Neussargues.<\/em><\/a><\/p>\n","protected":false},"excerpt":{"rendered":"<p>Selon une indiscr\u00e9tion, il semblerait que malgr\u00e9 les nombreuses actions des \u00e9lus locaux et r\u00e9gionaux, des communes, des<\/p>\n","protected":false},"author":1,"featured_media":3447,"comment_status":"open","ping_status":"open","sticky":false,"template":"","format":"standard","meta":{"footnotes":""},"categories":[2],"tags":[],"class_list":["post-802","post","type-post","status-publish","format-standard","has-post-thumbnail","hentry","category-infos"],"_links":{"self":[{"href":"https:\/\/usagers-transports.haut-allier.eu\/index.php\/wp-json\/wp\/v2\/posts\/802","targetHints":{"allow":["GET"]}}],"collection":[{"href":"https:\/\/usagers-transports.haut-allier.eu\/index.php\/wp-json\/wp\/v2\/posts"}],"about":[{"href":"https:\/\/usagers-transports.haut-allier.eu\/index.php\/wp-json\/wp\/v2\/types\/post"}],"author":[{"embeddable":true,"href":"https:\/\/usagers-transports.haut-allier.eu\/index.php\/wp-json\/wp\/v2\/users\/1"}],"replies":[{"embeddable":true,"href":"https:\/\/usagers-transports.haut-allier.eu\/index.php\/wp-json\/wp\/v2\/comments?post=802"}],"version-history":[{"count":0,"href":"https:\/\/usagers-transports.haut-allier.eu\/index.php\/wp-json\/wp\/v2\/posts\/802\/revisions"}],"wp:featuredmedia":[{"embeddable":true,"href":"https:\/\/usagers-transports.haut-allier.eu\/index.php\/wp-json\/wp\/v2\/media\/3447"}],"wp:attachment":[{"href":"https:\/\/usagers-transports.haut-allier.eu\/index.php\/wp-json\/wp\/v2\/media?parent=802"}],"wp:term":[{"taxonomy":"category","embeddable":true,"href":"https:\/\/usagers-transports.haut-allier.eu\/index.php\/wp-json\/wp\/v2\/categories?post=802"},{"taxonomy":"post_tag","embeddable":true,"href":"https:\/\/usagers-transports.haut-allier.eu\/index.php\/wp-json\/wp\/v2\/tags?post=802"}],"curies":[{"name":"wp","href":"https:\/\/api.w.org\/{rel}","templated":true}]}}