{"id":803,"date":"2021-09-29T18:44:52","date_gmt":"2021-09-29T16:44:52","guid":{"rendered":"http:\/\/5.45.101.177\/haut-allier\/usagers-transportse\/index.php\/2021\/09\/29\/annonces-de-la-region-occitanie803\/"},"modified":"2021-09-29T18:44:52","modified_gmt":"2021-09-29T16:44:52","slug":"annonces-de-la-region-occitanie803","status":"publish","type":"post","link":"https:\/\/usagers-transports.haut-allier.eu\/index.php\/2021\/09\/29\/annonces-de-la-region-occitanie803\/","title":{"rendered":"Annonces de la r\u00e9gion Occitanie lors de la visite de Jean-Pierre Farandou"},"content":{"rendered":"<p>Carole Delga se trouvait aux c\u00f4t\u00e9s du PDG de la SNCF ce 29 septembre \u00e0 Montpellier pour la signature du protocole d&rsquo;accord cadre entre la r\u00e9gion et SNCF R\u00e9seau.<br \/>\n&nbsp;<br \/>\nA cette occasion plusieurs engagements ont \u00e9t\u00e9 rappel\u00e9s, les annonces avaient \u00e9t\u00e9 faites l&rsquo;an dernier pour certaines :<br \/>\n&nbsp;<br \/>\n&#8211; L&rsquo;objectif de la pr\u00e9sidente est de faire passer le nombre de voyageurs TER de <strong>67 000 actuellement \u00e0 100 000<\/strong> \u00e0 l&rsquo;horizon 2030.<br \/>\n&#8211; Un plan de <strong>800 millions d&rsquo;euros<\/strong> est d\u00e9bloqu\u00e9 pour la mise \u00e0 niveau des infrastructures des \u00ab\u00a0petites lignes\u00a0\u00bb (le r\u00e9seau).<br \/>\n&#8211; L\u2019ouverture de la ligne sur la <strong>rive droite du Rh\u00f4ne<\/strong> d\u2019ici juin 2022 (12,8 M\u20ac) aussi \u00e9t\u00e9 \u00e9voqu\u00e9e.<br \/>\n&#8211; La r\u00e9ouverture de la ligne <strong>Montr\u00e9jeau Luchon<\/strong>, ligne test du train \u00e0 hydrog\u00e8ne, d\u2019ici le 2e semestre 2023 (travaux en 2022 pour 67 millions d&rsquo;euros).<br \/>\n&#8211; Et aussi la ligne <strong>Al\u00e8s Bess\u00e8ges<\/strong>, o\u00f9 la r\u00e9gion va investir 66 millions d&rsquo;euros pour des travaux en 2024 (deux tranches) et une mise en service \u00e0 horizon 2025-2026.<br \/>\n&#8211; Rappelons aussi mais cela nous concerne moins le <strong>retour du train des primeurs<\/strong> Perpignan Rungis \u00e0 partir du 21 octobre.<br \/>\n&#8211; Evoqu\u00e9 aussi le succ\u00e8s des <strong>billets \u00e0 un euro<\/strong> qui a permis de booster la fr\u00e9quentation sur toutes les lignes, y compris sur celle du train C\u00e9venol (+7% en plus cet \u00e9t\u00e9).<br \/>\n&nbsp;<br \/>\nUne r\u00e9gion dynamique \u00e0 prendre en exemple ailleurs.<\/p>\n","protected":false},"excerpt":{"rendered":"<p>Carole Delga se trouvait aux c\u00f4t\u00e9s du PDG de la SNCF ce 29 septembre \u00e0 Montpellier pour la<\/p>\n","protected":false},"author":1,"featured_media":3452,"comment_status":"open","ping_status":"open","sticky":false,"template":"","format":"standard","meta":{"footnotes":""},"categories":[2],"tags":[],"class_list":["post-803","post","type-post","status-publish","format-standard","has-post-thumbnail","hentry","category-infos"],"_links":{"self":[{"href":"https:\/\/usagers-transports.haut-allier.eu\/index.php\/wp-json\/wp\/v2\/posts\/803","targetHints":{"allow":["GET"]}}],"collection":[{"href":"https:\/\/usagers-transports.haut-allier.eu\/index.php\/wp-json\/wp\/v2\/posts"}],"about":[{"href":"https:\/\/usagers-transports.haut-allier.eu\/index.php\/wp-json\/wp\/v2\/types\/post"}],"author":[{"embeddable":true,"href":"https:\/\/usagers-transports.haut-allier.eu\/index.php\/wp-json\/wp\/v2\/users\/1"}],"replies":[{"embeddable":true,"href":"https:\/\/usagers-transports.haut-allier.eu\/index.php\/wp-json\/wp\/v2\/comments?post=803"}],"version-history":[{"count":0,"href":"https:\/\/usagers-transports.haut-allier.eu\/index.php\/wp-json\/wp\/v2\/posts\/803\/revisions"}],"wp:featuredmedia":[{"embeddable":true,"href":"https:\/\/usagers-transports.haut-allier.eu\/index.php\/wp-json\/wp\/v2\/media\/3452"}],"wp:attachment":[{"href":"https:\/\/usagers-transports.haut-allier.eu\/index.php\/wp-json\/wp\/v2\/media?parent=803"}],"wp:term":[{"taxonomy":"category","embeddable":true,"href":"https:\/\/usagers-transports.haut-allier.eu\/index.php\/wp-json\/wp\/v2\/categories?post=803"},{"taxonomy":"post_tag","embeddable":true,"href":"https:\/\/usagers-transports.haut-allier.eu\/index.php\/wp-json\/wp\/v2\/tags?post=803"}],"curies":[{"name":"wp","href":"https:\/\/api.w.org\/{rel}","templated":true}]}}