{"id":804,"date":"2021-10-06T19:30:58","date_gmt":"2021-10-06T17:30:58","guid":{"rendered":"http:\/\/5.45.101.177\/haut-allier\/usagers-transportse\/index.php\/2021\/10\/06\/les-voyageurs-extravagants-de-la804\/"},"modified":"2021-10-06T19:30:58","modified_gmt":"2021-10-06T17:30:58","slug":"les-voyageurs-extravagants-de-la804","status":"publish","type":"post","link":"https:\/\/usagers-transports.haut-allier.eu\/index.php\/2021\/10\/06\/les-voyageurs-extravagants-de-la804\/","title":{"rendered":"Les Voyageurs Extravagants de la gare de Lunel : la formidable fresque des lyc\u00e9ens"},"content":{"rendered":"<p>Formidable chef d&rsquo;oeuvre imagin\u00e9 et cr\u00e9\u00e9e par les \u00e9l\u00e8ves du lyc\u00e9e Louis Feuillade de Lunel :<br \/>\n&nbsp;<br \/>\n<img loading=\"lazy\" decoding=\"async\" class=\" aligncenter size-full wp-image-3454\" src=\"http:\/\/5.45.101.177\/haut-allier\/usagers-transportse\/wp-content\/uploads\/2021\/10\/voyageursextravagants.jpg\" alt=\"voyageursextravagants.jpg\" align=\"center\" width=\"1225\" height=\"623\" srcset=\"https:\/\/usagers-transports.haut-allier.eu\/wp-content\/uploads\/2021\/10\/voyageursextravagants.jpg 1225w, https:\/\/usagers-transports.haut-allier.eu\/wp-content\/uploads\/2021\/10\/voyageursextravagants-300x153.jpg 300w, https:\/\/usagers-transports.haut-allier.eu\/wp-content\/uploads\/2021\/10\/voyageursextravagants-1024x521.jpg 1024w, https:\/\/usagers-transports.haut-allier.eu\/wp-content\/uploads\/2021\/10\/voyageursextravagants-768x391.jpg 768w\" sizes=\"auto, (max-width: 1225px) 100vw, 1225px\" \/><br \/>\n&nbsp;<br \/>\nCar oui les trains du quotidien et les autres sont au service d&rsquo;une population d&rsquo;usagers extraordinaire, bigarr\u00e9e, extr\u00eamement vari\u00e9e, diff\u00e9remment accoutr\u00e9e, qui repr\u00e9sente bien toute la richesse d&rsquo;un peuple jeune et plein d&rsquo;avenir, sur un littoral m\u00e9diterran\u00e9en \u00e0 la d\u00e9mographie galopante.<br \/>\n&nbsp;<br \/>\n<em>Le lyc\u00e9e Feuillade qui propose depuis 20 ans deux enseignements artistiques : Arts plastiques et Cin\u00e9ma-audiovisuel<\/em><br \/>\n&nbsp;<br \/>\n<img loading=\"lazy\" decoding=\"async\" class=\" aligncenter size-full wp-image-3455\" src=\"http:\/\/5.45.101.177\/haut-allier\/usagers-transportse\/wp-content\/uploads\/2021\/10\/lycee-2-4.jpg\" alt=\"lycee-2-4.jpg\" align=\"center\" width=\"700\" height=\"248\" srcset=\"https:\/\/usagers-transports.haut-allier.eu\/wp-content\/uploads\/2021\/10\/lycee-2-4.jpg 700w, https:\/\/usagers-transports.haut-allier.eu\/wp-content\/uploads\/2021\/10\/lycee-2-4-300x106.jpg 300w\" sizes=\"auto, (max-width: 700px) 100vw, 700px\" \/><br \/>\n&nbsp;<br \/>\n<strong>La fresque sera inaugur\u00e9e \u00e0 la gare de Lunel lundi 11 octobre \u00e0 10 heures, rendez vous  devant la gare SNCF sur le parvis bas en pr\u00e9sence des lyc\u00e9ens.<\/strong><\/p>\n","protected":false},"excerpt":{"rendered":"<p>Formidable chef d&rsquo;oeuvre imagin\u00e9 et cr\u00e9\u00e9e par les \u00e9l\u00e8ves du lyc\u00e9e Louis Feuillade de Lunel : &nbsp; &nbsp;<\/p>\n","protected":false},"author":1,"featured_media":3453,"comment_status":"open","ping_status":"open","sticky":false,"template":"","format":"standard","meta":{"footnotes":""},"categories":[2],"tags":[],"class_list":["post-804","post","type-post","status-publish","format-standard","has-post-thumbnail","hentry","category-infos"],"_links":{"self":[{"href":"https:\/\/usagers-transports.haut-allier.eu\/index.php\/wp-json\/wp\/v2\/posts\/804","targetHints":{"allow":["GET"]}}],"collection":[{"href":"https:\/\/usagers-transports.haut-allier.eu\/index.php\/wp-json\/wp\/v2\/posts"}],"about":[{"href":"https:\/\/usagers-transports.haut-allier.eu\/index.php\/wp-json\/wp\/v2\/types\/post"}],"author":[{"embeddable":true,"href":"https:\/\/usagers-transports.haut-allier.eu\/index.php\/wp-json\/wp\/v2\/users\/1"}],"replies":[{"embeddable":true,"href":"https:\/\/usagers-transports.haut-allier.eu\/index.php\/wp-json\/wp\/v2\/comments?post=804"}],"version-history":[{"count":0,"href":"https:\/\/usagers-transports.haut-allier.eu\/index.php\/wp-json\/wp\/v2\/posts\/804\/revisions"}],"wp:featuredmedia":[{"embeddable":true,"href":"https:\/\/usagers-transports.haut-allier.eu\/index.php\/wp-json\/wp\/v2\/media\/3453"}],"wp:attachment":[{"href":"https:\/\/usagers-transports.haut-allier.eu\/index.php\/wp-json\/wp\/v2\/media?parent=804"}],"wp:term":[{"taxonomy":"category","embeddable":true,"href":"https:\/\/usagers-transports.haut-allier.eu\/index.php\/wp-json\/wp\/v2\/categories?post=804"},{"taxonomy":"post_tag","embeddable":true,"href":"https:\/\/usagers-transports.haut-allier.eu\/index.php\/wp-json\/wp\/v2\/tags?post=804"}],"curies":[{"name":"wp","href":"https:\/\/api.w.org\/{rel}","templated":true}]}}