{"id":805,"date":"2021-10-07T07:02:18","date_gmt":"2021-10-07T05:02:18","guid":{"rendered":"http:\/\/5.45.101.177\/haut-allier\/usagers-transportse\/index.php\/2021\/10\/07\/ligne-des-cevennes-retour-a-la805\/"},"modified":"2021-10-07T07:02:18","modified_gmt":"2021-10-07T05:02:18","slug":"ligne-des-cevennes-retour-a-la805","status":"publish","type":"post","link":"https:\/\/usagers-transports.haut-allier.eu\/index.php\/2021\/10\/07\/ligne-des-cevennes-retour-a-la805\/","title":{"rendered":"Ligne des C\u00e9vennes : retour \u00e0 la normale"},"content":{"rendered":"<p>Les usagers SNCF du Gard et des d\u00e9partements limitrophes nous apprennent ce matin qu&rsquo;\u00e0 la suite des intemp\u00e9ries de la semaine derni\u00e8re dans les C\u00e9vennes et la Loz\u00e8re ce jeudi matin 7 octobre marque le retour \u00e0 la normale des circulations (sauf 2).<br \/>\n&nbsp;<br \/>\nLa SNCF communique :<br \/>\n&nbsp;<\/p>\n<p>[(<br \/>\n<em>Suite aux intemp\u00e9ries de ce WE, la voie a \u00e9t\u00e9 noy\u00e9e \u00e0 plusieurs endroits et d\u00e9stabilis\u00e9e.<br \/>\n&nbsp;<br \/>\nNous avons pu restituer une premi\u00e8re section entre Al\u00e8s et G\u00e9nolhac le mardi 5 matin apr\u00e8s les v\u00e9rifications sur la voie et les ouvrages d\u2019art et ouvrages en terre.<br \/>\n&nbsp;<br \/>\nLa section G\u00e9nolhac \u2013 La Bastide, impact\u00e9e sur une quinzaine de km, a n\u00e9cessit\u00e9 aussi une inspection g\u00e9n\u00e9rale. Nous avons d\u00fb faire passer des circulations non commerciales pour stabiliser la voie ainsi que l\u2019engin multifonctions pour contr\u00f4ler la g\u00e9om\u00e9trie et s\u2019assurer de la stabilisation.<br \/>\n&nbsp;<br \/>\nInitialement pr\u00e9vues ce mardi, ces op\u00e9rations n\u2019ont pas pu \u00eatre r\u00e9alis\u00e9es en raison du mouvement social. Elles ont \u00e9t\u00e9 r\u00e9alis\u00e9es aujourd\u2019hui.<br \/>\n&nbsp;<br \/>\nLa reprise des circulations est donc pr\u00e9vue pour ce jeudi 7 octobre, d\u00e8s la premi\u00e8re heure.<\/em><br \/>\n)]<\/p>\n<p>La fiche horaire du jour :<br \/>\n&nbsp;<br \/>\n<a href=\"http:\/\/5.45.101.177\/haut-allier\/usagers-transportse\/wp-content\/uploads\/2021\/10\/ni-ale-mde_7_octobre_tcm76-234911_tcm76-295256.pdf\">ni-ale-mde_7_octobre_tcm76-234911_tcm76-295256.pdf<\/a><br \/>\n&nbsp;<\/p>\n","protected":false},"excerpt":{"rendered":"<p>Les usagers SNCF du Gard et des d\u00e9partements limitrophes nous apprennent ce matin qu&rsquo;\u00e0 la suite des intemp\u00e9ries<\/p>\n","protected":false},"author":1,"featured_media":3456,"comment_status":"open","ping_status":"open","sticky":false,"template":"","format":"standard","meta":{"footnotes":""},"categories":[2],"tags":[],"class_list":["post-805","post","type-post","status-publish","format-standard","has-post-thumbnail","hentry","category-infos"],"_links":{"self":[{"href":"https:\/\/usagers-transports.haut-allier.eu\/index.php\/wp-json\/wp\/v2\/posts\/805","targetHints":{"allow":["GET"]}}],"collection":[{"href":"https:\/\/usagers-transports.haut-allier.eu\/index.php\/wp-json\/wp\/v2\/posts"}],"about":[{"href":"https:\/\/usagers-transports.haut-allier.eu\/index.php\/wp-json\/wp\/v2\/types\/post"}],"author":[{"embeddable":true,"href":"https:\/\/usagers-transports.haut-allier.eu\/index.php\/wp-json\/wp\/v2\/users\/1"}],"replies":[{"embeddable":true,"href":"https:\/\/usagers-transports.haut-allier.eu\/index.php\/wp-json\/wp\/v2\/comments?post=805"}],"version-history":[{"count":0,"href":"https:\/\/usagers-transports.haut-allier.eu\/index.php\/wp-json\/wp\/v2\/posts\/805\/revisions"}],"wp:featuredmedia":[{"embeddable":true,"href":"https:\/\/usagers-transports.haut-allier.eu\/index.php\/wp-json\/wp\/v2\/media\/3456"}],"wp:attachment":[{"href":"https:\/\/usagers-transports.haut-allier.eu\/index.php\/wp-json\/wp\/v2\/media?parent=805"}],"wp:term":[{"taxonomy":"category","embeddable":true,"href":"https:\/\/usagers-transports.haut-allier.eu\/index.php\/wp-json\/wp\/v2\/categories?post=805"},{"taxonomy":"post_tag","embeddable":true,"href":"https:\/\/usagers-transports.haut-allier.eu\/index.php\/wp-json\/wp\/v2\/tags?post=805"}],"curies":[{"name":"wp","href":"https:\/\/api.w.org\/{rel}","templated":true}]}}