{"id":806,"date":"2021-10-09T18:53:59","date_gmt":"2021-10-09T16:53:59","guid":{"rendered":"http:\/\/5.45.101.177\/haut-allier\/usagers-transportse\/index.php\/2021\/10\/09\/la-locomotive-et-l-allier-la806\/"},"modified":"2021-10-09T18:53:59","modified_gmt":"2021-10-09T16:53:59","slug":"la-locomotive-et-l-allier-la806","status":"publish","type":"post","link":"https:\/\/usagers-transports.haut-allier.eu\/index.php\/2021\/10\/09\/la-locomotive-et-l-allier-la806\/","title":{"rendered":"\u00ab\u00a0La Locomotive et l&rsquo;Allier\u00a0\u00bb la chanson embl\u00e8me du train C\u00e9venol ?"},"content":{"rendered":"<p>B\u00e9atrice Crozat a cr\u00e9\u00e9 cette chanson parce que nous dit-elle \u00ab\u00a0J&rsquo;aime le C\u00e9venol\u00a0\u00bb. L&rsquo;autrice compositrice est une chanteuse \u00ab\u00a0amateur\u00a0\u00bb tient elle \u00e0 pr\u00e9ciser. Amatrice peut-\u00eatre, au sens noble s\u00fbrement, et elle donne de temps en temps des concerts, par exemple dans l&rsquo;Ain dans quelques lieux associatifs.<br \/>\n&nbsp;<br \/>\nEt vous en jugerez l&rsquo;ensemble est de qualit\u00e9.<br \/>\n&nbsp;<br \/>\nAjoutons que les arrangements sont de Fred Garcia.<br \/>\n&nbsp;<br \/>\nBonne \u00e9coute !<br \/>\n&nbsp;<br \/>\n<a href=\"http:\/\/5.45.101.177\/haut-allier\/usagers-transportse\/wp-content\/uploads\/2021\/10\/211005_la_loco_et_l_allier.mp3\">211005_la_loco_et_l_allier.mp3<\/a><br \/>\n&nbsp;<\/p>\n","protected":false},"excerpt":{"rendered":"<p>B\u00e9atrice Crozat a cr\u00e9\u00e9 cette chanson parce que nous dit-elle \u00ab\u00a0J&rsquo;aime le C\u00e9venol\u00a0\u00bb. L&rsquo;autrice compositrice est une chanteuse<\/p>\n","protected":false},"author":1,"featured_media":3458,"comment_status":"open","ping_status":"open","sticky":false,"template":"","format":"standard","meta":{"footnotes":""},"categories":[2],"tags":[],"class_list":["post-806","post","type-post","status-publish","format-standard","has-post-thumbnail","hentry","category-infos"],"_links":{"self":[{"href":"https:\/\/usagers-transports.haut-allier.eu\/index.php\/wp-json\/wp\/v2\/posts\/806","targetHints":{"allow":["GET"]}}],"collection":[{"href":"https:\/\/usagers-transports.haut-allier.eu\/index.php\/wp-json\/wp\/v2\/posts"}],"about":[{"href":"https:\/\/usagers-transports.haut-allier.eu\/index.php\/wp-json\/wp\/v2\/types\/post"}],"author":[{"embeddable":true,"href":"https:\/\/usagers-transports.haut-allier.eu\/index.php\/wp-json\/wp\/v2\/users\/1"}],"replies":[{"embeddable":true,"href":"https:\/\/usagers-transports.haut-allier.eu\/index.php\/wp-json\/wp\/v2\/comments?post=806"}],"version-history":[{"count":0,"href":"https:\/\/usagers-transports.haut-allier.eu\/index.php\/wp-json\/wp\/v2\/posts\/806\/revisions"}],"wp:featuredmedia":[{"embeddable":true,"href":"https:\/\/usagers-transports.haut-allier.eu\/index.php\/wp-json\/wp\/v2\/media\/3458"}],"wp:attachment":[{"href":"https:\/\/usagers-transports.haut-allier.eu\/index.php\/wp-json\/wp\/v2\/media?parent=806"}],"wp:term":[{"taxonomy":"category","embeddable":true,"href":"https:\/\/usagers-transports.haut-allier.eu\/index.php\/wp-json\/wp\/v2\/categories?post=806"},{"taxonomy":"post_tag","embeddable":true,"href":"https:\/\/usagers-transports.haut-allier.eu\/index.php\/wp-json\/wp\/v2\/tags?post=806"}],"curies":[{"name":"wp","href":"https:\/\/api.w.org\/{rel}","templated":true}]}}