{"id":807,"date":"2021-10-10T09:17:34","date_gmt":"2021-10-10T07:17:34","guid":{"rendered":"http:\/\/5.45.101.177\/haut-allier\/usagers-transportse\/index.php\/2021\/10\/10\/le-reseau-europeen-entrain-va807\/"},"modified":"2026-09-01T15:58:14","modified_gmt":"2026-09-01T13:58:14","slug":"le-reseau-europeen-entrain-va807","status":"publish","type":"post","link":"https:\/\/usagers-transports.haut-allier.eu\/index.php\/2021\/10\/10\/le-reseau-europeen-entrain-va807\/","title":{"rendered":"Le r\u00e9seau europ\u00e9en #EnTrain va d\u00e9fendre la mobilit\u00e9 pour tous et toutes"},"content":{"rendered":"Cr\u00e9\u00e9 sous l&rsquo;\u00e9gide de la fondation Charles L\u00e9opold Meyer pour le Progr\u00e8s de l\u2019Homme et de sa division <a href=\"https:\/\/www.association-must.ch\/actualites\"><em> MUST <\/em><\/a> charg\u00e9e des mobilit\u00e9s, les 7 et 8 octobre derniers avait lieu \u00e0 Gen\u00e8ve son 3\u00e8me forum \u00ab\u00a0d&rsquo;installation\u00a0\u00bb puisqu&rsquo;il s&rsquo;est dot\u00e9 d\u00e9sormais d&rsquo;une salari\u00e9e charg\u00e9e de coordonner son travail et ses actions. \n&nbsp;\nLe r\u00e9seau #EnTrain se fixe l&rsquo;objectif de convaincre les d\u00e9cideurs europ\u00e9ens, nationaux et r\u00e9gionaux de mettre en place un plan d&rsquo;investissement strat\u00e9gique ambitieux et transparent permettant de d\u00e9velopper les trains du quotidien y compris les trains de nuit, gr\u00e2ce \u00e0 une modernisation des infrastructures ferroviaires. Le tout pour servir une mobilit\u00e9 sobre, propre et partag\u00e9e pour toutes et tous.\n&nbsp;\nSi l&rsquo;ann\u00e9e 2021 a vu essentiellement, un peu avant les r\u00e9gionales en France, la publication d&rsquo;une tribune dans le Monde dont on vous a parl\u00e9 <a href=\"https:\/\/usagers-transports.haut-allier.eu\/?toutes-et-tous-en-train-la-tribune,792\"><strong>ici<\/strong><\/a>, les initiateurs, pour le moment venus de l&rsquo;Europe francophone, se sont attach\u00e9s \u00e0 finaliser la charte du r\u00e9seau qui sera rendue publique d&rsquo;ici la fin de l&rsquo;ann\u00e9e. Ensuite viendra le temps de conforter avec la venue de nouveaux membres. \n&nbsp;\n<em>Un des groupes de travail<\/em>\n<img loading=\"lazy\" decoding=\"async\" class=\" aligncenter size-full wp-image-3461\" src=\"http:\/\/5.45.101.177\/haut-allier\/usagers-transportse\/wp-content\/uploads\/2021\/10\/pimg_20211007_132734_203.jpg\" alt=\"pimg_20211007_132734_203.jpg\" align=\"center\" width=\"2000\" height=\"1125\" srcset=\"https:\/\/usagers-transports.haut-allier.eu\/wp-content\/uploads\/2021\/10\/pimg_20211007_132734_203.jpg 2000w, https:\/\/usagers-transports.haut-allier.eu\/wp-content\/uploads\/2021\/10\/pimg_20211007_132734_203-300x169.jpg 300w, https:\/\/usagers-transports.haut-allier.eu\/wp-content\/uploads\/2021\/10\/pimg_20211007_132734_203-1024x576.jpg 1024w, https:\/\/usagers-transports.haut-allier.eu\/wp-content\/uploads\/2021\/10\/pimg_20211007_132734_203-768x432.jpg 768w, https:\/\/usagers-transports.haut-allier.eu\/wp-content\/uploads\/2021\/10\/pimg_20211007_132734_203-1536x864.jpg 1536w\" sizes=\"auto, (max-width: 2000px) 100vw, 2000px\" \/>\n&nbsp;\nDes \u00e9changes extr\u00eamement cordiaux et fructueux, comme ils le sont depuis les premi\u00e8res rencontres. Une visite des installations du L\u00e9man Express a \u00e9t\u00e9 organis\u00e9e avec Vincent Kaufmann, sociologue suisse sp\u00e9cialis\u00e9 dans les \u00e9tudes de la mobilit\u00e9 et la sociologie urbaine, professeur de sociologie \u00e0 l&rsquo;EPFL (Lausanne) et responsable du laboratoire de sociologie urbaine \u00e0 l&rsquo;\u00c9cole de g\u00e9nie civil, architectural et environnemental. Un expert pas tr\u00e8s \u00e9loign\u00e9 du projet du L\u00e9man Express, qui nous a fait vivre, avec humour et passion, les probl\u00e9matiques d&rsquo;un projet international depuis l&rsquo;int\u00e9rieur.\n&nbsp;\n<em>Le r\u00e9seau L\u00e9man Express\n<\/em>\n<img loading=\"lazy\" decoding=\"async\" class=\" aligncenter size-full wp-image-3462\" src=\"http:\/\/5.45.101.177\/haut-allier\/usagers-transportse\/wp-content\/uploads\/2021\/10\/pimg_20211007_195822_990.jpg\" alt=\"pimg_20211007_195822_990.jpg\" align=\"center\" width=\"2000\" height=\"1125\" srcset=\"https:\/\/usagers-transports.haut-allier.eu\/wp-content\/uploads\/2021\/10\/pimg_20211007_195822_990.jpg 2000w, https:\/\/usagers-transports.haut-allier.eu\/wp-content\/uploads\/2021\/10\/pimg_20211007_195822_990-300x169.jpg 300w, https:\/\/usagers-transports.haut-allier.eu\/wp-content\/uploads\/2021\/10\/pimg_20211007_195822_990-1024x576.jpg 1024w, https:\/\/usagers-transports.haut-allier.eu\/wp-content\/uploads\/2021\/10\/pimg_20211007_195822_990-768x432.jpg 768w, https:\/\/usagers-transports.haut-allier.eu\/wp-content\/uploads\/2021\/10\/pimg_20211007_195822_990-1536x864.jpg 1536w\" sizes=\"auto, (max-width: 2000px) 100vw, 2000px\" \/>\n<em>Un panneau d&rsquo;affichage prouvant un cadencement efficace\n<\/em>\n<img loading=\"lazy\" decoding=\"async\" class=\" aligncenter size-full wp-image-3463\" src=\"http:\/\/5.45.101.177\/haut-allier\/usagers-transportse\/wp-content\/uploads\/2021\/10\/pimg_20211007_190927_147.jpg\" alt=\"pimg_20211007_190927_147.jpg\" align=\"center\" width=\"2000\" height=\"1125\" srcset=\"https:\/\/usagers-transports.haut-allier.eu\/wp-content\/uploads\/2021\/10\/pimg_20211007_190927_147.jpg 2000w, https:\/\/usagers-transports.haut-allier.eu\/wp-content\/uploads\/2021\/10\/pimg_20211007_190927_147-300x169.jpg 300w, https:\/\/usagers-transports.haut-allier.eu\/wp-content\/uploads\/2021\/10\/pimg_20211007_190927_147-1024x576.jpg 1024w, https:\/\/usagers-transports.haut-allier.eu\/wp-content\/uploads\/2021\/10\/pimg_20211007_190927_147-768x432.jpg 768w, https:\/\/usagers-transports.haut-allier.eu\/wp-content\/uploads\/2021\/10\/pimg_20211007_190927_147-1536x864.jpg 1536w\" sizes=\"auto, (max-width: 2000px) 100vw, 2000px\" \/>\n<em>Les rames suisses \u00ab\u00a0Flirt\u00a0\u00bb de Stadler du L\u00e9man Express c\u00f4toient des rames R\u00e9giolis Alstom<\/em>\n<img loading=\"lazy\" decoding=\"async\" class=\" aligncenter size-full wp-image-3464\" src=\"http:\/\/5.45.101.177\/haut-allier\/usagers-transportse\/wp-content\/uploads\/2021\/10\/pimg_20211007_195749_315.jpg\" alt=\"pimg_20211007_195749_315.jpg\" align=\"center\" width=\"2000\" height=\"1125\" srcset=\"https:\/\/usagers-transports.haut-allier.eu\/wp-content\/uploads\/2021\/10\/pimg_20211007_195749_315.jpg 2000w, https:\/\/usagers-transports.haut-allier.eu\/wp-content\/uploads\/2021\/10\/pimg_20211007_195749_315-300x169.jpg 300w, https:\/\/usagers-transports.haut-allier.eu\/wp-content\/uploads\/2021\/10\/pimg_20211007_195749_315-1024x576.jpg 1024w, https:\/\/usagers-transports.haut-allier.eu\/wp-content\/uploads\/2021\/10\/pimg_20211007_195749_315-768x432.jpg 768w, https:\/\/usagers-transports.haut-allier.eu\/wp-content\/uploads\/2021\/10\/pimg_20211007_195749_315-1536x864.jpg 1536w\" sizes=\"auto, (max-width: 2000px) 100vw, 2000px\" \/><\/em>\n<em>La gare de Lancy Bachet. Un peu de design suisse.\n<\/em>\n<img loading=\"lazy\" decoding=\"async\" class=\" aligncenter size-full wp-image-3465\" src=\"http:\/\/5.45.101.177\/haut-allier\/usagers-transportse\/wp-content\/uploads\/2021\/10\/pimg_20211007_184329_693.jpg\" alt=\"pimg_20211007_184329_693.jpg\" align=\"center\" width=\"2000\" height=\"1125\" srcset=\"https:\/\/usagers-transports.haut-allier.eu\/wp-content\/uploads\/2021\/10\/pimg_20211007_184329_693.jpg 2000w, https:\/\/usagers-transports.haut-allier.eu\/wp-content\/uploads\/2021\/10\/pimg_20211007_184329_693-300x169.jpg 300w, https:\/\/usagers-transports.haut-allier.eu\/wp-content\/uploads\/2021\/10\/pimg_20211007_184329_693-1024x576.jpg 1024w, https:\/\/usagers-transports.haut-allier.eu\/wp-content\/uploads\/2021\/10\/pimg_20211007_184329_693-768x432.jpg 768w, https:\/\/usagers-transports.haut-allier.eu\/wp-content\/uploads\/2021\/10\/pimg_20211007_184329_693-1536x864.jpg 1536w\" sizes=\"auto, (max-width: 2000px) 100vw, 2000px\" \/>\n\n<img loading=\"lazy\" decoding=\"async\" class=\" aligncenter size-full wp-image-3466\" src=\"http:\/\/5.45.101.177\/haut-allier\/usagers-transportse\/wp-content\/uploads\/2021\/10\/pimg_20211007_184623_538.jpg\" alt=\"pimg_20211007_184623_538.jpg\" align=\"center\" width=\"2000\" height=\"1125\" srcset=\"https:\/\/usagers-transports.haut-allier.eu\/wp-content\/uploads\/2021\/10\/pimg_20211007_184623_538.jpg 2000w, https:\/\/usagers-transports.haut-allier.eu\/wp-content\/uploads\/2021\/10\/pimg_20211007_184623_538-300x169.jpg 300w, https:\/\/usagers-transports.haut-allier.eu\/wp-content\/uploads\/2021\/10\/pimg_20211007_184623_538-1024x576.jpg 1024w, https:\/\/usagers-transports.haut-allier.eu\/wp-content\/uploads\/2021\/10\/pimg_20211007_184623_538-768x432.jpg 768w, https:\/\/usagers-transports.haut-allier.eu\/wp-content\/uploads\/2021\/10\/pimg_20211007_184623_538-1536x864.jpg 1536w\" sizes=\"auto, (max-width: 2000px) 100vw, 2000px\" \/>\n\n<img loading=\"lazy\" decoding=\"async\" class=\" aligncenter size-full wp-image-3467\" src=\"http:\/\/5.45.101.177\/haut-allier\/usagers-transportse\/wp-content\/uploads\/2021\/10\/pimg_20211007_184655_771.jpg\" alt=\"pimg_20211007_184655_771.jpg\" align=\"center\" width=\"2000\" height=\"1125\" srcset=\"https:\/\/usagers-transports.haut-allier.eu\/wp-content\/uploads\/2021\/10\/pimg_20211007_184655_771.jpg 2000w, https:\/\/usagers-transports.haut-allier.eu\/wp-content\/uploads\/2021\/10\/pimg_20211007_184655_771-300x169.jpg 300w, https:\/\/usagers-transports.haut-allier.eu\/wp-content\/uploads\/2021\/10\/pimg_20211007_184655_771-1024x576.jpg 1024w, https:\/\/usagers-transports.haut-allier.eu\/wp-content\/uploads\/2021\/10\/pimg_20211007_184655_771-768x432.jpg 768w, https:\/\/usagers-transports.haut-allier.eu\/wp-content\/uploads\/2021\/10\/pimg_20211007_184655_771-1536x864.jpg 1536w\" sizes=\"auto, (max-width: 2000px) 100vw, 2000px\" \/>\n<em>Vincent Kaufmann \u00e9voque historique et anecdotes du L\u00e9man Express\n<\/em>\n<img loading=\"lazy\" decoding=\"async\" class=\" aligncenter size-full wp-image-3468\" src=\"http:\/\/5.45.101.177\/haut-allier\/usagers-transportse\/wp-content\/uploads\/2021\/10\/pimg_20211007_184719_483.jpg\" alt=\"pimg_20211007_184719_483.jpg\" align=\"center\" width=\"2000\" height=\"1125\" srcset=\"https:\/\/usagers-transports.haut-allier.eu\/wp-content\/uploads\/2021\/10\/pimg_20211007_184719_483.jpg 2000w, https:\/\/usagers-transports.haut-allier.eu\/wp-content\/uploads\/2021\/10\/pimg_20211007_184719_483-300x169.jpg 300w, https:\/\/usagers-transports.haut-allier.eu\/wp-content\/uploads\/2021\/10\/pimg_20211007_184719_483-1024x576.jpg 1024w, https:\/\/usagers-transports.haut-allier.eu\/wp-content\/uploads\/2021\/10\/pimg_20211007_184719_483-768x432.jpg 768w, https:\/\/usagers-transports.haut-allier.eu\/wp-content\/uploads\/2021\/10\/pimg_20211007_184719_483-1536x864.jpg 1536w\" sizes=\"auto, (max-width: 2000px) 100vw, 2000px\" \/>\n\n<img loading=\"lazy\" decoding=\"async\" class=\" aligncenter size-full wp-image-3469\" src=\"http:\/\/5.45.101.177\/haut-allier\/usagers-transportse\/wp-content\/uploads\/2021\/10\/pimg_20211007_184627_347.jpg\" alt=\"pimg_20211007_184627_347.jpg\" align=\"center\" width=\"2000\" height=\"1125\" srcset=\"https:\/\/usagers-transports.haut-allier.eu\/wp-content\/uploads\/2021\/10\/pimg_20211007_184627_347.jpg 2000w, https:\/\/usagers-transports.haut-allier.eu\/wp-content\/uploads\/2021\/10\/pimg_20211007_184627_347-300x169.jpg 300w, https:\/\/usagers-transports.haut-allier.eu\/wp-content\/uploads\/2021\/10\/pimg_20211007_184627_347-1024x576.jpg 1024w, https:\/\/usagers-transports.haut-allier.eu\/wp-content\/uploads\/2021\/10\/pimg_20211007_184627_347-768x432.jpg 768w, https:\/\/usagers-transports.haut-allier.eu\/wp-content\/uploads\/2021\/10\/pimg_20211007_184627_347-1536x864.jpg 1536w\" sizes=\"auto, (max-width: 2000px) 100vw, 2000px\" \/>\n<em>La gare d&rsquo;Annemasse\n<\/em>\n<img loading=\"lazy\" decoding=\"async\" class=\" aligncenter size-full wp-image-3470\" src=\"http:\/\/5.45.101.177\/haut-allier\/usagers-transportse\/wp-content\/uploads\/2021\/10\/pimg_20211007_192904_610.jpg\" alt=\"pimg_20211007_192904_610.jpg\" align=\"center\" width=\"2000\" height=\"1125\" srcset=\"https:\/\/usagers-transports.haut-allier.eu\/wp-content\/uploads\/2021\/10\/pimg_20211007_192904_610.jpg 2000w, https:\/\/usagers-transports.haut-allier.eu\/wp-content\/uploads\/2021\/10\/pimg_20211007_192904_610-300x169.jpg 300w, https:\/\/usagers-transports.haut-allier.eu\/wp-content\/uploads\/2021\/10\/pimg_20211007_192904_610-1024x576.jpg 1024w, https:\/\/usagers-transports.haut-allier.eu\/wp-content\/uploads\/2021\/10\/pimg_20211007_192904_610-768x432.jpg 768w, https:\/\/usagers-transports.haut-allier.eu\/wp-content\/uploads\/2021\/10\/pimg_20211007_192904_610-1536x864.jpg 1536w\" sizes=\"auto, (max-width: 2000px) 100vw, 2000px\" \/>\n\n<img loading=\"lazy\" decoding=\"async\" class=\" aligncenter size-full wp-image-3471\" src=\"http:\/\/5.45.101.177\/haut-allier\/usagers-transportse\/wp-content\/uploads\/2021\/10\/pimg_20211007_193102_785.jpg\" alt=\"pimg_20211007_193102_785.jpg\" align=\"center\" width=\"2000\" height=\"1125\" srcset=\"https:\/\/usagers-transports.haut-allier.eu\/wp-content\/uploads\/2021\/10\/pimg_20211007_193102_785.jpg 2000w, https:\/\/usagers-transports.haut-allier.eu\/wp-content\/uploads\/2021\/10\/pimg_20211007_193102_785-300x169.jpg 300w, https:\/\/usagers-transports.haut-allier.eu\/wp-content\/uploads\/2021\/10\/pimg_20211007_193102_785-1024x576.jpg 1024w, https:\/\/usagers-transports.haut-allier.eu\/wp-content\/uploads\/2021\/10\/pimg_20211007_193102_785-768x432.jpg 768w, https:\/\/usagers-transports.haut-allier.eu\/wp-content\/uploads\/2021\/10\/pimg_20211007_193102_785-1536x864.jpg 1536w\" sizes=\"auto, (max-width: 2000px) 100vw, 2000px\" \/>\n<em>Retour \u00e0 Gen\u00e8ve dans une rame suisse\n<\/em>\n<img loading=\"lazy\" decoding=\"async\" class=\" aligncenter size-full wp-image-3472\" src=\"http:\/\/5.45.101.177\/haut-allier\/usagers-transportse\/wp-content\/uploads\/2021\/10\/pimg_20211007_194432_327.jpg\" alt=\"pimg_20211007_194432_327.jpg\" align=\"center\" width=\"2000\" height=\"1125\" srcset=\"https:\/\/usagers-transports.haut-allier.eu\/wp-content\/uploads\/2021\/10\/pimg_20211007_194432_327.jpg 2000w, https:\/\/usagers-transports.haut-allier.eu\/wp-content\/uploads\/2021\/10\/pimg_20211007_194432_327-300x169.jpg 300w, https:\/\/usagers-transports.haut-allier.eu\/wp-content\/uploads\/2021\/10\/pimg_20211007_194432_327-1024x576.jpg 1024w, https:\/\/usagers-transports.haut-allier.eu\/wp-content\/uploads\/2021\/10\/pimg_20211007_194432_327-768x432.jpg 768w, https:\/\/usagers-transports.haut-allier.eu\/wp-content\/uploads\/2021\/10\/pimg_20211007_194432_327-1536x864.jpg 1536w\" sizes=\"auto, (max-width: 2000px) 100vw, 2000px\" \/>\n\nMerci pour l&rsquo;accueil impeccable de nos amis helv\u00e8tes.\n&nbsp;\nLe r\u00e9seau #EnTrain dont fait partie le Collectif des Usagers des transports du Haut-Allier fera poids dans les d\u00e9cisions europ\u00e9ennes des gouvernements concernant les mobilit\u00e9s douces et respectueuses de l&rsquo;environnement, personne n&rsquo;en doute d\u00e9sormais. <p>&nbsp;<\/p>\n\n\t<figure class=\"wp-block-gallery columns-1 is-cropped wp-block-gallery-1 is-layout-flex wp-block-gallery-is-layout-flex\">\n\t\t<ul class=\"blocks-gallery-grid\">\n\t\t\t<li class=\"blocks-gallery-item\">\n\t\t\t\t<figure>\n\t\t\t\t\t\t\t\t\t\t\t<img loading=\"lazy\" decoding=\"async\" width=\"2000\" height=\"1125\" src=\"http:\/\/5.45.101.177\/haut-allier\/usagers-transportse\/wp-content\/uploads\/2021\/10\/pimg_20211007_184359_652.jpg\"\n\t\t\t\t\t\t alt=\"pimg_20211007_184359_652.jpg\"\n\t\t\t\t\t\t data-id=\"3473\"\n\t\t\t\t\t\t data-full-url=\"http:\/\/5.45.101.177\/haut-allier\/usagers-transportse\/wp-content\/uploads\/2021\/10\/pimg_20211007_184359_652.jpg\"\n\t\t\t\t\t\t data-link=\"http:\/\/5.45.101.177\/haut-allier\/usagers-transportse\/attachment-pimg_20211007_184359_652-jpg\/\"\n\t\t\t\t\t\t class=\"wp-image-3473\" srcset=\"https:\/\/usagers-transports.haut-allier.eu\/wp-content\/uploads\/2021\/10\/pimg_20211007_184359_652.jpg 2000w, https:\/\/usagers-transports.haut-allier.eu\/wp-content\/uploads\/2021\/10\/pimg_20211007_184359_652-300x169.jpg 300w, https:\/\/usagers-transports.haut-allier.eu\/wp-content\/uploads\/2021\/10\/pimg_20211007_184359_652-1024x576.jpg 1024w, https:\/\/usagers-transports.haut-allier.eu\/wp-content\/uploads\/2021\/10\/pimg_20211007_184359_652-768x432.jpg 768w, https:\/\/usagers-transports.haut-allier.eu\/wp-content\/uploads\/2021\/10\/pimg_20211007_184359_652-1536x864.jpg 1536w\" sizes=\"auto, (max-width: 2000px) 100vw, 2000px\" \/>\n\t\t\t\t<\/figure>\n\t\t\t<\/li>\n\t\t<\/ul>\n\t<\/figure>\n","protected":false},"excerpt":{"rendered":"<p>Cr\u00e9\u00e9 sous l&rsquo;\u00e9gide de la fondation Charles L\u00e9opold Meyer pour le Progr\u00e8s de l\u2019Homme et de sa division<\/p>\n","protected":false},"author":1,"featured_media":3460,"comment_status":"open","ping_status":"open","sticky":false,"template":"","format":"standard","meta":{"footnotes":""},"categories":[2],"tags":[],"class_list":["post-807","post","type-post","status-publish","format-standard","has-post-thumbnail","hentry","category-infos"],"_links":{"self":[{"href":"https:\/\/usagers-transports.haut-allier.eu\/index.php\/wp-json\/wp\/v2\/posts\/807","targetHints":{"allow":["GET"]}}],"collection":[{"href":"https:\/\/usagers-transports.haut-allier.eu\/index.php\/wp-json\/wp\/v2\/posts"}],"about":[{"href":"https:\/\/usagers-transports.haut-allier.eu\/index.php\/wp-json\/wp\/v2\/types\/post"}],"author":[{"embeddable":true,"href":"https:\/\/usagers-transports.haut-allier.eu\/index.php\/wp-json\/wp\/v2\/users\/1"}],"replies":[{"embeddable":true,"href":"https:\/\/usagers-transports.haut-allier.eu\/index.php\/wp-json\/wp\/v2\/comments?post=807"}],"version-history":[{"count":1,"href":"https:\/\/usagers-transports.haut-allier.eu\/index.php\/wp-json\/wp\/v2\/posts\/807\/revisions"}],"predecessor-version":[{"id":3474,"href":"https:\/\/usagers-transports.haut-allier.eu\/index.php\/wp-json\/wp\/v2\/posts\/807\/revisions\/3474"}],"wp:featuredmedia":[{"embeddable":true,"href":"https:\/\/usagers-transports.haut-allier.eu\/index.php\/wp-json\/wp\/v2\/media\/3460"}],"wp:attachment":[{"href":"https:\/\/usagers-transports.haut-allier.eu\/index.php\/wp-json\/wp\/v2\/media?parent=807"}],"wp:term":[{"taxonomy":"category","embeddable":true,"href":"https:\/\/usagers-transports.haut-allier.eu\/index.php\/wp-json\/wp\/v2\/categories?post=807"},{"taxonomy":"post_tag","embeddable":true,"href":"https:\/\/usagers-transports.haut-allier.eu\/index.php\/wp-json\/wp\/v2\/tags?post=807"}],"curies":[{"name":"wp","href":"https:\/\/api.w.org\/{rel}","templated":true}]}}