{"id":809,"date":"2021-10-14T10:51:59","date_gmt":"2021-10-14T08:51:59","guid":{"rendered":"http:\/\/5.45.101.177\/haut-allier\/usagers-transportse\/index.php\/2021\/10\/14\/quelle-sera-la-nouvelle-politique809\/"},"modified":"2026-09-01T15:58:15","modified_gmt":"2026-09-01T13:58:15","slug":"quelle-sera-la-nouvelle-politique809","status":"publish","type":"post","link":"https:\/\/usagers-transports.haut-allier.eu\/index.php\/2021\/10\/14\/quelle-sera-la-nouvelle-politique809\/","title":{"rendered":"Quelle sera la nouvelle politique des transports en Auvergne et le Massif central ? R\u00e9ponse"},"content":{"rendered":"Nous \u00e9tions pr\u00e9sents ce jeudi \u00e0 l&rsquo;\u00e9cole nationale Sup\u00e9rieure d\u2019Architecture de Clermont Ferrand, aux rencontres \u00ab\u00a0<a href=\"https:\/\/orbimob.org\/\"><em>Orbimob Clermont Auvergne<\/em><\/a>\u00a0\u00bb et avons capt\u00e9 pour vous la r\u00e9ponse de Fr\u00e9d\u00e9ric Aguilera, le VP charg\u00e9 des transports \u00e0 la r\u00e9gion Auvergne Rh\u00f4ne Alpes, qui intervenait, en vid\u00e9o pr\u00e9enregistr\u00e9e, pour la premi\u00e8re fois en public sur ce sujet. L&rsquo;\u00e9v\u00e9nement \u00e9tait organis\u00e9 par la m\u00e9tropole de Clermont, par Patrick Oliva, ancien directeur Michelin de la Prospective et du D\u00e9veloppement Durable, qui se dit \u00ab\u00a0catalyseur d\u2019\u00e9cosyst\u00e8me\u00a0\u00bb, et par Andr\u00e9 Marcon, pr\u00e9sident de l\u2019Ecole Nationale Sup\u00e9rieure d\u2019Architecture de Clermont Ferrand et pr\u00e9sident de la Commission mobilit\u00e9s du Comit\u00e9 de Massif central et avec le soutien financier de Michelin donc. \n&nbsp;\n<em>Andr\u00e9 Marcon\n<\/em>\n<img loading=\"lazy\" decoding=\"async\" class=\" aligncenter size-full wp-image-3478\" src=\"http:\/\/5.45.101.177\/haut-allier\/usagers-transportse\/wp-content\/uploads\/2021\/10\/andre-marcon-capture_d_ecran_2021-10-14_09-11-37.png\" alt=\"andre-marcon-capture_d_ecran_2021-10-14_09-11-37.png\" align=\"center\" width=\"833\" height=\"524\" srcset=\"https:\/\/usagers-transports.haut-allier.eu\/wp-content\/uploads\/2021\/10\/andre-marcon-capture_d_ecran_2021-10-14_09-11-37.png 833w, https:\/\/usagers-transports.haut-allier.eu\/wp-content\/uploads\/2021\/10\/andre-marcon-capture_d_ecran_2021-10-14_09-11-37-300x189.png 300w, https:\/\/usagers-transports.haut-allier.eu\/wp-content\/uploads\/2021\/10\/andre-marcon-capture_d_ecran_2021-10-14_09-11-37-768x483.png 768w\" sizes=\"auto, (max-width: 833px) 100vw, 833px\" \/>\n&nbsp;\n<em>Patrick Oliva\n<\/em>\n<img loading=\"lazy\" decoding=\"async\" class=\" aligncenter size-full wp-image-3479\" src=\"http:\/\/5.45.101.177\/haut-allier\/usagers-transportse\/wp-content\/uploads\/2021\/10\/olivera-capture_d_ecran_2021-10-14_09-13-13.png\" alt=\"olivera-capture_d_ecran_2021-10-14_09-13-13.png\" align=\"center\" width=\"833\" height=\"576\" srcset=\"https:\/\/usagers-transports.haut-allier.eu\/wp-content\/uploads\/2021\/10\/olivera-capture_d_ecran_2021-10-14_09-13-13.png 833w, https:\/\/usagers-transports.haut-allier.eu\/wp-content\/uploads\/2021\/10\/olivera-capture_d_ecran_2021-10-14_09-13-13-300x207.png 300w, https:\/\/usagers-transports.haut-allier.eu\/wp-content\/uploads\/2021\/10\/olivera-capture_d_ecran_2021-10-14_09-13-13-768x531.png 768w\" sizes=\"auto, (max-width: 833px) 100vw, 833px\" \/>\n&nbsp;\n<em>Paul Henry Dupuy du Comit\u00e9 Massif central\n<\/em>\n<img loading=\"lazy\" decoding=\"async\" class=\" aligncenter size-full wp-image-3480\" src=\"http:\/\/5.45.101.177\/haut-allier\/usagers-transportse\/wp-content\/uploads\/2021\/10\/paulhenrydupuy-capture_d_ecran_2021-10-14_09-24-00-2.png\" alt=\"paulhenrydupuy-capture_d_ecran_2021-10-14_09-24-00-2.png\" align=\"center\" width=\"533\" height=\"289\" srcset=\"https:\/\/usagers-transports.haut-allier.eu\/wp-content\/uploads\/2021\/10\/paulhenrydupuy-capture_d_ecran_2021-10-14_09-24-00-2.png 533w, https:\/\/usagers-transports.haut-allier.eu\/wp-content\/uploads\/2021\/10\/paulhenrydupuy-capture_d_ecran_2021-10-14_09-24-00-2-300x163.png 300w\" sizes=\"auto, (max-width: 533px) 100vw, 533px\" \/>\n&nbsp;\nUn concept de journ\u00e9es fourre-tout qui veut traiter \u00ab\u00a0de l\u2019\u00e9ducation, de la recherche, de l\u2019exp\u00e9rimentation, du d\u00e9veloppement \u00e9conomique et de la mobilisation citoyenne sur la mise en place de mobilit\u00e9s territoriales performantes et durables\u00a0\u00bb. Autrement dit du bien vaste. Nous jugerons de l&rsquo;efficacit\u00e9 du dispositif, qui dit vouloir s&rsquo;appuyer sur les universit\u00e9s auvergnates notamment (absentes du forum), dans le futur.\n&nbsp;\nMais regardez l&rsquo;intervention du Vice-pr\u00e9sident charg\u00e9 des transports :\n&nbsp;\n<a href=\"http:\/\/5.45.101.177\/haut-allier\/usagers-transportse\/wp-content\/uploads\/2021\/10\/aguilera-orbimob-4oct2021.mp4\">aguilera-orbimob-4oct2021.mp4<\/a>\n&nbsp;\nLe sentiment est de conclure en disant une journ\u00e9e de parlotte qui ne m\u00e8nera \u00e0 pas grand chose. Les belles paroles du forum seront elles suivies d&rsquo;actes ? Nous esp\u00e9rons simplement qu&rsquo;il ne faudra pas attendre 3 ans comme lors de la premi\u00e8re mandature Wauquiez \u00e0 la r\u00e9gion, pour que les usagers voient concr\u00e8tement de l&rsquo;am\u00e9lioration dans les services de mobilit\u00e9 en Auvergne et dans le Massif central. Il semblerait que Fr\u00e9d\u00e9ric Aguilera ait une attitude plus volontariste et ouverte. Mais ce qui a \u00e9t\u00e9 dit en introduction par Paul Henry Dupuy nous inqui\u00e8te vraiment. \n&nbsp;\n<img loading=\"lazy\" decoding=\"async\" class=\" aligncenter size-full wp-image-3482\" src=\"http:\/\/5.45.101.177\/haut-allier\/usagers-transportse\/wp-content\/uploads\/2021\/10\/capture_d_ecran_2021-10-14_09-31-19.png\" alt=\"capture_d_ecran_2021-10-14_09-31-19.png\" align=\"center\" width=\"593\" height=\"444\" srcset=\"https:\/\/usagers-transports.haut-allier.eu\/wp-content\/uploads\/2021\/10\/capture_d_ecran_2021-10-14_09-31-19.png 593w, https:\/\/usagers-transports.haut-allier.eu\/wp-content\/uploads\/2021\/10\/capture_d_ecran_2021-10-14_09-31-19-300x225.png 300w\" sizes=\"auto, (max-width: 593px) 100vw, 593px\" \/>\n&nbsp;\nAu constat que 80% des d\u00e9placements domicile travail en Auvergne se font en v\u00e9hicules individuels, on ne trouve rien \u00e0 redire mais seulement qu&rsquo;on va tenter \u00ab\u00a0d&rsquo;accompagner\u00a0\u00bb :\n&nbsp;\n\u00ab\u00a0L&rsquo;objectif est de d\u00e9velopper la mobilit\u00e9 mais rendre accessible la mobilit\u00e9 individuelle si possible d\u00e9carbonn\u00e9e\u00a0\u00bb \n&nbsp;\nNous r\u00e9pondons \u00e0 ce forum : les habitants du Massif central ne vous ont pas attendus pour s&#8217;emparer des seuls moyens de d\u00e9placements \u00e0 leur port\u00e9e, leurs voitures, et ce par manque cruel de solutions de transports en commun fiables. Pour la d\u00e9carbonation ne vous inqui\u00e9tez pas, quand les solutions \u00e9nerg\u00e9tiques plus propres seront accessibles et performantes, les usagers feront le pas. TOUS SEULS.\n<p>&nbsp;<\/p>\n\n\t<figure class=\"wp-block-gallery columns-1 is-cropped wp-block-gallery-1 is-layout-flex wp-block-gallery-is-layout-flex\">\n\t\t<ul class=\"blocks-gallery-grid\">\n\t\t\t<li class=\"blocks-gallery-item\">\n\t\t\t\t<figure>\n\t\t\t\t\t\t\t\t\t\t\t<img loading=\"lazy\" decoding=\"async\" width=\"533\" height=\"289\" src=\"http:\/\/5.45.101.177\/haut-allier\/usagers-transportse\/wp-content\/uploads\/2021\/10\/paulhenrydupuy-capture_d_ecran_2021-10-14_09-24-00.png\"\n\t\t\t\t\t\t alt=\"paulhenrydupuy-capture_d_ecran_2021-10-14_09-24-00.png\"\n\t\t\t\t\t\t data-id=\"3483\"\n\t\t\t\t\t\t data-full-url=\"http:\/\/5.45.101.177\/haut-allier\/usagers-transportse\/wp-content\/uploads\/2021\/10\/paulhenrydupuy-capture_d_ecran_2021-10-14_09-24-00.png\"\n\t\t\t\t\t\t data-link=\"http:\/\/5.45.101.177\/haut-allier\/usagers-transportse\/attachment-paulhenrydupuy-capture_d_ecran_2021-10-14_09-24-00-png\/\"\n\t\t\t\t\t\t class=\"wp-image-3483\" srcset=\"https:\/\/usagers-transports.haut-allier.eu\/wp-content\/uploads\/2021\/10\/paulhenrydupuy-capture_d_ecran_2021-10-14_09-24-00.png 533w, https:\/\/usagers-transports.haut-allier.eu\/wp-content\/uploads\/2021\/10\/paulhenrydupuy-capture_d_ecran_2021-10-14_09-24-00-300x163.png 300w\" sizes=\"auto, (max-width: 533px) 100vw, 533px\" \/>\n\t\t\t\t<\/figure>\n\t\t\t<\/li>\n\t\t<\/ul>\n\t<\/figure>\n","protected":false},"excerpt":{"rendered":"<p>Nous \u00e9tions pr\u00e9sents ce jeudi \u00e0 l&rsquo;\u00e9cole nationale Sup\u00e9rieure d\u2019Architecture de Clermont Ferrand, aux rencontres \u00ab\u00a0Orbimob Clermont Auvergne\u00a0\u00bb<\/p>\n","protected":false},"author":1,"featured_media":3477,"comment_status":"open","ping_status":"open","sticky":false,"template":"","format":"standard","meta":{"footnotes":""},"categories":[2],"tags":[],"class_list":["post-809","post","type-post","status-publish","format-standard","has-post-thumbnail","hentry","category-infos"],"_links":{"self":[{"href":"https:\/\/usagers-transports.haut-allier.eu\/index.php\/wp-json\/wp\/v2\/posts\/809","targetHints":{"allow":["GET"]}}],"collection":[{"href":"https:\/\/usagers-transports.haut-allier.eu\/index.php\/wp-json\/wp\/v2\/posts"}],"about":[{"href":"https:\/\/usagers-transports.haut-allier.eu\/index.php\/wp-json\/wp\/v2\/types\/post"}],"author":[{"embeddable":true,"href":"https:\/\/usagers-transports.haut-allier.eu\/index.php\/wp-json\/wp\/v2\/users\/1"}],"replies":[{"embeddable":true,"href":"https:\/\/usagers-transports.haut-allier.eu\/index.php\/wp-json\/wp\/v2\/comments?post=809"}],"version-history":[{"count":1,"href":"https:\/\/usagers-transports.haut-allier.eu\/index.php\/wp-json\/wp\/v2\/posts\/809\/revisions"}],"predecessor-version":[{"id":3484,"href":"https:\/\/usagers-transports.haut-allier.eu\/index.php\/wp-json\/wp\/v2\/posts\/809\/revisions\/3484"}],"wp:featuredmedia":[{"embeddable":true,"href":"https:\/\/usagers-transports.haut-allier.eu\/index.php\/wp-json\/wp\/v2\/media\/3477"}],"wp:attachment":[{"href":"https:\/\/usagers-transports.haut-allier.eu\/index.php\/wp-json\/wp\/v2\/media?parent=809"}],"wp:term":[{"taxonomy":"category","embeddable":true,"href":"https:\/\/usagers-transports.haut-allier.eu\/index.php\/wp-json\/wp\/v2\/categories?post=809"},{"taxonomy":"post_tag","embeddable":true,"href":"https:\/\/usagers-transports.haut-allier.eu\/index.php\/wp-json\/wp\/v2\/tags?post=809"}],"curies":[{"name":"wp","href":"https:\/\/api.w.org\/{rel}","templated":true}]}}