{"id":81,"date":"2013-10-17T18:37:29","date_gmt":"2013-10-17T16:37:29","guid":{"rendered":"http:\/\/5.45.101.177\/haut-allier\/usagers-transportse\/index.php\/2013\/10\/17\/train-cevenol-vers-marseille081\/"},"modified":"2026-09-01T15:53:14","modified_gmt":"2026-09-01T13:53:14","slug":"train-cevenol-vers-marseille081","status":"publish","type":"post","link":"https:\/\/usagers-transports.haut-allier.eu\/index.php\/2013\/10\/17\/train-cevenol-vers-marseille081\/","title":{"rendered":"Train c\u00e9venol vers Marseille : recours devant le tribunal administratif contre l&rsquo;Etat et la SNCF [MAJ]"},"content":{"rendered":"L\u2019Association des \u00e9lus pour la <a href=\"http:\/\/www.defense-promotion-cevenol.fr\/site\/\">d\u00e9fense du C\u00e9venol<\/a> vient de d\u00e9poser un recours aupr\u00e8s du Tribunal administratif de Paris. Un recours pour exc\u00e8s de pouvoir. Elle demande l\u2019annulation de la d\u00e9cision de la SNCF et de l\u2019Etat qui fixe depuis fin 2012 le terminus du C\u00e9venol \u00e0 N\u00eemes, r\u00e9duisant ainsi de pr\u00e8s d\u2019un tiers son parcours historique.\n&nbsp;\nNous reprenons l&rsquo;info diffus\u00e9e ce jour 17 octobre sur <a href=\"http:\/\/www.radio-totem.net\/actualite\/journal\/lozere\/article-76446-train-cevenol-un-recours-devant-le-tribunal-administratif\/?page=&#038;filtre=all\">Radio Totem<\/a>.\n&nbsp;\n&#8211; Autre article sur le sujet le lendemain 18 octobre de <a href=\"http:\/\/m.mon43.fr\/actualite-29416-train-cevenol-un-recours-contre-sncf-et-Etat.html\">Mon43<\/a> .\n&nbsp;\n&#8211; Le reportage de <strong>France 3 Languedoc Roussillon<\/strong> du 19 octobre avec interview du maire de Langogne et de l&rsquo;avocat de l&rsquo;association : \n\n<a href=\"http:\/\/5.45.101.177\/haut-allier\/usagers-transportse\/wp-content\/uploads\/2013\/10\/usagers-haut-allier-france3-lr-19oct2013.mp4\">usagers-haut-allier-france3-lr-19oct2013.mp4<\/a>\n&nbsp;\n&#8211; L&rsquo;article du <a href=\"http:\/\/www.leprogres.fr\/economie\/2013\/10\/21\/les-elus-pour-la-defense-du-cevenol-intentent-un-recours-contre-l-etat-et-la-sncf\">Progr\u00e8s<\/a> le 21 octobre : Les \u00e9lus pour la d\u00e9fense du C\u00e9venol intentent un recours contre l\u2019\u00c9tat et la SNCF.<p>&nbsp;<\/p>\n\n\t<figure class=\"wp-block-gallery columns-1 is-cropped wp-block-gallery-1 is-layout-flex wp-block-gallery-is-layout-flex\">\n\t\t<ul class=\"blocks-gallery-grid\">\n\t\t\t<li class=\"blocks-gallery-item\">\n\t\t\t\t<figure>\n\t\t\t\t\t\t\t\t\t\t\t<img loading=\"lazy\" decoding=\"async\" width=\"480\" height=\"272\" src=\"http:\/\/5.45.101.177\/haut-allier\/usagers-transportse\/wp-content\/uploads\/2013\/10\/vlcsnap-2013-10-20-20h39m40s230.jpg\"\n\t\t\t\t\t\t alt=\"vlcsnap-2013-10-20-20h39m40s230.jpg\"\n\t\t\t\t\t\t data-id=\"1499\"\n\t\t\t\t\t\t data-full-url=\"http:\/\/5.45.101.177\/haut-allier\/usagers-transportse\/wp-content\/uploads\/2013\/10\/vlcsnap-2013-10-20-20h39m40s230.jpg\"\n\t\t\t\t\t\t data-link=\"http:\/\/5.45.101.177\/haut-allier\/usagers-transportse\/attachment-vlcsnap-2013-10-20-20h39m40s230-jpg\/\"\n\t\t\t\t\t\t class=\"wp-image-1499\" srcset=\"https:\/\/usagers-transports.haut-allier.eu\/wp-content\/uploads\/2013\/10\/vlcsnap-2013-10-20-20h39m40s230.jpg 480w, https:\/\/usagers-transports.haut-allier.eu\/wp-content\/uploads\/2013\/10\/vlcsnap-2013-10-20-20h39m40s230-300x170.jpg 300w\" sizes=\"auto, (max-width: 480px) 100vw, 480px\" \/>\n\t\t\t\t<\/figure>\n\t\t\t<\/li>\n\t\t<\/ul>\n\t<\/figure>\n","protected":false},"excerpt":{"rendered":"<p>L\u2019Association des \u00e9lus pour la d\u00e9fense du C\u00e9venol vient de d\u00e9poser un recours aupr\u00e8s du Tribunal administratif de<\/p>\n","protected":false},"author":1,"featured_media":1497,"comment_status":"closed","ping_status":"open","sticky":false,"template":"","format":"standard","meta":{"footnotes":""},"categories":[2],"tags":[],"class_list":["post-81","post","type-post","status-publish","format-standard","has-post-thumbnail","hentry","category-infos"],"_links":{"self":[{"href":"https:\/\/usagers-transports.haut-allier.eu\/index.php\/wp-json\/wp\/v2\/posts\/81","targetHints":{"allow":["GET"]}}],"collection":[{"href":"https:\/\/usagers-transports.haut-allier.eu\/index.php\/wp-json\/wp\/v2\/posts"}],"about":[{"href":"https:\/\/usagers-transports.haut-allier.eu\/index.php\/wp-json\/wp\/v2\/types\/post"}],"author":[{"embeddable":true,"href":"https:\/\/usagers-transports.haut-allier.eu\/index.php\/wp-json\/wp\/v2\/users\/1"}],"replies":[{"embeddable":true,"href":"https:\/\/usagers-transports.haut-allier.eu\/index.php\/wp-json\/wp\/v2\/comments?post=81"}],"version-history":[{"count":1,"href":"https:\/\/usagers-transports.haut-allier.eu\/index.php\/wp-json\/wp\/v2\/posts\/81\/revisions"}],"predecessor-version":[{"id":1500,"href":"https:\/\/usagers-transports.haut-allier.eu\/index.php\/wp-json\/wp\/v2\/posts\/81\/revisions\/1500"}],"wp:featuredmedia":[{"embeddable":true,"href":"https:\/\/usagers-transports.haut-allier.eu\/index.php\/wp-json\/wp\/v2\/media\/1497"}],"wp:attachment":[{"href":"https:\/\/usagers-transports.haut-allier.eu\/index.php\/wp-json\/wp\/v2\/media?parent=81"}],"wp:term":[{"taxonomy":"category","embeddable":true,"href":"https:\/\/usagers-transports.haut-allier.eu\/index.php\/wp-json\/wp\/v2\/categories?post=81"},{"taxonomy":"post_tag","embeddable":true,"href":"https:\/\/usagers-transports.haut-allier.eu\/index.php\/wp-json\/wp\/v2\/tags?post=81"}],"curies":[{"name":"wp","href":"https:\/\/api.w.org\/{rel}","templated":true}]}}