{"id":810,"date":"2021-10-17T07:35:24","date_gmt":"2021-10-17T05:35:24","guid":{"rendered":"http:\/\/5.45.101.177\/haut-allier\/usagers-transportse\/index.php\/2021\/10\/17\/ligne-du-train-cevenol-travaux-et810\/"},"modified":"2021-10-17T07:35:24","modified_gmt":"2021-10-17T05:35:24","slug":"ligne-du-train-cevenol-travaux-et810","status":"publish","type":"post","link":"https:\/\/usagers-transports.haut-allier.eu\/index.php\/2021\/10\/17\/ligne-du-train-cevenol-travaux-et810\/","title":{"rendered":"Ligne du train C\u00e9venol : travaux et suppressions jusqu&rsquo;au 29 octobre"},"content":{"rendered":"<p>Comme si plus de 3 mois de coupures cette ann\u00e9e ne suffisait pas, l&rsquo;an prochain on y aura droit \u00e9galement, voil\u00e0 que SNCF R\u00e9seau coupe la ligne le matin durant 3 semaines, du 11 au 29 octobre, ou plus exactement jusqu&rsquo;au mardi 2 novembre.<br \/>\n&nbsp;<br \/>\nAinsi du 11 au 22 octobre les deux trains du matin sont supprim\u00e9s et NON substitu\u00e9s dans les gorges sauvages de l&rsquo;Allier malgr\u00e9 un bus entre Al\u00e8s et St Georges d&rsquo;Aurac qui ne dessert pas les gares de Monistrol, Alleyras et Chapeauroux. Exit donc les TER 873981 et 877518.<br \/>\n&nbsp;<br \/>\n<em>La fiche travaux :<br \/>\n<\/em><br \/>\n<a href=\"http:\/\/5.45.101.177\/haut-allier\/usagers-transportse\/wp-content\/uploads\/2021\/10\/aff_l08_cle-ni_du_1110_au_2210_v10092021_tcm72-105036_tcm72-281723.pdf\">aff_l08_cle-ni_du_1110_au_2210_v10092021_tcm72-105036_tcm72-281723.pdf<\/a><br \/>\n&nbsp;<br \/>\nDu 25 au 29 octobre les deux trains reviennent dans les gorges MAIS il faut changer et prendre un bus entre Labastide et Al\u00e8s. En bus sur la route des C\u00e9vennes tr\u00e8s l\u00e9g\u00e8rement tortueuse on vous souhaite bon voyage ! N&rsquo;oubliez pas votre <a href=\"http:\/\/usagers-transports.haut-allier.eu\/?succes-pour-les-rassemblements-de,297\"><strong>VOMIBAG<\/strong><\/a>.<br \/>\n&nbsp;<br \/>\n<em>La fiche travaux<br \/>\n<\/em><br \/>\n<a href=\"http:\/\/5.45.101.177\/haut-allier\/usagers-transportse\/wp-content\/uploads\/2021\/10\/aff_l08_cle-ni_du_2510_au_2910_v10092021_tcm72-105036_tcm72-281014.pdf\">aff_l08_cle-ni_du_2510_au_2910_v10092021_tcm72-105036_tcm72-281014.pdf<\/a><br \/>\n&nbsp;<\/p>\n","protected":false},"excerpt":{"rendered":"<p>Comme si plus de 3 mois de coupures cette ann\u00e9e ne suffisait pas, l&rsquo;an prochain on y aura<\/p>\n","protected":false},"author":1,"featured_media":3485,"comment_status":"open","ping_status":"open","sticky":false,"template":"","format":"standard","meta":{"footnotes":""},"categories":[2],"tags":[],"class_list":["post-810","post","type-post","status-publish","format-standard","has-post-thumbnail","hentry","category-infos"],"_links":{"self":[{"href":"https:\/\/usagers-transports.haut-allier.eu\/index.php\/wp-json\/wp\/v2\/posts\/810","targetHints":{"allow":["GET"]}}],"collection":[{"href":"https:\/\/usagers-transports.haut-allier.eu\/index.php\/wp-json\/wp\/v2\/posts"}],"about":[{"href":"https:\/\/usagers-transports.haut-allier.eu\/index.php\/wp-json\/wp\/v2\/types\/post"}],"author":[{"embeddable":true,"href":"https:\/\/usagers-transports.haut-allier.eu\/index.php\/wp-json\/wp\/v2\/users\/1"}],"replies":[{"embeddable":true,"href":"https:\/\/usagers-transports.haut-allier.eu\/index.php\/wp-json\/wp\/v2\/comments?post=810"}],"version-history":[{"count":0,"href":"https:\/\/usagers-transports.haut-allier.eu\/index.php\/wp-json\/wp\/v2\/posts\/810\/revisions"}],"wp:featuredmedia":[{"embeddable":true,"href":"https:\/\/usagers-transports.haut-allier.eu\/index.php\/wp-json\/wp\/v2\/media\/3485"}],"wp:attachment":[{"href":"https:\/\/usagers-transports.haut-allier.eu\/index.php\/wp-json\/wp\/v2\/media?parent=810"}],"wp:term":[{"taxonomy":"category","embeddable":true,"href":"https:\/\/usagers-transports.haut-allier.eu\/index.php\/wp-json\/wp\/v2\/categories?post=810"},{"taxonomy":"post_tag","embeddable":true,"href":"https:\/\/usagers-transports.haut-allier.eu\/index.php\/wp-json\/wp\/v2\/tags?post=810"}],"curies":[{"name":"wp","href":"https:\/\/api.w.org\/{rel}","templated":true}]}}