{"id":812,"date":"2021-10-17T18:58:56","date_gmt":"2021-10-17T16:58:56","guid":{"rendered":"http:\/\/5.45.101.177\/haut-allier\/usagers-transportse\/index.php\/2021\/10\/17\/ligne-du-train-aubrac-communique812\/"},"modified":"2021-10-17T18:58:56","modified_gmt":"2021-10-17T16:58:56","slug":"ligne-du-train-aubrac-communique812","status":"publish","type":"post","link":"https:\/\/usagers-transports.haut-allier.eu\/index.php\/2021\/10\/17\/ligne-du-train-aubrac-communique812\/","title":{"rendered":"Ligne du train Aubrac : communiqu\u00e9 du Comit\u00e9 pluraliste"},"content":{"rendered":"<p>Ou plus exactement un communiqu\u00e9 commun du syndicat CGT d&rsquo;Arcelor-Mittal de St Ch\u00e9ly d&rsquo;Apcher et du Comit\u00e9 Pluraliste de d\u00e9fense de la ligne B\u00e9ziers Neussargues.<br \/>\n&nbsp;<br \/>\nIl a \u00e9t\u00e9 approuv\u00e9 par l&rsquo;assembl\u00e9e g\u00e9n\u00e9rale du Comit\u00e9 Pluraliste \u00e0 St Rome de Cernon le 9 octobre 2021, son contenu r\u00e9affirme la n\u00e9cessit\u00e9 d&rsquo;avoir une desserte ferroviaire par le sud pour l&rsquo;usine de St Ch\u00e9ly, de Fos sur Mer via B\u00e9ziers. Il y en va de l&rsquo;existence des sites industriels de Fos sur Mer et de St Ch\u00e9ly et de leurs emplois industriels.<br \/>\nIl est n\u00e9cessaire et indispensable de lever l&rsquo;interdiction de circulation des trains de marchandises entre B\u00e9ziers et Marvejols. L&rsquo;avenir de la ligne B\u00e9ziers- Neussargues comme du train de voyageurs intercit\u00e9 \u00ab\u00a0l&rsquo;Aubrac\u00a0\u00bb en d\u00e9pend.<br \/>\n&nbsp;<\/p>\n<p>[(<\/p>\n<p><em>Communiqu\u00e9 commun<br \/>\nSyndicat CGT Arcelor Mittal et Comit\u00e9 Pluraliste<br \/>\n-=-=-=-=-=-=-<br \/>\n&nbsp;<br \/>\nLe syndicat C.G.T de l\u2019usine Arcelor Mittal de St-Ch\u00e9ly a particip\u00e9 \u00e0 l\u2019assembl\u00e9e g\u00e9n\u00e9rale du Comit\u00e9 Pluraliste, qui m\u00e8ne depuis bient\u00f4t 30 ans le combat pour faire vivre la ligne B\u00e9ziers-Neussargues.<br \/>\n&nbsp;<br \/>\nPour l\u2019usine Arcelor Mittal, poumon \u00e9conomique de la Haute Loz\u00e8re et fleuron industriel dans la fili\u00e8re d\u2019avenir (v\u00e9hicules \u00e9lectriques notamment), le rail, c\u2019est vital.<br \/>\n&nbsp;<br \/>\nEt pour r\u00e9pondre aux conditions satisfaisantes de desserte de l\u2019usine, les camions ne sont absolument pas une solution, ni \u00e9cologique, ni \u00e9conomique  au regard des co\u00fbts de production.<br \/>\n&nbsp;<br \/>\nEt aujourd\u2019hui, des menaces existent pour l\u2019avenir, si les conditions d\u2019approvisionnement persistent. Or, la solution claire, pour r\u00e9pondre imm\u00e9diatement au probl\u00e8me est de lever l\u2019interdiction de la circulation fret ferroviaire au sud de St-Ch\u00e9ly. En effet, les t\u00f4les brutes (coils) alimentant l\u2019usine sont produites \u00e0 Fos-sur-Mer. Du fait de cette interdiction, elles sont achemin\u00e9es par Lyon et Clermont soit 730 Km. Par le sud via B\u00e9ziers et Millau, ce serait 430 Km.<br \/>\n&nbsp;<br \/>\nOutre l\u2019aspect \u00e9conomique, vital pour l\u2019usine, on voit bien l\u2019aspect environnemental du gaspillage \u00e9nerg\u00e9tique, d\u2019autant que la traction di\u00e9sel est utilis\u00e9e sur une bonne partie du trajet nord.<br \/>\n&nbsp;<br \/>\nLa r\u00e9ouverture au fret sur l\u2019ensemble de la ligne de Neussargues \u00e0 B\u00e9ziers permettrait en outre d\u2019accueillir d\u2019autres transports \u2013 bois, bestiaux, marchandises diverses- en r\u00e9ponse aux besoins locaux.<br \/>\n<\/em><\/p>\n<p>)]<\/p>\n","protected":false},"excerpt":{"rendered":"<p>Ou plus exactement un communiqu\u00e9 commun du syndicat CGT d&rsquo;Arcelor-Mittal de St Ch\u00e9ly d&rsquo;Apcher et du Comit\u00e9 Pluraliste<\/p>\n","protected":false},"author":1,"featured_media":3491,"comment_status":"open","ping_status":"open","sticky":false,"template":"","format":"standard","meta":{"footnotes":""},"categories":[2],"tags":[],"class_list":["post-812","post","type-post","status-publish","format-standard","has-post-thumbnail","hentry","category-infos"],"_links":{"self":[{"href":"https:\/\/usagers-transports.haut-allier.eu\/index.php\/wp-json\/wp\/v2\/posts\/812","targetHints":{"allow":["GET"]}}],"collection":[{"href":"https:\/\/usagers-transports.haut-allier.eu\/index.php\/wp-json\/wp\/v2\/posts"}],"about":[{"href":"https:\/\/usagers-transports.haut-allier.eu\/index.php\/wp-json\/wp\/v2\/types\/post"}],"author":[{"embeddable":true,"href":"https:\/\/usagers-transports.haut-allier.eu\/index.php\/wp-json\/wp\/v2\/users\/1"}],"replies":[{"embeddable":true,"href":"https:\/\/usagers-transports.haut-allier.eu\/index.php\/wp-json\/wp\/v2\/comments?post=812"}],"version-history":[{"count":0,"href":"https:\/\/usagers-transports.haut-allier.eu\/index.php\/wp-json\/wp\/v2\/posts\/812\/revisions"}],"wp:featuredmedia":[{"embeddable":true,"href":"https:\/\/usagers-transports.haut-allier.eu\/index.php\/wp-json\/wp\/v2\/media\/3491"}],"wp:attachment":[{"href":"https:\/\/usagers-transports.haut-allier.eu\/index.php\/wp-json\/wp\/v2\/media?parent=812"}],"wp:term":[{"taxonomy":"category","embeddable":true,"href":"https:\/\/usagers-transports.haut-allier.eu\/index.php\/wp-json\/wp\/v2\/categories?post=812"},{"taxonomy":"post_tag","embeddable":true,"href":"https:\/\/usagers-transports.haut-allier.eu\/index.php\/wp-json\/wp\/v2\/tags?post=812"}],"curies":[{"name":"wp","href":"https:\/\/api.w.org\/{rel}","templated":true}]}}