{"id":813,"date":"2021-10-19T08:39:10","date_gmt":"2021-10-19T06:39:10","guid":{"rendered":"http:\/\/5.45.101.177\/haut-allier\/usagers-transportse\/index.php\/2021\/10\/19\/retour-de-la-ligne-clermont-fd813\/"},"modified":"2021-10-19T08:39:10","modified_gmt":"2021-10-19T06:39:10","slug":"retour-de-la-ligne-clermont-fd813","status":"publish","type":"post","link":"https:\/\/usagers-transports.haut-allier.eu\/index.php\/2021\/10\/19\/retour-de-la-ligne-clermont-fd813\/","title":{"rendered":"Retour de la ligne Clermont Fd Thiers Saint-Etienne : pas tout de suite"},"content":{"rendered":"<p>Emmanuel Moreau journaliste \u00e0 Radio France et sp\u00e9cialiste des transports fait un bon r\u00e9sum\u00e9 de l&rsquo;avancement de la r\u00e9ouverture souhait\u00e9e par le <a href=\"https:\/\/letrain634269.org\"><em>Collectif Letrain634269<\/em><\/a> du tron\u00e7on ferroviaire Thiers Bo\u00ebn permettant la liaison la plus courte entre Clermont-Ferrand et Saint-Etienne et au del\u00e0 vers Lyon. Le Collectif qui va se transformer en association et tenait une conf\u00e9rence de presse hier lundi, se pr\u00e9pare \u00e0 une longue marche. L&rsquo;\u00e9tude promise par Laurent Wauquiez n&rsquo;aurait toujours pas \u00e9t\u00e9 lanc\u00e9e.<br \/>\n&nbsp;<br \/>\nL&rsquo;article est <a href=\"https:\/\/www.francebleu.fr\/infos\/transports\/thiers-boen-1634559417\"><strong>ici<\/strong><\/a> :<br \/>\n&nbsp;<br \/>\n<img loading=\"lazy\" decoding=\"async\" class=\" aligncenter size-full wp-image-3493\" src=\"http:\/\/5.45.101.177\/haut-allier\/usagers-transportse\/wp-content\/uploads\/2021\/10\/screenshot-www.francebleu.fr-2021.10.19-08_35_38.jpg\" alt=\"screenshot-www.francebleu.fr-2021.10.19-08_35_38.jpg\" align=\"center\" width=\"700\" height=\"1387\" srcset=\"https:\/\/usagers-transports.haut-allier.eu\/wp-content\/uploads\/2021\/10\/screenshot-www.francebleu.fr-2021.10.19-08_35_38.jpg 700w, https:\/\/usagers-transports.haut-allier.eu\/wp-content\/uploads\/2021\/10\/screenshot-www.francebleu.fr-2021.10.19-08_35_38-151x300.jpg 151w, https:\/\/usagers-transports.haut-allier.eu\/wp-content\/uploads\/2021\/10\/screenshot-www.francebleu.fr-2021.10.19-08_35_38-517x1024.jpg 517w\" sizes=\"auto, (max-width: 700px) 100vw, 700px\" \/><br \/>\n&nbsp;<\/p>\n","protected":false},"excerpt":{"rendered":"<p>Emmanuel Moreau journaliste \u00e0 Radio France et sp\u00e9cialiste des transports fait un bon r\u00e9sum\u00e9 de l&rsquo;avancement de la<\/p>\n","protected":false},"author":1,"featured_media":3492,"comment_status":"open","ping_status":"open","sticky":false,"template":"","format":"standard","meta":{"footnotes":""},"categories":[2],"tags":[],"class_list":["post-813","post","type-post","status-publish","format-standard","has-post-thumbnail","hentry","category-infos"],"_links":{"self":[{"href":"https:\/\/usagers-transports.haut-allier.eu\/index.php\/wp-json\/wp\/v2\/posts\/813","targetHints":{"allow":["GET"]}}],"collection":[{"href":"https:\/\/usagers-transports.haut-allier.eu\/index.php\/wp-json\/wp\/v2\/posts"}],"about":[{"href":"https:\/\/usagers-transports.haut-allier.eu\/index.php\/wp-json\/wp\/v2\/types\/post"}],"author":[{"embeddable":true,"href":"https:\/\/usagers-transports.haut-allier.eu\/index.php\/wp-json\/wp\/v2\/users\/1"}],"replies":[{"embeddable":true,"href":"https:\/\/usagers-transports.haut-allier.eu\/index.php\/wp-json\/wp\/v2\/comments?post=813"}],"version-history":[{"count":0,"href":"https:\/\/usagers-transports.haut-allier.eu\/index.php\/wp-json\/wp\/v2\/posts\/813\/revisions"}],"wp:featuredmedia":[{"embeddable":true,"href":"https:\/\/usagers-transports.haut-allier.eu\/index.php\/wp-json\/wp\/v2\/media\/3492"}],"wp:attachment":[{"href":"https:\/\/usagers-transports.haut-allier.eu\/index.php\/wp-json\/wp\/v2\/media?parent=813"}],"wp:term":[{"taxonomy":"category","embeddable":true,"href":"https:\/\/usagers-transports.haut-allier.eu\/index.php\/wp-json\/wp\/v2\/categories?post=813"},{"taxonomy":"post_tag","embeddable":true,"href":"https:\/\/usagers-transports.haut-allier.eu\/index.php\/wp-json\/wp\/v2\/tags?post=813"}],"curies":[{"name":"wp","href":"https:\/\/api.w.org\/{rel}","templated":true}]}}