{"id":814,"date":"2021-10-26T12:00:09","date_gmt":"2021-10-26T10:00:09","guid":{"rendered":"http:\/\/5.45.101.177\/haut-allier\/usagers-transportse\/index.php\/2021\/10\/26\/ligne-clermont-fd-paris-un814\/"},"modified":"2021-10-26T12:00:09","modified_gmt":"2021-10-26T10:00:09","slug":"ligne-clermont-fd-paris-un814","status":"publish","type":"post","link":"https:\/\/usagers-transports.haut-allier.eu\/index.php\/2021\/10\/26\/ligne-clermont-fd-paris-un814\/","title":{"rendered":"Ligne Clermont Fd &#8211; Paris : un collectif cr\u00e9\u00e9 pour sa d\u00e9fense"},"content":{"rendered":"<p>Nous saluons la cr\u00e9ation du collectif \u00ab\u00a0Usagers R\u00e9guliers de la ligne Clermont Ferrand &#8211; Paris\u00a0\u00bb pour le retour \u00e0 la normale rapide du trafic Intercit\u00e9s de cette ligne. Il vient de lancer une p\u00e9tition sur le site <a href=\"https:\/\/www.change.org\/p\/elu-e-s-de-la-r%C3%A9gion-auvergne-rh%C3%B4ne-alpes-pour-une-am%C3%A9lioration-rapide-de-la-ligne-sncf-clermont-ferrand-paris\">Change.org<\/a>.<br \/>\n&nbsp;<br \/>\nL&rsquo;objectif est donc \u00ab\u00a0une am\u00e9lioration rapide de la ligne\u00a0\u00bb. Les signataires constatent eux aussi que les beaux discours des ministres et des pr\u00e9sidents SNCF successifs, que les initiatives des \u00ab\u00a0clubs\u00a0\u00bb de personnalit\u00e9s ne servent \u00e0 rien si ce n&rsquo;est qu&rsquo;\u00e0 parloter et communiquer. On leur parle d&rsquo;une am\u00e9lioration de 10 minutes en 2025&#8230; Lanc\u00e9e il y a un mois, la p\u00e9tition s&rsquo;approche d\u00e9j\u00e0 des 2000 signatures. Les usagers attendent des r\u00e9ponses et surtout des am\u00e9liorations. Une organisation en collectif permet par contre des actions rapides, des op\u00e9rations coups de poing \u00e9ventuellement. C&rsquo;est une excellente initiative que nous soutenons \u00e0 fond et qui maintiendra la pression sur SNCF et l&rsquo;\u00e9tat. Seuls les usagers peuvent le faire, ils seront forc\u00e9ment \u00e9cout\u00e9s. Qu&rsquo;ils se soient pris en main est une excellente chose.<br \/>\n&nbsp;<br \/>\n[blanc][fond noir]Dans la presse :[\/fond noir][\/blanc]<br \/>\n&nbsp;<br \/>\n&#8211; France Bleu Auvergne du 25 octobre 2021 : <a href=\"https:\/\/www.francebleu.fr\/infos\/transports\/un-collectif-d-usagers-lance-une-petition-pour-une-amelioration-rapide-de-la-ligne-intercites-1635127767\"><em>Un collectif d&rsquo;usagers lance une p\u00e9tition \u00ab\u00a0pour une am\u00e9lioration rapide\u00a0\u00bb de la ligne Intercit\u00e9s Clermont-Paris<\/em><br \/>\n<\/a><br \/>\n&nbsp;<br \/>\n&#8211; La Montagne du 25 octobre 2021 : <a href=\"https:\/\/www.lamontagne.fr\/clermont-ferrand-63000\/actualites\/une-petition-a-ete-lancee-pour-la-ligne-clermont-ferrand-paris-les-auvergnats-meritent-mieux_14034513\/\"><em>Une p\u00e9tition a \u00e9t\u00e9 lanc\u00e9e pour la ligne Clermont-Ferrand &#8211; Paris : \u00ab Les Auvergnats m\u00e9ritent mieux \u00bb<\/em><\/a><\/p>\n","protected":false},"excerpt":{"rendered":"<p>Nous saluons la cr\u00e9ation du collectif \u00ab\u00a0Usagers R\u00e9guliers de la ligne Clermont Ferrand &#8211; Paris\u00a0\u00bb pour le retour<\/p>\n","protected":false},"author":1,"featured_media":3494,"comment_status":"open","ping_status":"open","sticky":false,"template":"","format":"standard","meta":{"footnotes":""},"categories":[3],"tags":[],"class_list":["post-814","post","type-post","status-publish","format-standard","has-post-thumbnail","hentry","category-en-train"],"_links":{"self":[{"href":"https:\/\/usagers-transports.haut-allier.eu\/index.php\/wp-json\/wp\/v2\/posts\/814","targetHints":{"allow":["GET"]}}],"collection":[{"href":"https:\/\/usagers-transports.haut-allier.eu\/index.php\/wp-json\/wp\/v2\/posts"}],"about":[{"href":"https:\/\/usagers-transports.haut-allier.eu\/index.php\/wp-json\/wp\/v2\/types\/post"}],"author":[{"embeddable":true,"href":"https:\/\/usagers-transports.haut-allier.eu\/index.php\/wp-json\/wp\/v2\/users\/1"}],"replies":[{"embeddable":true,"href":"https:\/\/usagers-transports.haut-allier.eu\/index.php\/wp-json\/wp\/v2\/comments?post=814"}],"version-history":[{"count":0,"href":"https:\/\/usagers-transports.haut-allier.eu\/index.php\/wp-json\/wp\/v2\/posts\/814\/revisions"}],"wp:featuredmedia":[{"embeddable":true,"href":"https:\/\/usagers-transports.haut-allier.eu\/index.php\/wp-json\/wp\/v2\/media\/3494"}],"wp:attachment":[{"href":"https:\/\/usagers-transports.haut-allier.eu\/index.php\/wp-json\/wp\/v2\/media?parent=814"}],"wp:term":[{"taxonomy":"category","embeddable":true,"href":"https:\/\/usagers-transports.haut-allier.eu\/index.php\/wp-json\/wp\/v2\/categories?post=814"},{"taxonomy":"post_tag","embeddable":true,"href":"https:\/\/usagers-transports.haut-allier.eu\/index.php\/wp-json\/wp\/v2\/tags?post=814"}],"curies":[{"name":"wp","href":"https:\/\/api.w.org\/{rel}","templated":true}]}}