{"id":815,"date":"2021-10-31T16:14:51","date_gmt":"2021-10-31T15:14:51","guid":{"rendered":"http:\/\/5.45.101.177\/haut-allier\/usagers-transportse\/index.php\/2021\/10\/31\/trains-de-nuit-et-massif-central815\/"},"modified":"2021-10-31T16:14:51","modified_gmt":"2021-10-31T15:14:51","slug":"trains-de-nuit-et-massif-central815","status":"publish","type":"post","link":"https:\/\/usagers-transports.haut-allier.eu\/index.php\/2021\/10\/31\/trains-de-nuit-et-massif-central815\/","title":{"rendered":"Trains de nuit et massif central : Castex va confirmer un Aurillac Paris"},"content":{"rendered":"<p>Le Premier ministre en visite dans le Cantal a promis, selon France Bleu Pays d&rsquo;Auvergne, qu&rsquo;il annoncerait une date de retour du train de nuit Aurillac Paris avant la fin de son mandat, soit avant avril 2022.<br \/>\n&nbsp;<br \/>\nVoir l&rsquo;article sur France Bleu Pays d&rsquo;Auvergne : <a href=\"https:\/\/www.francebleu.fr\/infos\/societe\/dans-le-cantal-jean-castex-promet-le-retour-du-train-de-nuit-paris-aurillac-1635611286\"><em>Dans le Cantal, Jean Castex promet le retour du train de nuit Paris-Aurillac <\/em> <\/a><br \/>\n&nbsp;<br \/>\nL&rsquo;article ci-dessous en copie d&rsquo;\u00e9cran :<br \/>\n&nbsp;<br \/>\n<img loading=\"lazy\" decoding=\"async\" class=\" aligncenter size-full wp-image-3496\" src=\"http:\/\/5.45.101.177\/haut-allier\/usagers-transportse\/wp-content\/uploads\/2021\/10\/screenshot-www.francebleu.fr-2021.10.31-14_59_32.jpg\" alt=\"screenshot-www.francebleu.fr-2021.10.31-14_59_32.jpg\" align=\"center\" width=\"703\" height=\"2077\" srcset=\"https:\/\/usagers-transports.haut-allier.eu\/wp-content\/uploads\/2021\/10\/screenshot-www.francebleu.fr-2021.10.31-14_59_32.jpg 703w, https:\/\/usagers-transports.haut-allier.eu\/wp-content\/uploads\/2021\/10\/screenshot-www.francebleu.fr-2021.10.31-14_59_32-102x300.jpg 102w, https:\/\/usagers-transports.haut-allier.eu\/wp-content\/uploads\/2021\/10\/screenshot-www.francebleu.fr-2021.10.31-14_59_32-347x1024.jpg 347w, https:\/\/usagers-transports.haut-allier.eu\/wp-content\/uploads\/2021\/10\/screenshot-www.francebleu.fr-2021.10.31-14_59_32-520x1536.jpg 520w, https:\/\/usagers-transports.haut-allier.eu\/wp-content\/uploads\/2021\/10\/screenshot-www.francebleu.fr-2021.10.31-14_59_32-693x2048.jpg 693w\" sizes=\"auto, (max-width: 703px) 100vw, 703px\" \/><br \/>\n&nbsp;<br \/>\n[fond noir][blanc]<strong>Oui mais quel trac\u00e9 ?<\/strong>[\/blanc][\/fond noir]<br \/>\n&nbsp;<br \/>\nC&rsquo;est important pour la desserte de tout le massif : le trajet propos\u00e9 sera sans doute <strong>Aurillac par Brive et Paris<\/strong>, c&rsquo;est \u00e0 dire celui envisag\u00e9 dans le rapport TET IC qu&rsquo;a rendu public le gouvernement au d\u00e9but de l&rsquo;ann\u00e9e et sur lequel nous avions r\u00e9agi ( <a href=\"http:\/\/usagers-transports.haut-allier.eu\/?desserte-du-massif-central-par-les,778\"><em>Desserte du Massif Central par les trains de nuit : le couperet est tomb\u00e9, c\u2019est NIET !<\/em><\/a> ).<br \/>\n&nbsp;<br \/>\n<img loading=\"lazy\" decoding=\"async\" class=\" aligncenter size-full wp-image-3497\" src=\"http:\/\/5.45.101.177\/haut-allier\/usagers-transportse\/wp-content\/uploads\/2021\/10\/tdn-03rr.jpg\" alt=\"tdn-03rr.jpg\" align=\"center\" width=\"702\" height=\"271\" srcset=\"https:\/\/usagers-transports.haut-allier.eu\/wp-content\/uploads\/2021\/10\/tdn-03rr.jpg 702w, https:\/\/usagers-transports.haut-allier.eu\/wp-content\/uploads\/2021\/10\/tdn-03rr-300x116.jpg 300w\" sizes=\"auto, (max-width: 702px) 100vw, 702px\" \/><br \/>\n&nbsp;<br \/>\nCette annonce au printemps prochain est vraisemblable car elle ne n\u00e9cessite que l&rsquo;adjonction de 4 voitures de couchettes, d\u00e9j\u00e0 command\u00e9es, \u00e0 la rame de TDN Paris Toulouse \/ Rodez.<br \/>\n&nbsp;<br \/>\nAbsolument rien ne prouve que le Premier ministre annoncera \u00e9galement le prolongement vers Clermont Ferrand tant la solution para\u00eet incongrue et aberrante. Rappelons aussi que la solution de \u00ab\u00a0remont\u00e9e d&rsquo;Aurillac vers Clermont\u00a0\u00bb \u00e9tait conditionn\u00e9e dans l&rsquo;\u00e9tude remise au ministre des transports \u00e0 une r\u00e9novation du tron\u00e7on Arvant Aurillac. A notre connaissance il n&rsquo;y a pas encore eu de communication en ce sens.<br \/>\n&nbsp;<br \/>\n[fond noir][blanc]<strong>Et si la solution de remont\u00e9e vers Clermont Ferrand est conserv\u00e9e ?<\/strong>[\/blanc][\/fond noir]<br \/>\n&nbsp;<br \/>\nEt bien s&rsquo;il y a persistance dans l&rsquo;erreur le Collectif <a href=\"https:\/\/ouiautraindenuit.wordpress.com\/\"><strong>Oui au Train de nuit<\/strong><\/a> en profiterait pour demander en compensation un Aller Retour suppl\u00e9mentaire en TER entre N\u00eemes et Clermont Ferrand et un AR de plus entre B\u00e9ziers et Clermont. Afin de \u00ab\u00a0rabattre\u00a0\u00bb les usagers du sud du Massif central vers le TDN. Ce ne sera pas du luxe avec les 3 trains quotidiens circulant sur la ligne des C\u00e9vennes par exemple.<br \/>\n&nbsp;<br \/>\n[fond noir][blanc]<strong>Un semblant de calendrier ?<\/strong>[\/blanc][\/fond noir]<br \/>\n&nbsp;<br \/>\nOn s&rsquo;autorise \u00e0 penser, comme disait Coluche, dans nos milieux d&rsquo;observateurs, qu&rsquo;aucune annonce ne sera faite pour le sud du Massif central et que des solutions seront propos\u00e9es bien plus tard.<br \/>\n&nbsp;<br \/>\nLa solution Aurillac Brive Paris semble \u00eatre une solution facile pour le gouvernement. Elle pourra voir le jour assez rapidement. Par contre pour le reste du Massif les voitures couchettes ne sont pas command\u00e9es, aucun budget n&rsquo;est pr\u00e9vu \u00e0 ce stade,  l&rsquo;infrastructure ferroviaire est en train d&rsquo;\u00eatre r\u00e9nov\u00e9e mais le sera enti\u00e8rement sans doute pas avant 2025. Malgr\u00e9 les <a href=\"http:\/\/usagers-transports.haut-allier.eu\/?ligne-du-train-cevenol-envoi-au,770\"><em>demandes pressantes<\/em><\/a> des \u00e9lus et des usagers le gouvernement peut attendre soit que la mode du train de nuit s&rsquo;essouffle, soit qu&rsquo;il ait une vision plus claire sur l&rsquo;avenir des deux lignes Aubrac et C\u00e9venol. L&rsquo;<a href=\"http:\/\/usagers-transports.haut-allier.eu\/?lignes-des-trains-cevenol-et,811\"><em>\u00e9tude<\/em><\/a> command\u00e9e par les deux r\u00e9gions qui lui sera remise en d\u00e9cembre y participera sans doute.<br \/>\n&nbsp;<br \/>\n[fond rouge][white]<strong>En tous cas il devra s&rsquo;efforcer d&rsquo;apporter une perspective \u00ab\u00a0train de nuit\u00a0\u00bb pour les C\u00e9vennes, du haut Allier, de l&rsquo;Aubrac sans quoi l&rsquo;ensemble des \u00e9lus et des habitants, victimes du d\u00e9litement constant du r\u00e9seau ferroviaire depuis des d\u00e9cennies, resteraient dans l&rsquo;incompr\u00e9hension.<\/strong>[\/white][\/fond rouge]<\/p>\n","protected":false},"excerpt":{"rendered":"<p>Le Premier ministre en visite dans le Cantal a promis, selon France Bleu Pays d&rsquo;Auvergne, qu&rsquo;il annoncerait une<\/p>\n","protected":false},"author":1,"featured_media":3495,"comment_status":"open","ping_status":"open","sticky":false,"template":"","format":"standard","meta":{"footnotes":""},"categories":[3],"tags":[],"class_list":["post-815","post","type-post","status-publish","format-standard","has-post-thumbnail","hentry","category-en-train"],"_links":{"self":[{"href":"https:\/\/usagers-transports.haut-allier.eu\/index.php\/wp-json\/wp\/v2\/posts\/815","targetHints":{"allow":["GET"]}}],"collection":[{"href":"https:\/\/usagers-transports.haut-allier.eu\/index.php\/wp-json\/wp\/v2\/posts"}],"about":[{"href":"https:\/\/usagers-transports.haut-allier.eu\/index.php\/wp-json\/wp\/v2\/types\/post"}],"author":[{"embeddable":true,"href":"https:\/\/usagers-transports.haut-allier.eu\/index.php\/wp-json\/wp\/v2\/users\/1"}],"replies":[{"embeddable":true,"href":"https:\/\/usagers-transports.haut-allier.eu\/index.php\/wp-json\/wp\/v2\/comments?post=815"}],"version-history":[{"count":0,"href":"https:\/\/usagers-transports.haut-allier.eu\/index.php\/wp-json\/wp\/v2\/posts\/815\/revisions"}],"wp:featuredmedia":[{"embeddable":true,"href":"https:\/\/usagers-transports.haut-allier.eu\/index.php\/wp-json\/wp\/v2\/media\/3495"}],"wp:attachment":[{"href":"https:\/\/usagers-transports.haut-allier.eu\/index.php\/wp-json\/wp\/v2\/media?parent=815"}],"wp:term":[{"taxonomy":"category","embeddable":true,"href":"https:\/\/usagers-transports.haut-allier.eu\/index.php\/wp-json\/wp\/v2\/categories?post=815"},{"taxonomy":"post_tag","embeddable":true,"href":"https:\/\/usagers-transports.haut-allier.eu\/index.php\/wp-json\/wp\/v2\/tags?post=815"}],"curies":[{"name":"wp","href":"https:\/\/api.w.org\/{rel}","templated":true}]}}