{"id":816,"date":"2021-11-02T06:54:58","date_gmt":"2021-11-02T05:54:58","guid":{"rendered":"http:\/\/5.45.101.177\/haut-allier\/usagers-transportse\/index.php\/2021\/11\/02\/ligne-monastier-mende-labastide816\/"},"modified":"2021-11-02T06:54:58","modified_gmt":"2021-11-02T05:54:58","slug":"ligne-monastier-mende-labastide816","status":"publish","type":"post","link":"https:\/\/usagers-transports.haut-allier.eu\/index.php\/2021\/11\/02\/ligne-monastier-mende-labastide816\/","title":{"rendered":"Ligne Monastier Mende Labastide : les usagers s&rsquo;organisent"},"content":{"rendered":"<p>Nouvelle organisation d&rsquo;usagers en vue pour d\u00e9fendre les transports du H loz\u00e9rien et donc de la ligne dite du Transloz\u00e9rien. Une r\u00e9union est pr\u00e9vue le 7 novembre \u00e0 Mende avec pour objectif cette structuration :<br \/>\n&nbsp;<\/p>\n<p>[(<br \/>\n<em><br \/>\n<strong>Dimanche 7 Novembre 2021 \u00e0 15h15<\/strong><br \/>\n&nbsp;<br \/>\n<strong>Salle Benjamin Bardy 1 \u2013 Place Foirail<\/strong><br \/>\n&nbsp;<br \/>\n<strong>48000 Mende<\/strong><br \/>\n&nbsp;<br \/>\nLe Collectif Train Loz\u00e9rien organise un d\u00e9bat sur l&rsquo;avenir du chemin de fer du Monastier-Mende-La Bastide et en Loz\u00e8re en vue de la cr\u00e9ation d&rsquo;une association d&rsquo;usagers des Transports loz\u00e9riens.<br \/>\n&nbsp;<br \/>\nPlus d&rsquo;informations :  <a href=\"mailto:train48@outlook.fr\">train48@outlook.fr<\/a><br \/>\n&nbsp;<br \/>\nOuvert \u00e0 tous et gratuit<\/p>\n<p><\/em><\/p>\n<p>)]<\/p>\n","protected":false},"excerpt":{"rendered":"<p>Nouvelle organisation d&rsquo;usagers en vue pour d\u00e9fendre les transports du H loz\u00e9rien et donc de la ligne dite<\/p>\n","protected":false},"author":1,"featured_media":3498,"comment_status":"open","ping_status":"open","sticky":false,"template":"","format":"standard","meta":{"footnotes":""},"categories":[2],"tags":[],"class_list":["post-816","post","type-post","status-publish","format-standard","has-post-thumbnail","hentry","category-infos"],"_links":{"self":[{"href":"https:\/\/usagers-transports.haut-allier.eu\/index.php\/wp-json\/wp\/v2\/posts\/816","targetHints":{"allow":["GET"]}}],"collection":[{"href":"https:\/\/usagers-transports.haut-allier.eu\/index.php\/wp-json\/wp\/v2\/posts"}],"about":[{"href":"https:\/\/usagers-transports.haut-allier.eu\/index.php\/wp-json\/wp\/v2\/types\/post"}],"author":[{"embeddable":true,"href":"https:\/\/usagers-transports.haut-allier.eu\/index.php\/wp-json\/wp\/v2\/users\/1"}],"replies":[{"embeddable":true,"href":"https:\/\/usagers-transports.haut-allier.eu\/index.php\/wp-json\/wp\/v2\/comments?post=816"}],"version-history":[{"count":0,"href":"https:\/\/usagers-transports.haut-allier.eu\/index.php\/wp-json\/wp\/v2\/posts\/816\/revisions"}],"wp:featuredmedia":[{"embeddable":true,"href":"https:\/\/usagers-transports.haut-allier.eu\/index.php\/wp-json\/wp\/v2\/media\/3498"}],"wp:attachment":[{"href":"https:\/\/usagers-transports.haut-allier.eu\/index.php\/wp-json\/wp\/v2\/media?parent=816"}],"wp:term":[{"taxonomy":"category","embeddable":true,"href":"https:\/\/usagers-transports.haut-allier.eu\/index.php\/wp-json\/wp\/v2\/categories?post=816"},{"taxonomy":"post_tag","embeddable":true,"href":"https:\/\/usagers-transports.haut-allier.eu\/index.php\/wp-json\/wp\/v2\/tags?post=816"}],"curies":[{"name":"wp","href":"https:\/\/api.w.org\/{rel}","templated":true}]}}