{"id":818,"date":"2021-11-09T07:01:39","date_gmt":"2021-11-09T06:01:39","guid":{"rendered":"http:\/\/5.45.101.177\/haut-allier\/usagers-transportse\/index.php\/2021\/11\/09\/occitanie-1-6-milliard-d-euros818\/"},"modified":"2021-11-09T07:01:39","modified_gmt":"2021-11-09T06:01:39","slug":"occitanie-1-6-milliard-d-euros818","status":"publish","type":"post","link":"https:\/\/usagers-transports.haut-allier.eu\/index.php\/2021\/11\/09\/occitanie-1-6-milliard-d-euros818\/","title":{"rendered":"Occitanie : 1,6 Milliard d&rsquo;euros pour la modernisation et les r\u00e9ouvertures des \u00ab\u00a0petites lignes\u00a0\u00bb"},"content":{"rendered":"<p>En d\u00e9finitive l&rsquo;\u00e9tat apportera bien l&rsquo;\u00e9quivalent de ce que la r\u00e9gion Occitanie met sur la table, 800 Millions d&rsquo;euros ce qui nous donne 1,6 milliard d&rsquo;euros pour moderniser, jusqu&rsquo;en 2030, l&rsquo;infrastructure ferroviaire du r\u00e9seau ferr\u00e9 occitan hors lignes TGV.<br \/>\n&nbsp;<br \/>\nAinsi l&rsquo;Occitanie de par son volontarisme, entra\u00eenant l&rsquo;\u00e9tat, se donne les moyens de remettre \u00e0 niveau son r\u00e9seau ferr\u00e9 structurant en rouvrant les lignes ferm\u00e9es par la SNCF qui plus est.<br \/>\n&nbsp;<br \/>\nL&rsquo;article de la D\u00e9p\u00eache du Midi, qui confirme cette information :<br \/>\n&nbsp;<br \/>\n<img loading=\"lazy\" decoding=\"async\" class=\" aligncenter size-full wp-image-3502\" src=\"http:\/\/5.45.101.177\/haut-allier\/usagers-transportse\/wp-content\/uploads\/2021\/11\/article-2021-11-05-04-22-33630.png\" alt=\"article-2021-11-05-04-22-33630.png\" align=\"center\" width=\"723\" height=\"743\" srcset=\"https:\/\/usagers-transports.haut-allier.eu\/wp-content\/uploads\/2021\/11\/article-2021-11-05-04-22-33630.png 723w, https:\/\/usagers-transports.haut-allier.eu\/wp-content\/uploads\/2021\/11\/article-2021-11-05-04-22-33630-292x300.png 292w\" sizes=\"auto, (max-width: 723px) 100vw, 723px\" \/><br \/>\n&nbsp;<br \/>\nIl faut comparer ce plan aux 280 millions d&rsquo;euros sur 2 ans sign\u00e9 fin 2020 par la r\u00e9gion Auvergne Rh\u00f4ne Alpes uniquement pour le r\u00e9seau auvergnat. On attend avec impatience de voir quel sera l&rsquo;effort pour l&rsquo;apr\u00e8s 2022. Notre collectif r\u00e9clame un \u00ab\u00a0plan Marshall\u00a0\u00bb pendant deux \u00e0 trois ans, cela devrait suffire, pour moderniser notre r\u00e9seau ferroviaire de montagne, notamment en laissant de c\u00f4t\u00e9 exceptionnellement tous les investissements routiers, qui sont hors comp\u00e9tences r\u00e9gion.<br \/>\n&nbsp;<br \/>\nNous sommes persuad\u00e9s que ce petit laps de temps de quelques ann\u00e9es serait suffisant pour satisfaire une modernisation de tout le r\u00e9seau ferr\u00e9 auvergnat. Nous le proposerons aux repr\u00e9sentants de la r\u00e9gion AuRA tr\u00e8s prochainement.<br \/>\n&nbsp; <\/p>\n","protected":false},"excerpt":{"rendered":"<p>En d\u00e9finitive l&rsquo;\u00e9tat apportera bien l&rsquo;\u00e9quivalent de ce que la r\u00e9gion Occitanie met sur la table, 800 Millions<\/p>\n","protected":false},"author":1,"featured_media":3501,"comment_status":"open","ping_status":"open","sticky":false,"template":"","format":"standard","meta":{"footnotes":""},"categories":[2],"tags":[],"class_list":["post-818","post","type-post","status-publish","format-standard","has-post-thumbnail","hentry","category-infos"],"_links":{"self":[{"href":"https:\/\/usagers-transports.haut-allier.eu\/index.php\/wp-json\/wp\/v2\/posts\/818","targetHints":{"allow":["GET"]}}],"collection":[{"href":"https:\/\/usagers-transports.haut-allier.eu\/index.php\/wp-json\/wp\/v2\/posts"}],"about":[{"href":"https:\/\/usagers-transports.haut-allier.eu\/index.php\/wp-json\/wp\/v2\/types\/post"}],"author":[{"embeddable":true,"href":"https:\/\/usagers-transports.haut-allier.eu\/index.php\/wp-json\/wp\/v2\/users\/1"}],"replies":[{"embeddable":true,"href":"https:\/\/usagers-transports.haut-allier.eu\/index.php\/wp-json\/wp\/v2\/comments?post=818"}],"version-history":[{"count":0,"href":"https:\/\/usagers-transports.haut-allier.eu\/index.php\/wp-json\/wp\/v2\/posts\/818\/revisions"}],"wp:featuredmedia":[{"embeddable":true,"href":"https:\/\/usagers-transports.haut-allier.eu\/index.php\/wp-json\/wp\/v2\/media\/3501"}],"wp:attachment":[{"href":"https:\/\/usagers-transports.haut-allier.eu\/index.php\/wp-json\/wp\/v2\/media?parent=818"}],"wp:term":[{"taxonomy":"category","embeddable":true,"href":"https:\/\/usagers-transports.haut-allier.eu\/index.php\/wp-json\/wp\/v2\/categories?post=818"},{"taxonomy":"post_tag","embeddable":true,"href":"https:\/\/usagers-transports.haut-allier.eu\/index.php\/wp-json\/wp\/v2\/tags?post=818"}],"curies":[{"name":"wp","href":"https:\/\/api.w.org\/{rel}","templated":true}]}}