{"id":819,"date":"2021-11-09T14:46:19","date_gmt":"2021-11-09T13:46:19","guid":{"rendered":"http:\/\/5.45.101.177\/haut-allier\/usagers-transportse\/index.php\/2021\/11\/09\/chapeauroux-desservi-desormais-par819\/"},"modified":"2021-11-09T14:46:19","modified_gmt":"2021-11-09T13:46:19","slug":"chapeauroux-desservi-desormais-par819","status":"publish","type":"post","link":"https:\/\/usagers-transports.haut-allier.eu\/index.php\/2021\/11\/09\/chapeauroux-desservi-desormais-par819\/","title":{"rendered":"Chapeauroux desservi d\u00e9sormais par le \u00ab\u00a0train C\u00e9venol\u00a0\u00bb mais dans un sens seulement [MAJ avec une bonne nouvelle]"},"content":{"rendered":"<p>Dans les <a href=\"https:\/\/gorges-sauvages.haut-allier.eu\"><em>Gorges sauvages de l&rsquo;Allier<\/em> <\/a> depuis quelques jours le train ex Intercit\u00e9s dit le C\u00e9venol, en fait celui de la mi-journ\u00e9e d\u00e9part 12h53 de Clermont Ferrand, arriv\u00e9e 18h02 \u00e0 N\u00eemes, fait un nouvel arr\u00eat \u00e0 Chapeauroux (Loz\u00e8re) \u00e0 15h26. C&rsquo;\u00e9tait le seul des trois TER \u00e0 ne pas le faire.<br \/>\n&nbsp;<br \/>\n<img loading=\"lazy\" decoding=\"async\" class=\" aligncenter size-full wp-image-3504\" src=\"http:\/\/5.45.101.177\/haut-allier\/usagers-transportse\/wp-content\/uploads\/2021\/11\/screenshot-reiseauskunft.bahn_.de-2021.11.09-14_17_02.jpg\" alt=\"screenshot-reiseauskunft.bahn.de-2021.11.09-14_17_02.jpg\" align=\"center\" width=\"652\" height=\"88\" srcset=\"https:\/\/usagers-transports.haut-allier.eu\/wp-content\/uploads\/2021\/11\/screenshot-reiseauskunft.bahn_.de-2021.11.09-14_17_02.jpg 652w, https:\/\/usagers-transports.haut-allier.eu\/wp-content\/uploads\/2021\/11\/screenshot-reiseauskunft.bahn_.de-2021.11.09-14_17_02-300x40.jpg 300w\" sizes=\"auto, (max-width: 652px) 100vw, 652px\" \/><br \/>\n<img loading=\"lazy\" decoding=\"async\" class=\" aligncenter size-full wp-image-3505\" src=\"http:\/\/5.45.101.177\/haut-allier\/usagers-transportse\/wp-content\/uploads\/2021\/11\/screenshot-reiseauskunft.bahn_.de-2021.11.09-14_16_22.jpg\" alt=\"screenshot-reiseauskunft.bahn.de-2021.11.09-14_16_22.jpg\" align=\"center\" width=\"396\" height=\"570\" srcset=\"https:\/\/usagers-transports.haut-allier.eu\/wp-content\/uploads\/2021\/11\/screenshot-reiseauskunft.bahn_.de-2021.11.09-14_16_22.jpg 396w, https:\/\/usagers-transports.haut-allier.eu\/wp-content\/uploads\/2021\/11\/screenshot-reiseauskunft.bahn_.de-2021.11.09-14_16_22-208x300.jpg 208w\" sizes=\"auto, (max-width: 396px) 100vw, 396px\" \/><br \/>\n&nbsp;<br \/>\nLe TER interr\u00e9gional g\u00e9r\u00e9 par la r\u00e9gion Occitanie dessert donc d\u00e9sormais le village loz\u00e9rien qui d\u00e9pend de la commune de Saint-Bonnet Laval, mais dans un seul sens, Clermont vers N\u00eemes.<br \/>\n&nbsp;<br \/>\nNotre Collectif des usagers des transports du Haut Allier vient d&rsquo;\u00e9crire \u00e0 la r\u00e9gion Occitanie pour que la rame montante N\u00eemes Clermont s&rsquo;y arr\u00eate \u00e9galement.<br \/>\n&nbsp;<br \/>\n<img loading=\"lazy\" decoding=\"async\" class=\" aligncenter size-full wp-image-3506\" src=\"http:\/\/5.45.101.177\/haut-allier\/usagers-transportse\/wp-content\/uploads\/2021\/11\/courrier-gibelin-nov2021-200.jpg\" alt=\"courrier-gibelin-nov2021-200.jpg\" align=\"center\" width=\"148\" height=\"200\" \/><br \/>\n&nbsp;<br \/>\n<em>La ligne et la circulation en cours ce mardi 9 novembre \u00e0 14h45<\/em><br \/>\n<img loading=\"lazy\" decoding=\"async\" class=\" aligncenter size-full wp-image-3507\" src=\"http:\/\/5.45.101.177\/haut-allier\/usagers-transportse\/wp-content\/uploads\/2021\/11\/screenshot-carto.graou_.info-2021.11.09-14_18_30.jpg\" alt=\"screenshot-carto.graou.info-2021.11.09-14_18_30.jpg\" align=\"center\" width=\"541\" height=\"573\" srcset=\"https:\/\/usagers-transports.haut-allier.eu\/wp-content\/uploads\/2021\/11\/screenshot-carto.graou_.info-2021.11.09-14_18_30.jpg 541w, https:\/\/usagers-transports.haut-allier.eu\/wp-content\/uploads\/2021\/11\/screenshot-carto.graou_.info-2021.11.09-14_18_30-283x300.jpg 283w\" sizes=\"auto, (max-width: 541px) 100vw, 541px\" \/><br \/>\n&nbsp;<br \/>\nEn tous cas merci \u00e0 cette r\u00e9gion et \u00e0 son vice-pr\u00e9sident charg\u00e9 des transports pour cet effort en souhaitant que cela puisse se faire \u00e9galement dans l&rsquo;autre sens. Nous vous tiendrons au courant.<br \/>\n&nbsp;<br \/>\n<em>Une double rame du Coradia Alstom Occitanie s&rsquo;\u00e9tait d\u00e9j\u00e0 arr\u00eat\u00e9e cet \u00e9t\u00e9 \u00e0 Chapeauroux pour les 150 ans de la ligne du train C\u00e9venol<\/em><br \/>\n&nbsp;<br \/>\n<img loading=\"lazy\" decoding=\"async\" class=\" aligncenter size-full wp-image-3508\" src=\"http:\/\/5.45.101.177\/haut-allier\/usagers-transportse\/wp-content\/uploads\/2021\/11\/doubleoccitanie.jpg\" alt=\"doubleoccitanie.jpg\" align=\"center\" width=\"788\" height=\"800\" srcset=\"https:\/\/usagers-transports.haut-allier.eu\/wp-content\/uploads\/2021\/11\/doubleoccitanie.jpg 788w, https:\/\/usagers-transports.haut-allier.eu\/wp-content\/uploads\/2021\/11\/doubleoccitanie-296x300.jpg 296w, https:\/\/usagers-transports.haut-allier.eu\/wp-content\/uploads\/2021\/11\/doubleoccitanie-768x780.jpg 768w\" sizes=\"auto, (max-width: 788px) 100vw, 788px\" \/><br \/>\n&nbsp;<br \/>\n[fond rouge][blanc][Mise \u00e0 jour du 10 novembre 2021 6h45][\/blanc][\/fond rouge]<br \/>\n&nbsp;<br \/>\nSuite \u00e0 notre lettre concernant l&rsquo;arr\u00eat dans le sens N\u00eemes Clermont, voici la r\u00e9ponse hyper rapide de Jean-Luc Gibelin charg\u00e9 des transports de la r\u00e9gion Occitanie :<br \/>\n&nbsp;<br \/>\n<strong>\u00ab\u00a0Nous avions d\u00e9j\u00e0 demand\u00e9 cet arr\u00eat \u00e0 Chapeauroux pour 2021 sur le C\u00e9venol Nimes -> Clermont, que SNCF R\u00e9seau n\u2019avait pas pu nous accorder.<\/strong><br \/>\n&nbsp;<br \/>\n<strong>Nous l\u2019avons \u00e9videmment redemand\u00e9 pour 2022, et normalement cet arr\u00eat sera cr\u00e9\u00e9, \u00e0 16h49, \u00e0 compter du changement de service du 12 d\u00e9cembre prochain. Nous en aurons la confirmation finale dans les jours qui viennent, avec la r\u00e9ception des grilles horaires dites \u00ab certifi\u00e9es \u00bb du SA 2022.<\/strong><br \/>\n&nbsp;<br \/>\n<strong>Chapeauroux sera donc desservi par les 3 allers-retours Nimes Clermont circulant en hiver sur cette section de ligne.\u00a0\u00bb <\/strong> <\/p>\n<p>&nbsp;<br \/>\nNous aurons certainement l&rsquo;occasion de f\u00eater ce nouvel arr\u00eat prochainement.<br \/>\n&nbsp;<\/p>\n","protected":false},"excerpt":{"rendered":"<p>Dans les Gorges sauvages de l&rsquo;Allier depuis quelques jours le train ex Intercit\u00e9s dit le C\u00e9venol, en fait<\/p>\n","protected":false},"author":1,"featured_media":3503,"comment_status":"open","ping_status":"open","sticky":false,"template":"","format":"standard","meta":{"footnotes":""},"categories":[3],"tags":[],"class_list":["post-819","post","type-post","status-publish","format-standard","has-post-thumbnail","hentry","category-en-train"],"_links":{"self":[{"href":"https:\/\/usagers-transports.haut-allier.eu\/index.php\/wp-json\/wp\/v2\/posts\/819","targetHints":{"allow":["GET"]}}],"collection":[{"href":"https:\/\/usagers-transports.haut-allier.eu\/index.php\/wp-json\/wp\/v2\/posts"}],"about":[{"href":"https:\/\/usagers-transports.haut-allier.eu\/index.php\/wp-json\/wp\/v2\/types\/post"}],"author":[{"embeddable":true,"href":"https:\/\/usagers-transports.haut-allier.eu\/index.php\/wp-json\/wp\/v2\/users\/1"}],"replies":[{"embeddable":true,"href":"https:\/\/usagers-transports.haut-allier.eu\/index.php\/wp-json\/wp\/v2\/comments?post=819"}],"version-history":[{"count":0,"href":"https:\/\/usagers-transports.haut-allier.eu\/index.php\/wp-json\/wp\/v2\/posts\/819\/revisions"}],"wp:featuredmedia":[{"embeddable":true,"href":"https:\/\/usagers-transports.haut-allier.eu\/index.php\/wp-json\/wp\/v2\/media\/3503"}],"wp:attachment":[{"href":"https:\/\/usagers-transports.haut-allier.eu\/index.php\/wp-json\/wp\/v2\/media?parent=819"}],"wp:term":[{"taxonomy":"category","embeddable":true,"href":"https:\/\/usagers-transports.haut-allier.eu\/index.php\/wp-json\/wp\/v2\/categories?post=819"},{"taxonomy":"post_tag","embeddable":true,"href":"https:\/\/usagers-transports.haut-allier.eu\/index.php\/wp-json\/wp\/v2\/tags?post=819"}],"curies":[{"name":"wp","href":"https:\/\/api.w.org\/{rel}","templated":true}]}}