{"id":82,"date":"2013-10-22T07:53:43","date_gmt":"2013-10-22T05:53:43","guid":{"rendered":"http:\/\/5.45.101.177\/haut-allier\/usagers-transportse\/index.php\/2013\/10\/22\/maintien-du-train-aubrac-beziers082\/"},"modified":"2013-10-22T07:53:43","modified_gmt":"2013-10-22T05:53:43","slug":"maintien-du-train-aubrac-beziers082","status":"publish","type":"post","link":"https:\/\/usagers-transports.haut-allier.eu\/index.php\/2013\/10\/22\/maintien-du-train-aubrac-beziers082\/","title":{"rendered":"Maintien du train Aubrac B\u00e9ziers Clermont : la marche arrive en Auvergne ce samedi"},"content":{"rendered":"<p>Les marcheurs pour la d\u00e9fense de la ligne de l&rsquo;Aubrac partis de B\u00e9ziers le 4 mai dernier arriveront \u00e0 Paris au minist\u00e8re des transports le 13 novembre. Leur passage en Auvergne est pr\u00e9vu \u00e0 Arvant \u00e0 12h30, avec un d\u00e9part de  Lempdes-sur-Allagnon \u00e0 11h30.<\/p>\n<p><img loading=\"lazy\" decoding=\"async\" class=\" aligncenter size-full wp-image-1502\" src=\"http:\/\/5.45.101.177\/haut-allier\/usagers-transportse\/wp-content\/uploads\/2013\/10\/ligne_beziers_neussargues.jpg\" alt=\"ligne_beziers_neussargues.jpg\" align=\"center\" width=\"640\" height=\"360\" srcset=\"https:\/\/usagers-transports.haut-allier.eu\/wp-content\/uploads\/2013\/10\/ligne_beziers_neussargues.jpg 640w, https:\/\/usagers-transports.haut-allier.eu\/wp-content\/uploads\/2013\/10\/ligne_beziers_neussargues-300x169.jpg 300w\" sizes=\"auto, (max-width: 640px) 100vw, 640px\" \/><\/p>\n<p>Appel \u00e0 tous et toutes pour se joindre \u00e0 eux et prouver \u00e0 la SNCF le refus de son d\u00e9mant\u00e8lement et de sa fermeture.<br \/>\n&nbsp;<br \/>\nL&rsquo;article de la <a href=\"http:\/\/www.lamontagne.fr\/auvergne\/actualite\/departement\/haute-loire\/2013\/10\/21\/une-marche-entre-lempdes-et-arvant-pour-defendre-le-beziers-paris-vendredi_1738029.html\">Montagne<\/a> du 22 octobre 2013.<\/p>\n","protected":false},"excerpt":{"rendered":"<p>Les marcheurs pour la d\u00e9fense de la ligne de l&rsquo;Aubrac partis de B\u00e9ziers le 4 mai dernier arriveront<\/p>\n","protected":false},"author":1,"featured_media":1501,"comment_status":"closed","ping_status":"open","sticky":false,"template":"","format":"standard","meta":{"footnotes":""},"categories":[2],"tags":[],"class_list":["post-82","post","type-post","status-publish","format-standard","has-post-thumbnail","hentry","category-infos"],"_links":{"self":[{"href":"https:\/\/usagers-transports.haut-allier.eu\/index.php\/wp-json\/wp\/v2\/posts\/82","targetHints":{"allow":["GET"]}}],"collection":[{"href":"https:\/\/usagers-transports.haut-allier.eu\/index.php\/wp-json\/wp\/v2\/posts"}],"about":[{"href":"https:\/\/usagers-transports.haut-allier.eu\/index.php\/wp-json\/wp\/v2\/types\/post"}],"author":[{"embeddable":true,"href":"https:\/\/usagers-transports.haut-allier.eu\/index.php\/wp-json\/wp\/v2\/users\/1"}],"replies":[{"embeddable":true,"href":"https:\/\/usagers-transports.haut-allier.eu\/index.php\/wp-json\/wp\/v2\/comments?post=82"}],"version-history":[{"count":0,"href":"https:\/\/usagers-transports.haut-allier.eu\/index.php\/wp-json\/wp\/v2\/posts\/82\/revisions"}],"wp:featuredmedia":[{"embeddable":true,"href":"https:\/\/usagers-transports.haut-allier.eu\/index.php\/wp-json\/wp\/v2\/media\/1501"}],"wp:attachment":[{"href":"https:\/\/usagers-transports.haut-allier.eu\/index.php\/wp-json\/wp\/v2\/media?parent=82"}],"wp:term":[{"taxonomy":"category","embeddable":true,"href":"https:\/\/usagers-transports.haut-allier.eu\/index.php\/wp-json\/wp\/v2\/categories?post=82"},{"taxonomy":"post_tag","embeddable":true,"href":"https:\/\/usagers-transports.haut-allier.eu\/index.php\/wp-json\/wp\/v2\/tags?post=82"}],"curies":[{"name":"wp","href":"https:\/\/api.w.org\/{rel}","templated":true}]}}