{"id":820,"date":"2021-11-15T07:32:24","date_gmt":"2021-11-15T06:32:24","guid":{"rendered":"http:\/\/5.45.101.177\/haut-allier\/usagers-transportse\/index.php\/2021\/11\/15\/ligne-du-train-aubrac-le-trafic820\/"},"modified":"2021-11-15T07:32:24","modified_gmt":"2021-11-15T06:32:24","slug":"ligne-du-train-aubrac-le-trafic820","status":"publish","type":"post","link":"https:\/\/usagers-transports.haut-allier.eu\/index.php\/2021\/11\/15\/ligne-du-train-aubrac-le-trafic820\/","title":{"rendered":"Ligne du train Aubrac : le trafic voyageur enfin de retour"},"content":{"rendered":"<p>Nous reproduisons l&rsquo;<a href=\"https:\/\/www.francebleu.fr\/infos\/transports\/les-trains-sont-enfin-de-retour-sur-la-ligne-de-l-aubrac-1636740957\"><strong>article d&rsquo;Emmanuel Moreau de France Bleu Pays d&rsquo;Auvergne<\/strong><\/a>. Rien \u00e0 ajouter, il est suffisamment complet :<br \/>\n&nbsp;<br \/>\n<em><br \/>\nLa ligne de l&rsquo;Aubrac (Clermont &#8211; Neussargues &#8211; Millau &#8211; B\u00e9ziers), appel\u00e9e aussi ligne des Causses, va enfin revoir des trains circuler sur l&rsquo;int\u00e9gralit\u00e9 de son parcours. Un retour d&rsquo;une desserte voyageur et marchandise qui n&rsquo;est pas pour autant une garantie pour l&rsquo;avenir.<br \/>\n&nbsp;<br \/>\nIls devaient \u00eatre de retour en septembre. Ce sera finalement mi-novembre. L&rsquo;aller-retour quotidien entre Clermont et B\u00e9ziers ainsi que le train de fret pour Saint-Ch\u00e9ly d&rsquo;Apcher doivent \u00e0 nouveau circuler \u00e0 partir de ce lundi. Les trains ne pouvaient plus rouler sur la partie auvergnate de la ligne de l&rsquo;Aubrac (Neussargues &#8211; Saint-Flour &#8211; Saint-Chely) depuis le 4 d\u00e9cembre 2020; des d\u00e9formations dans la voie avaient \u00e9t\u00e9 d\u00e9tect\u00e9s lors du passage d&rsquo;un train de contr\u00f4le.<br \/>\n&nbsp;<br \/>\nRien d&rsquo;\u00e9tonnant, la ligne manque d&rsquo;entretien et les quelques coupures pour travaux effectu\u00e9es ces derni\u00e8res ann\u00e9es n&rsquo;ont pas am\u00e9lior\u00e9 pas grand chose, elles ont juste permis de r\u00e9parer le plus urgent. Et cette longue coupure de presque un an risque de ne pas d\u00e9roger \u00e0 cette r\u00e8gle.<br \/>\n&nbsp;<br \/>\nLa ligne de l&rsquo;Aubrac n&rsquo;a pas droit aux trains de travaux modernes qui peuvent changer jusqu&rsquo;\u00e0 un kilom\u00e8tre de ligne (voie et ballast) en une nuit. Le chantier est plus artisanal avec quelques engins rail-route et des tirefonds remplac\u00e9s un \u00e0 un. Il faut dire que l&rsquo;armement de la voie, compos\u00e9 en partie de rails \u00ab\u00a0double champignon\u00a0\u00bb (rails sym\u00e9triques pour pouvoir \u00eatre retourn\u00e9 une fois us\u00e9s sur un c\u00f4t\u00e9) tr\u00e8s anciens et que ne peuvent pas traiter les engins de travaux modernes.<br \/>\n&nbsp;<br \/>\n<strong>Pour ce chantier:<\/strong><br \/>\n&nbsp;<br \/>\n&#8211; 6.000 traverses ont \u00e9t\u00e9 remplac\u00e9es dans des courbes, l\u00e0 o\u00f9 la voie est la plus sollicit\u00e9e (environ 4 kilom\u00e8tres au total)<\/p>\n<p>&#8211; Les attaches de 16.380 traverses ont \u00e9t\u00e9 chang\u00e9es<\/p>\n<p>&#8211; Des traverses de trois aiguillages ont \u00e9t\u00e9 chang\u00e9es (mais pas les aiguillages)<\/p>\n<p>&#8211; Du ballast a \u00e9t\u00e9 r\u00e9pandu sur 26 kilom\u00e8tres. 4.500 tonnes qui ont permis de relever la voie sur un peu plus de 6 kilom\u00e8tres et de renforcer la voie<br \/>\n&nbsp;<br \/>\nCes travaux vont permettre de relever la vitesse des trains \u00e0 55 km\/h contre 40 auparavant. Rien d&rsquo;extraordinaire mais il est vrai que le trac\u00e9 tr\u00e8s sinueux de la ligne ne permet pas non plus de grandes vitesses. SNCF R\u00e9seau pr\u00e9cise qu&rsquo;un programme \u00e0 long terme est pr\u00e9vu entre l&rsquo;Etat et les deux r\u00e9gions concern\u00e9es, Auvergne-Rh\u00f4ne-Alpes et Occitanie. Il doit permettre de reg\u00e9n\u00e9rer cette ligne ainsi que sa cousine C\u00e9venole.<br \/>\n&nbsp;<br \/>\n<strong>Un avenir toujours aussi incertain<\/strong><br \/>\n&nbsp;<br \/>\nPlan \u00e0 long terme ou non, les d\u00e9fenseurs de la ligne craignent le programme de travaux 2021 ne soit qu&rsquo;un rafistolage \u00e9ph\u00e9m\u00e8re. La voie est en mauvais \u00e9tat et d&rsquo;autres probl\u00e8mes peuvent appara\u00eetre \u00e0 tout moment, provoquant une nouvelle coupure. Ils s&rsquo;inqui\u00e8tent surtout de l&rsquo;absence de r\u00e9action de l&rsquo;Etat: les pr\u00e9sidents des six conseils d\u00e9partementaux travers\u00e9s par la ligne ont \u00e9crit au ministre charg\u00e9 des transports au mois de mars et attendent toujours un rendez-vous.<br \/>\n&nbsp;<br \/>\nPratiquement tous les \u00e9lus du Massif Central se sont mobilis\u00e9s pour sauver cette ligne et son unique aller-retour quotidien. 200 d\u00e9lib\u00e9rations, dont 70 pour le Cantal, demandant son maintien (voire \u00e9galement le retour d&rsquo;un train de nuit) ont \u00e9t\u00e9 prises par des collectivit\u00e9s du Massif Central. En sachant que la ligne de l&rsquo;Aubrac ne sera jamais rentable mais le probl\u00e8me est la desserte du Massif Central et son d\u00e9senclavement; un choix politique pour un territoire unique.<br \/>\n<\/em><\/p>\n<p>&nbsp;<br \/>\n<strong>L&rsquo;un des premiers Intercit\u00e9s partira de B\u00e9ziers ce lundi \u00e0 9h35 pour un passage sur le viaduc de Garabit vers 14h00 et une arriv\u00e9e \u00e0 Clermont-Ferrand \u00e0 16h11.<\/strong><br \/>\n&nbsp;<br \/>\n[fond noir][blanc]<strong>[Mise \u00e0 jour 14h30]<\/strong>[\/blanc][\/fond noir]<br \/>\n&nbsp;<br \/>\nL&rsquo;Intercit\u00e9s n\u00b0 15940 venant de B\u00e9ziers vient juste de passer sur le viaduc de Garabit \u00e0 14h00 en presque live avec <a href=\"https:\/\/carto.graou.info\/44.97633\/3.16504\/14.58719\/0\/0\"><em>cartoGraou<\/em><\/a> :<br \/>\n&nbsp;<br \/>\n<center><br \/>\n<icone|nom=subway|echelle=3|couleur=couleur1> <icone|nom=thumbs-o-up|echelle=3|couleur=couleur1><br \/>\n[texte_center][bouton_couleur1]<a href=\"https:\/\/www.sncf.com\/fr\/itineraire-reservation\/geolocalisation\">Bien vu<\/a>[\/bouton_couleur1][\/texte_center]<br \/>\n<\/center><br \/>\n&nbsp;<br \/>\n<img loading=\"lazy\" decoding=\"async\" class=\" aligncenter size-full wp-image-3510\" src=\"http:\/\/5.45.101.177\/haut-allier\/usagers-transportse\/wp-content\/uploads\/2021\/11\/screenshot-carto.graou_.info-2021.11.15-14_00_15.jpg\" alt=\"screenshot-carto.graou.info-2021.11.15-14_00_15.jpg\" align=\"center\" width=\"946\" height=\"589\" srcset=\"https:\/\/usagers-transports.haut-allier.eu\/wp-content\/uploads\/2021\/11\/screenshot-carto.graou_.info-2021.11.15-14_00_15.jpg 946w, https:\/\/usagers-transports.haut-allier.eu\/wp-content\/uploads\/2021\/11\/screenshot-carto.graou_.info-2021.11.15-14_00_15-300x187.jpg 300w, https:\/\/usagers-transports.haut-allier.eu\/wp-content\/uploads\/2021\/11\/screenshot-carto.graou_.info-2021.11.15-14_00_15-768x478.jpg 768w\" sizes=\"auto, (max-width: 946px) 100vw, 946px\" \/><br \/>\n&nbsp;<\/p>\n","protected":false},"excerpt":{"rendered":"<p>Nous reproduisons l&rsquo;article d&rsquo;Emmanuel Moreau de France Bleu Pays d&rsquo;Auvergne. Rien \u00e0 ajouter, il est suffisamment complet :<\/p>\n","protected":false},"author":1,"featured_media":3509,"comment_status":"open","ping_status":"open","sticky":false,"template":"","format":"standard","meta":{"footnotes":""},"categories":[2],"tags":[],"class_list":["post-820","post","type-post","status-publish","format-standard","has-post-thumbnail","hentry","category-infos"],"_links":{"self":[{"href":"https:\/\/usagers-transports.haut-allier.eu\/index.php\/wp-json\/wp\/v2\/posts\/820","targetHints":{"allow":["GET"]}}],"collection":[{"href":"https:\/\/usagers-transports.haut-allier.eu\/index.php\/wp-json\/wp\/v2\/posts"}],"about":[{"href":"https:\/\/usagers-transports.haut-allier.eu\/index.php\/wp-json\/wp\/v2\/types\/post"}],"author":[{"embeddable":true,"href":"https:\/\/usagers-transports.haut-allier.eu\/index.php\/wp-json\/wp\/v2\/users\/1"}],"replies":[{"embeddable":true,"href":"https:\/\/usagers-transports.haut-allier.eu\/index.php\/wp-json\/wp\/v2\/comments?post=820"}],"version-history":[{"count":0,"href":"https:\/\/usagers-transports.haut-allier.eu\/index.php\/wp-json\/wp\/v2\/posts\/820\/revisions"}],"wp:featuredmedia":[{"embeddable":true,"href":"https:\/\/usagers-transports.haut-allier.eu\/index.php\/wp-json\/wp\/v2\/media\/3509"}],"wp:attachment":[{"href":"https:\/\/usagers-transports.haut-allier.eu\/index.php\/wp-json\/wp\/v2\/media?parent=820"}],"wp:term":[{"taxonomy":"category","embeddable":true,"href":"https:\/\/usagers-transports.haut-allier.eu\/index.php\/wp-json\/wp\/v2\/categories?post=820"},{"taxonomy":"post_tag","embeddable":true,"href":"https:\/\/usagers-transports.haut-allier.eu\/index.php\/wp-json\/wp\/v2\/tags?post=820"}],"curies":[{"name":"wp","href":"https:\/\/api.w.org\/{rel}","templated":true}]}}