{"id":821,"date":"2021-11-17T09:57:48","date_gmt":"2021-11-17T08:57:48","guid":{"rendered":"http:\/\/5.45.101.177\/haut-allier\/usagers-transportse\/index.php\/2021\/11\/17\/region-auvergne-rhone-alpes821\/"},"modified":"2021-11-17T09:57:48","modified_gmt":"2021-11-17T08:57:48","slug":"region-auvergne-rhone-alpes821","status":"publish","type":"post","link":"https:\/\/usagers-transports.haut-allier.eu\/index.php\/2021\/11\/17\/region-auvergne-rhone-alpes821\/","title":{"rendered":"R\u00e9gion Auvergne Rh\u00f4ne Alpes : quelques points relev\u00e9s durant le Comit\u00e9 de mobilit\u00e9 Auvergne"},"content":{"rendered":"<p>Pilot\u00e9 par le Vice-pr\u00e9sident de r\u00e9gion charg\u00e9 des transports, Fr\u00e9d\u00e9ric Aguilera devant une salle pleine, en pr\u00e9sence de l&rsquo;ancienne Vice-pr\u00e9sidente qui a tenu la fonction durant la fin du pr\u00e9c\u00e9dent mandat, la rencontre usagers \/ r\u00e9gion AuRA hier \u00e0 Clermont Ferrand a laiss\u00e9 \u00e9chapper quelques informations.<br \/>\n&nbsp;<br \/>\n<img loading=\"lazy\" decoding=\"async\" class=\" aligncenter size-full wp-image-3512\" src=\"http:\/\/5.45.101.177\/haut-allier\/usagers-transportse\/wp-content\/uploads\/2021\/11\/diapo000-1000.jpg\" alt=\"diapo000-1000.jpg\" align=\"center\" width=\"1000\" height=\"562\" srcset=\"https:\/\/usagers-transports.haut-allier.eu\/wp-content\/uploads\/2021\/11\/diapo000-1000.jpg 1000w, https:\/\/usagers-transports.haut-allier.eu\/wp-content\/uploads\/2021\/11\/diapo000-1000-300x169.jpg 300w, https:\/\/usagers-transports.haut-allier.eu\/wp-content\/uploads\/2021\/11\/diapo000-1000-768x432.jpg 768w\" sizes=\"auto, (max-width: 1000px) 100vw, 1000px\" \/><br \/>\n&nbsp;<br \/>\nD&rsquo;abord l&rsquo;impression d&rsquo;une meilleure \u00e9coute et accessibilit\u00e9 du nouveau VP transports, d\u00e8s les premiers mois de sa nomination. Ensuite la pr\u00e9sence de Martine Guibert, d\u00e9sormais charg\u00e9e de mission, qui assure que les dossiers entam\u00e9s seront poursuivis de fa\u00e7on coh\u00e9rente.<br \/>\n&nbsp;<br \/>\n[fond noir][blanc]Pour les lignes interurbaines de bus en Haute-Loire[\/blanc][\/fond noir]<br \/>\n&nbsp;<br \/>\nLa r\u00e9gion a pris les commandes du r\u00e9seau (existe-t-il ?) de bus d\u00e9partemental scolaire et interurbain. A notre question sur l&rsquo;am\u00e9lioration n\u00e9cessaire, suite au constat affich\u00e9 de plus de 200 lignes scolaires altilig\u00e9riennes non accessibles aux adultes, et de seulement une dizaine de lignes entre les villes, il nous est r\u00e9pondu que : Oui \u00e9videmment, une refonte sera men\u00e9e, avec le souci de l&rsquo;intermodalit\u00e9, des correspondances avec le train et les autres modes de transports. Mais pas de date. Dont acte. Nous attendons avec impatience de voir ce qui va \u00eatre mis en place pour l&rsquo;ouest de la Haute Loire en esp\u00e9rant que les usagers seront convi\u00e9s aux prises de d\u00e9cision.<br \/>\n&nbsp;<br \/>\nUne demande forte exprim\u00e9e par les usagers : l&rsquo;acc\u00e8s possible des voyageurs adultes dans les cars scolaires, ce qui leur est refus\u00e9 actuellement. La r\u00e9gion le souhaite aussi et va \u00e9tudier cette possibilit\u00e9.<br \/>\n&nbsp;<br \/>\nAjoutons que les anciens bus TER Auvergne qui naviguaient en remplacement des lignes ferm\u00e9es, comme Vichy-Pont de Dore-Ambert-La Chaise Dieu par exemple, seront int\u00e9gr\u00e9s au r\u00e9seau de bus r\u00e9gionaux interurbains.<br \/>\n&nbsp;<br \/>\n[fond noir][blanc]Sur l&rsquo;orientation de la politique mobilit\u00e9 en Auvergne Rh\u00f4ne Alpes[\/blanc][\/fond noir]<br \/>\n&nbsp;<br \/>\nLe VP avoue franchement, au diapason avec les pens\u00e9es exprim\u00e9es de son pr\u00e9sident Laurent Wauquiez, et comme il l&rsquo;a d\u00e9j\u00e0 exprim\u00e9 en d&rsquo;autres circonstances, que <em>\u00ab\u00a0Il ne croit pas du tout au remplacement du v\u00e9hicule individuel par les transports en commun en Auvergne\u00a0\u00bb<\/em> : \u00e7a a le m\u00e9rite d&rsquo;\u00eatre extr\u00eamement clair et en dit long sur la volont\u00e9 de d\u00e9veloppement de l&rsquo;offre de transports en commun de la r\u00e9gion Auvergne Rh\u00f4ne Alpes. \u00ab\u00a0D\u00e9carboner les mobilit\u00e9s et ne pas opposer les modes de transports\u00a0\u00bb sont les ma\u00eetres mots du nouveau charg\u00e9 des transports.<br \/>\n&nbsp;<br \/>\nNous voyons dans cette affirmation une volont\u00e9 non pas d&rsquo;\u00e9quilibrer l&rsquo;effort financier dans les moyens de transports mais une volont\u00e9 de ne pas privil\u00e9gier le train. Une erreur strat\u00e9gique gravissime actuellement vu la demande des habitants.<br \/>\n&nbsp;<br \/>\n[fond noir][blanc]Pour la ligne du C\u00e9venol[\/blanc][\/fond noir]<br \/>\n&nbsp;<br \/>\nPeu de choses de nouveau si ce n&rsquo;est :<br \/>\n&nbsp;<br \/>\n&#8211; le succ\u00e8s du 4\u00e8me Aller retour d&rsquo;\u00e9t\u00e9 qui reviendra en 2022 et 2023, des n\u00e9gociations avec la r\u00e9gion Occitanie en cours pour \u00e9viter le passage d&rsquo;un TER \u00e0 un autre en gare de Langogne.<br \/>\n&#8211; la non visibilit\u00e9 par SNCF R\u00e9seau du retour d&rsquo;un service \u00e0 vitesse normale dans les gorges. Apparemment l&rsquo;organisme veut faire perdurer la menace de la fermeture pour obliger l&rsquo;engagement d&rsquo;AuRA pour un financement plus important. Il s&rsquo;agit bien d&rsquo;un jeu politique.<br \/>\n&#8211; et dans ce cadre l&rsquo;affirmation par SNCF R\u00e9seau d&rsquo;un \u00ab\u00a0mur d&rsquo;investissement infranchissable\u00a0\u00bb pour la modernisation de notre ligne, de 250 Millions d&rsquo;euros. Aucune solution ne serait en vue pour le moment. Encore cette posture politique.<br \/>\n&nbsp;<br \/>\n<em>Voici l&rsquo;ensemble des travaux pr\u00e9vus en 2022 et 2023 (pardon pour la mauvaise qualit\u00e9 des images) <\/em><br \/>\n<img loading=\"lazy\" decoding=\"async\" class=\" aligncenter size-full wp-image-3513\" src=\"http:\/\/5.45.101.177\/haut-allier\/usagers-transportse\/wp-content\/uploads\/2021\/11\/diapo30-travaux2022-1000.jpg\" alt=\"diapo30-travaux2022-1000.jpg\" align=\"center\" width=\"1000\" height=\"577\" srcset=\"https:\/\/usagers-transports.haut-allier.eu\/wp-content\/uploads\/2021\/11\/diapo30-travaux2022-1000.jpg 1000w, https:\/\/usagers-transports.haut-allier.eu\/wp-content\/uploads\/2021\/11\/diapo30-travaux2022-1000-300x173.jpg 300w, https:\/\/usagers-transports.haut-allier.eu\/wp-content\/uploads\/2021\/11\/diapo30-travaux2022-1000-768x443.jpg 768w\" sizes=\"auto, (max-width: 1000px) 100vw, 1000px\" \/><br \/>\n<img loading=\"lazy\" decoding=\"async\" class=\" aligncenter size-full wp-image-3514\" src=\"http:\/\/5.45.101.177\/haut-allier\/usagers-transportse\/wp-content\/uploads\/2021\/11\/diapo28-previsions2023-1000.jpg\" alt=\"diapo28-previsions2023-1000.jpg\" align=\"center\" width=\"1000\" height=\"565\" srcset=\"https:\/\/usagers-transports.haut-allier.eu\/wp-content\/uploads\/2021\/11\/diapo28-previsions2023-1000.jpg 1000w, https:\/\/usagers-transports.haut-allier.eu\/wp-content\/uploads\/2021\/11\/diapo28-previsions2023-1000-300x170.jpg 300w, https:\/\/usagers-transports.haut-allier.eu\/wp-content\/uploads\/2021\/11\/diapo28-previsions2023-1000-768x434.jpg 768w\" sizes=\"auto, (max-width: 1000px) 100vw, 1000px\" \/><br \/>\n<img loading=\"lazy\" decoding=\"async\" class=\" aligncenter size-full wp-image-3515\" src=\"http:\/\/5.45.101.177\/haut-allier\/usagers-transportse\/wp-content\/uploads\/2021\/11\/diapo29-2023-leprogramme-1000.jpg\" alt=\"diapo29-2023-leprogramme-1000.jpg\" align=\"center\" width=\"1000\" height=\"586\" srcset=\"https:\/\/usagers-transports.haut-allier.eu\/wp-content\/uploads\/2021\/11\/diapo29-2023-leprogramme-1000.jpg 1000w, https:\/\/usagers-transports.haut-allier.eu\/wp-content\/uploads\/2021\/11\/diapo29-2023-leprogramme-1000-300x176.jpg 300w, https:\/\/usagers-transports.haut-allier.eu\/wp-content\/uploads\/2021\/11\/diapo29-2023-leprogramme-1000-768x450.jpg 768w\" sizes=\"auto, (max-width: 1000px) 100vw, 1000px\" \/><br \/>\n&nbsp;<br \/>\n[fond noir][blanc]Pour la ligne Thiers &#8211; Bo\u00ebn[\/blanc][\/fond noir]<br \/>\n&nbsp;<br \/>\nLa possibilit\u00e9 de r\u00e9ouverture de ce tron\u00e7on semble bien int\u00e9gr\u00e9e par la r\u00e9gion, alors que pour le moment est bien affirm\u00e9 que seule une \u00e9tude de faisabilit\u00e9 est en cours, qu&rsquo;elle est pilot\u00e9e par SNCF R\u00e9seau mais comme cela a \u00e9t\u00e9 promis confi\u00e9e \u00e0 un bureau d&rsquo;\u00e9tude ind\u00e9pendant. Tr\u00e8s \u00e9trange&#8230; Une fa\u00e7on pour SNCF R\u00e9seau d&rsquo;imposer un co\u00fbt prohibitif de r\u00e9ouverture au final bien \u00e9videmment. Mais bon, le travail du jeune collectif <a href=\"https:\/\/letrain634269.org\"><em>LeTrain634269<\/em><\/a> est aussi salu\u00e9 plusieurs fois. Ce dernier est optimiste et poursuit son travail de fond avec les \u00e9lus locaux de Loire et du Puy-de-D\u00f4me. On s&rsquo;en f\u00e9licite.<br \/>\n&nbsp;<br \/>\n<img loading=\"lazy\" decoding=\"async\" class=\" aligncenter size-full wp-image-3516\" src=\"http:\/\/5.45.101.177\/haut-allier\/usagers-transportse\/wp-content\/uploads\/2021\/11\/diapo27-thiers-boen-1000.jpg\" alt=\"diapo27-thiers-boen-1000.jpg\" align=\"center\" width=\"1000\" height=\"558\" srcset=\"https:\/\/usagers-transports.haut-allier.eu\/wp-content\/uploads\/2021\/11\/diapo27-thiers-boen-1000.jpg 1000w, https:\/\/usagers-transports.haut-allier.eu\/wp-content\/uploads\/2021\/11\/diapo27-thiers-boen-1000-300x167.jpg 300w, https:\/\/usagers-transports.haut-allier.eu\/wp-content\/uploads\/2021\/11\/diapo27-thiers-boen-1000-768x429.jpg 768w\" sizes=\"auto, (max-width: 1000px) 100vw, 1000px\" \/><br \/>\n&nbsp;<br \/>\n[fond noir][blanc]Le contrat de plan Etat &#8211; R\u00e9gion sur les Mobilit\u00e9s pas encore sign\u00e9[\/blanc][\/fond noir]<br \/>\n&nbsp;<br \/>\nAlors que celui de la r\u00e9gion Occitanie l&rsquo;a \u00e9t\u00e9 il y a quelques mois et apporte 1,6 Milliard d&rsquo;euros pour la r\u00e9novation des petites lignes (infrastructure) jusqu&rsquo;en 2030, et que celui de la Nouvelle Aquitaine l&rsquo;a \u00e9t\u00e9 pour un montant de 1,5 Milliard jusqu&rsquo;en 2032, celui d&rsquo;Auvergne Rh\u00f4ne Alpes apparemment pour une p\u00e9riode allant jusqu&rsquo;\u00e0 2035 ne sera sign\u00e9 qu&rsquo;au mleux le 2\u00e8me semestre 2022. Cela laissera un peu de temps aux associations et collectifs pour appuyer l&rsquo;int\u00e9gration dans ce plan des r\u00e9novations et des r\u00e9ouvertures indispensables \u00e0 l&rsquo;avenir de l&rsquo;Auvergne !<br \/>\n&nbsp;<br \/>\n[fond noir][blanc]Etoile ferroviaire de Clermont-Ferrand[\/blanc][\/fond noir]<br \/>\n&nbsp;<br \/>\nNous apprenons qu&rsquo;apr\u00e8s celles des autres \u00e9toiles ferroviaires de la r\u00e9gion, une \u00e9tude est en cours pour la capitale auvergnate en vue de son am\u00e9lioration pour&#8230; 2035. Sauf mauvaise compr\u00e9hension de notre part. A ce sujet l&rsquo;association des 150 ans de la ligne du C\u00e9venol organise en guise d&rsquo;\u00e9v\u00e9nement final, le 21 janvier \u00e0 Clermont une rencontre d\u00e9bat dont le th\u00e8me sera : \u00ab\u00a0<strong>Et maintenant ? Vers une ligne du train C\u00e9venol et une \u00e9toile ferroviaire auvergnate repens\u00e9es dans un r\u00e9seau \u00e0 haut niveau de performances\u00a0\u00bb<\/strong>.<br \/>\n&nbsp;<br \/>\n[fond noir][blanc]Importance du t\u00e9l\u00e9travail[\/blanc][\/fond noir]<br \/>\n&nbsp;<br \/>\nUne \u00e9tude de SNCF en Auvergne Rh\u00f4ne Alpes fait appara\u00eetre qu&rsquo;un abonn\u00e9 TER sur deux pratique le t\u00e9l\u00e9travail. C&rsquo;est \u00e9norme et cela confirme ce que nous croyons et ce pourquoi nous nous battons depuis longtemps : la n\u00e9cessaire am\u00e9lioration du service ferroviaire dans le Massif central indispensable \u00e0 l&rsquo;\u00e9conomie et \u00e0 l&rsquo;arriv\u00e9e de nouveaux habitants, accompagn\u00e9e par une mont\u00e9e en puissance de la couverture Internet en tr\u00e8s haut d\u00e9bit dans toutes les zones m\u00eame les plus recul\u00e9es. Ce dernier point avance plus vite que le r\u00e9seau ferr\u00e9 actuellement d&rsquo;ailleurs.<br \/>\n&nbsp;<br \/>\n[fond noir][blanc]Autres diapos&#8230;[\/blanc][\/fond noir]<br \/>\n&nbsp;<br \/>\n<em>Le plan de sauvetage des petites lignes (Nous en avons marre d&rsquo;entendre parler de sauvetage et non de modernisation) <\/em><br \/>\n<img loading=\"lazy\" decoding=\"async\" class=\" aligncenter size-full wp-image-3517\" src=\"http:\/\/5.45.101.177\/haut-allier\/usagers-transportse\/wp-content\/uploads\/2021\/11\/diapo26-plansauvetagepetiteslignes-planderelance-1000.jpg\" alt=\"diapo26-plansauvetagepetiteslignes-planderelance-1000.jpg\" align=\"center\" width=\"1000\" height=\"560\" srcset=\"https:\/\/usagers-transports.haut-allier.eu\/wp-content\/uploads\/2021\/11\/diapo26-plansauvetagepetiteslignes-planderelance-1000.jpg 1000w, https:\/\/usagers-transports.haut-allier.eu\/wp-content\/uploads\/2021\/11\/diapo26-plansauvetagepetiteslignes-planderelance-1000-300x168.jpg 300w, https:\/\/usagers-transports.haut-allier.eu\/wp-content\/uploads\/2021\/11\/diapo26-plansauvetagepetiteslignes-planderelance-1000-768x430.jpg 768w\" sizes=\"auto, (max-width: 1000px) 100vw, 1000px\" \/><br \/>\n&nbsp;<br \/>\n<em>Les \u00ab\u00a0points \u00e0 traiter\u00a0\u00bb en d\u00e9but de r\u00e9union<\/em><br \/>\n<img loading=\"lazy\" decoding=\"async\" class=\" aligncenter size-full wp-image-3518\" src=\"http:\/\/5.45.101.177\/haut-allier\/usagers-transportse\/wp-content\/uploads\/2021\/11\/diapo32-points-a-traiter-1000.jpg\" alt=\"diapo32-points-a-traiter-1000.jpg\" align=\"center\" width=\"1000\" height=\"589\" srcset=\"https:\/\/usagers-transports.haut-allier.eu\/wp-content\/uploads\/2021\/11\/diapo32-points-a-traiter-1000.jpg 1000w, https:\/\/usagers-transports.haut-allier.eu\/wp-content\/uploads\/2021\/11\/diapo32-points-a-traiter-1000-300x177.jpg 300w, https:\/\/usagers-transports.haut-allier.eu\/wp-content\/uploads\/2021\/11\/diapo32-points-a-traiter-1000-768x452.jpg 768w\" sizes=\"auto, (max-width: 1000px) 100vw, 1000px\" \/><br \/>\n&nbsp;<br \/>\nVoici l&rsquo;enregistrement audio de la r\u00e9union (avec toutes les imperfections et d&rsquo;une dur\u00e9e de pr\u00e8s de 3h00) :<br \/>\n&nbsp;<br \/>\n<a href=\"http:\/\/5.45.101.177\/haut-allier\/usagers-transportse\/wp-content\/uploads\/2021\/11\/2021-11-16_13.46.59-m.mp3\">2021-11-16_13.46.59-m.mp3<\/a><\/p>\n","protected":false},"excerpt":{"rendered":"<p>Pilot\u00e9 par le Vice-pr\u00e9sident de r\u00e9gion charg\u00e9 des transports, Fr\u00e9d\u00e9ric Aguilera devant une salle pleine, en pr\u00e9sence de<\/p>\n","protected":false},"author":1,"featured_media":3511,"comment_status":"open","ping_status":"open","sticky":false,"template":"","format":"standard","meta":{"footnotes":""},"categories":[3],"tags":[],"class_list":["post-821","post","type-post","status-publish","format-standard","has-post-thumbnail","hentry","category-en-train"],"_links":{"self":[{"href":"https:\/\/usagers-transports.haut-allier.eu\/index.php\/wp-json\/wp\/v2\/posts\/821","targetHints":{"allow":["GET"]}}],"collection":[{"href":"https:\/\/usagers-transports.haut-allier.eu\/index.php\/wp-json\/wp\/v2\/posts"}],"about":[{"href":"https:\/\/usagers-transports.haut-allier.eu\/index.php\/wp-json\/wp\/v2\/types\/post"}],"author":[{"embeddable":true,"href":"https:\/\/usagers-transports.haut-allier.eu\/index.php\/wp-json\/wp\/v2\/users\/1"}],"replies":[{"embeddable":true,"href":"https:\/\/usagers-transports.haut-allier.eu\/index.php\/wp-json\/wp\/v2\/comments?post=821"}],"version-history":[{"count":0,"href":"https:\/\/usagers-transports.haut-allier.eu\/index.php\/wp-json\/wp\/v2\/posts\/821\/revisions"}],"wp:featuredmedia":[{"embeddable":true,"href":"https:\/\/usagers-transports.haut-allier.eu\/index.php\/wp-json\/wp\/v2\/media\/3511"}],"wp:attachment":[{"href":"https:\/\/usagers-transports.haut-allier.eu\/index.php\/wp-json\/wp\/v2\/media?parent=821"}],"wp:term":[{"taxonomy":"category","embeddable":true,"href":"https:\/\/usagers-transports.haut-allier.eu\/index.php\/wp-json\/wp\/v2\/categories?post=821"},{"taxonomy":"post_tag","embeddable":true,"href":"https:\/\/usagers-transports.haut-allier.eu\/index.php\/wp-json\/wp\/v2\/tags?post=821"}],"curies":[{"name":"wp","href":"https:\/\/api.w.org\/{rel}","templated":true}]}}