{"id":823,"date":"2021-11-22T19:44:59","date_gmt":"2021-11-22T18:44:59","guid":{"rendered":"http:\/\/5.45.101.177\/haut-allier\/usagers-transportse\/index.php\/2021\/11\/22\/des-idees-pour-ameliorer-le-train823\/"},"modified":"2021-11-22T19:44:59","modified_gmt":"2021-11-22T18:44:59","slug":"des-idees-pour-ameliorer-le-train823","status":"publish","type":"post","link":"https:\/\/usagers-transports.haut-allier.eu\/index.php\/2021\/11\/22\/des-idees-pour-ameliorer-le-train823\/","title":{"rendered":"Des id\u00e9es pour am\u00e9liorer le train en r\u00e9gion Occitanie ?"},"content":{"rendered":"<p>Et bien il suffit d&rsquo;aller sur ce site&#8230;<br \/>\n&nbsp;<br \/>\n<a href=\"https:\/\/t.co\/iPafo0EfIB\"><img loading=\"lazy\" decoding=\"async\" class=\" aligncenter size-full wp-image-3533\" src=\"http:\/\/5.45.101.177\/haut-allier\/usagers-transportse\/wp-content\/uploads\/2021\/11\/firefox_screenshot_2021-11-22t18-03-23.124z.png\" alt=\"firefox_screenshot_2021-11-22t18-03-23.124z.png\" align=\"center\" width=\"747\" height=\"540\" srcset=\"https:\/\/usagers-transports.haut-allier.eu\/wp-content\/uploads\/2021\/11\/firefox_screenshot_2021-11-22t18-03-23.124z.png 747w, https:\/\/usagers-transports.haut-allier.eu\/wp-content\/uploads\/2021\/11\/firefox_screenshot_2021-11-22t18-03-23.124z-300x217.png 300w\" sizes=\"auto, (max-width: 747px) 100vw, 747px\" \/><\/a><br \/>\n&nbsp;<br \/>\n&#8230; puis de cliquer sur le micro pour enregistrer son message. Il sera \u00e9cout\u00e9 par les services LIO, le service des transports en Occitanie. Si vous pr\u00e9f\u00e9rez leur \u00e9crire cliquez sous le microphone&#8230;<br \/>\n&nbsp;<br \/>\nVous avez donc la parole jusqu&rsquo;au 17\/12.<br \/>\n&nbsp;<br \/>\n[fond noir][blanc]<strong>C\u00f4t\u00e9 Auvergne Rh\u00f4ne Alpes<\/strong>[\/blanc][\/fond noir]<br \/>\n&nbsp;<br \/>\nN&rsquo;oubliez pas que vous avez toujours <a href=\"https:\/\/www.auvergnerhonealpes.fr\/418-contacts-et-reclamations.htm\"><strong>ce site<\/strong><\/a> pour signaler les dysfonctionnements et pourquoi pas proposer des am\u00e9liorations sur le service. C&rsquo;est par \u00e9crit et la page est permanente.<br \/>\n&nbsp;<br \/>\n<a href=\"https:\/\/www.auvergnerhonealpes.fr\/418-contacts-et-reclamations.htm\"><img loading=\"lazy\" decoding=\"async\" class=\" aligncenter size-full wp-image-3534\" src=\"http:\/\/5.45.101.177\/haut-allier\/usagers-transportse\/wp-content\/uploads\/2021\/11\/screenshot-www.auvergnerhonealpes.fr-2021.11.22-19_24_19n.jpg\" alt=\"screenshot-www.auvergnerhonealpes.fr-2021.11.22-19_24_19n.jpg\" align=\"center\" width=\"700\" height=\"521\" srcset=\"https:\/\/usagers-transports.haut-allier.eu\/wp-content\/uploads\/2021\/11\/screenshot-www.auvergnerhonealpes.fr-2021.11.22-19_24_19n.jpg 700w, https:\/\/usagers-transports.haut-allier.eu\/wp-content\/uploads\/2021\/11\/screenshot-www.auvergnerhonealpes.fr-2021.11.22-19_24_19n-300x223.jpg 300w\" sizes=\"auto, (max-width: 700px) 100vw, 700px\" \/><\/a><br \/>\n&nbsp;<br \/>\n<strong>Rappelons aussi que sur la ligne des C\u00e9vennes N\u00eemes Clermont-Ferrand<\/strong> <\/p>\n<p>&#8211; un Aller Retour sur les trois quotidiens est g\u00e9r\u00e9 par la r\u00e9gion Occitanie de bout en bout, c&rsquo;est celui de la mi-journ\u00e9e.<br \/>\n&#8211; les deux autres le sont par la r\u00e9gion AuRA. N&rsquo;h\u00e9sitez pas \u00e0 signaler vos remarques et d\u00e9sirs aux deux r\u00e9gions.<br \/>\n&#8211; le 4\u00e8me de l&rsquo;\u00e9t\u00e9 des fins de semaine est cog\u00e9r\u00e9 par les deux r\u00e9gions.<br \/>\n&nbsp;<\/p>\n","protected":false},"excerpt":{"rendered":"<p>Et bien il suffit d&rsquo;aller sur ce site&#8230; &nbsp; &nbsp; &#8230; puis de cliquer sur le micro pour<\/p>\n","protected":false},"author":1,"featured_media":3532,"comment_status":"open","ping_status":"open","sticky":false,"template":"","format":"standard","meta":{"footnotes":""},"categories":[3],"tags":[],"class_list":["post-823","post","type-post","status-publish","format-standard","has-post-thumbnail","hentry","category-en-train"],"_links":{"self":[{"href":"https:\/\/usagers-transports.haut-allier.eu\/index.php\/wp-json\/wp\/v2\/posts\/823","targetHints":{"allow":["GET"]}}],"collection":[{"href":"https:\/\/usagers-transports.haut-allier.eu\/index.php\/wp-json\/wp\/v2\/posts"}],"about":[{"href":"https:\/\/usagers-transports.haut-allier.eu\/index.php\/wp-json\/wp\/v2\/types\/post"}],"author":[{"embeddable":true,"href":"https:\/\/usagers-transports.haut-allier.eu\/index.php\/wp-json\/wp\/v2\/users\/1"}],"replies":[{"embeddable":true,"href":"https:\/\/usagers-transports.haut-allier.eu\/index.php\/wp-json\/wp\/v2\/comments?post=823"}],"version-history":[{"count":0,"href":"https:\/\/usagers-transports.haut-allier.eu\/index.php\/wp-json\/wp\/v2\/posts\/823\/revisions"}],"wp:featuredmedia":[{"embeddable":true,"href":"https:\/\/usagers-transports.haut-allier.eu\/index.php\/wp-json\/wp\/v2\/media\/3532"}],"wp:attachment":[{"href":"https:\/\/usagers-transports.haut-allier.eu\/index.php\/wp-json\/wp\/v2\/media?parent=823"}],"wp:term":[{"taxonomy":"category","embeddable":true,"href":"https:\/\/usagers-transports.haut-allier.eu\/index.php\/wp-json\/wp\/v2\/categories?post=823"},{"taxonomy":"post_tag","embeddable":true,"href":"https:\/\/usagers-transports.haut-allier.eu\/index.php\/wp-json\/wp\/v2\/tags?post=823"}],"curies":[{"name":"wp","href":"https:\/\/api.w.org\/{rel}","templated":true}]}}