{"id":824,"date":"2021-11-24T11:06:24","date_gmt":"2021-11-24T10:06:24","guid":{"rendered":"http:\/\/5.45.101.177\/haut-allier\/usagers-transportse\/index.php\/2021\/11\/24\/le-ministre-des-transports-s824\/"},"modified":"2021-11-24T11:06:24","modified_gmt":"2021-11-24T10:06:24","slug":"le-ministre-des-transports-s824","status":"publish","type":"post","link":"https:\/\/usagers-transports.haut-allier.eu\/index.php\/2021\/11\/24\/le-ministre-des-transports-s824\/","title":{"rendered":"Le Ministre des transports s&rsquo;exprime sur le retour des trains de nuit dans le Massif central"},"content":{"rendered":"<p>Mais rien de nouveau&#8230;<br \/>\n&nbsp;<br \/>\nDans une r\u00e9ponse aux questions pos\u00e9es par le d\u00e9put\u00e9 de Haute-Loire Jean-Pierre Vigier, au sujet du retour des trains de nuit Aubrac et C\u00e9venol disparus en 2003 Jean-Baptiste Djebarri vient de pr\u00e9ciser les intentions du gouvernement, ou plut\u00f4t rappeler ce que nous savions d\u00e9j\u00e0.<br \/>\n&nbsp;<br \/>\nVoici le courrier re\u00e7u il y a quelques jours :<br \/>\n&nbsp;<br \/>\n<img loading=\"lazy\" decoding=\"async\" class=\" aligncenter size-full wp-image-3536\" src=\"http:\/\/5.45.101.177\/haut-allier\/usagers-transportse\/wp-content\/uploads\/2021\/11\/reponsetdnmassifcentraldjebarri-00.jpg\" alt=\"reponsetdnmassifcentraldjebarri-00.jpg\" align=\"center\" width=\"1252\" height=\"1857\" srcset=\"https:\/\/usagers-transports.haut-allier.eu\/wp-content\/uploads\/2021\/11\/reponsetdnmassifcentraldjebarri-00.jpg 1252w, https:\/\/usagers-transports.haut-allier.eu\/wp-content\/uploads\/2021\/11\/reponsetdnmassifcentraldjebarri-00-202x300.jpg 202w, https:\/\/usagers-transports.haut-allier.eu\/wp-content\/uploads\/2021\/11\/reponsetdnmassifcentraldjebarri-00-690x1024.jpg 690w, https:\/\/usagers-transports.haut-allier.eu\/wp-content\/uploads\/2021\/11\/reponsetdnmassifcentraldjebarri-00-768x1139.jpg 768w, https:\/\/usagers-transports.haut-allier.eu\/wp-content\/uploads\/2021\/11\/reponsetdnmassifcentraldjebarri-00-1036x1536.jpg 1036w\" sizes=\"auto, (max-width: 1252px) 100vw, 1252px\" \/><br \/>\n&nbsp;<br \/>\n<img loading=\"lazy\" decoding=\"async\" class=\" aligncenter size-full wp-image-3537\" src=\"http:\/\/5.45.101.177\/haut-allier\/usagers-transportse\/wp-content\/uploads\/2021\/11\/reponsetdnmassifcentraldjebarri-01.jpg\" alt=\"reponsetdnmassifcentraldjebarri-01.jpg\" align=\"center\" width=\"1112\" height=\"1795\" srcset=\"https:\/\/usagers-transports.haut-allier.eu\/wp-content\/uploads\/2021\/11\/reponsetdnmassifcentraldjebarri-01.jpg 1112w, https:\/\/usagers-transports.haut-allier.eu\/wp-content\/uploads\/2021\/11\/reponsetdnmassifcentraldjebarri-01-186x300.jpg 186w, https:\/\/usagers-transports.haut-allier.eu\/wp-content\/uploads\/2021\/11\/reponsetdnmassifcentraldjebarri-01-634x1024.jpg 634w, https:\/\/usagers-transports.haut-allier.eu\/wp-content\/uploads\/2021\/11\/reponsetdnmassifcentraldjebarri-01-768x1240.jpg 768w, https:\/\/usagers-transports.haut-allier.eu\/wp-content\/uploads\/2021\/11\/reponsetdnmassifcentraldjebarri-01-952x1536.jpg 952w\" sizes=\"auto, (max-width: 1112px) 100vw, 1112px\" \/><br \/>\n&nbsp;<br \/>\nLe texte \u00e9crit de la r\u00e9ponse :<br \/>\n&nbsp;<br \/>\n[(<br \/>\n<em><br \/>\nMonsieur le D\u00e9put\u00e9,<br \/>\n&nbsp;<br \/>\nVous avez souhait\u00e9 appeler mon attention sur la relance des trains de nuit, notamment s&rsquo;agissant des liaisons en direction de l&rsquo;Auvergne. Comme vous le rappelez, le Gouvernement fait de la relance des trains de nuit une priorit\u00e9 apr\u00e8s de nombreuses ann\u00e9es de d\u00e9clin. Plusieurs axes de travail ont \u00e9t\u00e9 entrepris.<br \/>\n&nbsp;<br \/>\nIl s&rsquo;agissait en premier lieu d&rsquo;assurer la p\u00e9rennit\u00e9 des deux lignes encore ouvertes (Paris-Brian\u00e7on et Paris-Rodez) \u00c0 cet effet, 44 M\u20ac ont \u00e9t\u00e9 investis pour r\u00e9nover les 71 voitures des deux lignes actuelles. Gr\u00e2ce au 100M\u20ac du plan de relance, nous avons rouverts deux nouvelles lignes (Paris-Nice et Paris-Tarbes-Lourdes).<br \/>\n&nbsp;<br \/>\nUn travail est \u00e9galement effectu\u00e9 au plan europ\u00e9en pour proposer d\u00e8s la fin 2021 un Paris-Vienne ou encore un Paris-Berlin \u00e0 horizon 2023.<br \/>\n&nbsp;<br \/>\nEnsuite, le rapport sur les trains d&rsquo;\u00e9quilibre du territoire pr\u00e9vu par la loi d&rsquo;orientation des mobilit\u00e9s (LOM) a \u00e9t\u00e9 remis au Parlement il y a quelques mois. Plusieurs axes strat\u00e9giques de d\u00e9veloppement des trains de nuit ont ainsi \u00e9t\u00e9 identifi\u00e9s, avec l&rsquo;ambition de renouveler le mod\u00e8le \u00e9conomique et d&rsquo;ouvrir progressivement une dizaine de nouvelles lignes d&rsquo;ici 2030.<br \/>\n&nbsp;<br \/>\nComme vous l&rsquo;\u00e9voquez, des pistes de r\u00e9flexion sont envisag\u00e9es pour une meilleure desserte du Massif central. Une desserte de Clermont-Ferrand est ainsi propos\u00e9e. Cela permettrait de desservir la gare d&rsquo;Aurillac comme vous l&rsquo;appelez de vos voeux. Par ailleurs, le Gouvernement envisage les futurs trac\u00e9s en coh\u00e9rence avec les perspectives de fr\u00e9quentation et la n\u00e9cessaire soutenabilit\u00e9 inh\u00e9rente \u00e0 de telles liaisons.<br \/>\n&nbsp;<br \/>\nPlus globalement, le Gouvernement reste \u00e9galement tr\u00e8s attentif \u00e0 la remise en \u00e9tat de la ligne de l&rsquo;Aubrac, reliant B\u00e9ziers \u00e0 Clermont-Ferrand. Cette ligne b\u00e9n\u00e9ficie d&rsquo;une attention toute particuli\u00e8re \u00e9tant donn\u00e9 l&rsquo;\u00e9tat et la v\u00e9tust\u00e9 de cette infrastructure, en partie \u00e9quip\u00e9e de rails de type \u00ab double champignon \u00bb d\u00e9sormais obsol\u00e8tes. Pour pallier \u00e0 cette d\u00e9t\u00e9rioration et r\u00e9tablir les circulations qui ont \u00e9t\u00e9 interrompues sur la section Neussargues &#8211; Saint- Ch\u00e9ly-d&rsquo;Apcher depuis d\u00e9cembre 2020, l&rsquo;Etat et les r\u00e9gions Occitanie et Auvergne- Rh\u00f4ne-Alpes ont conclu d\u00e9but 2021 une convention de financement d&rsquo;un montant de 11,47M\u20ac, permettant de r\u00e9aliser des travaux d&rsquo;urgence, dont la premi\u00e8re tranche de 3 M\u20ac est r\u00e9alis\u00e9e d\u00e8s cette ann\u00e9e afin de renouveler 6 000 traverses en bois et de corriger la g\u00e9om\u00e9trie de la voie : la r\u00e9alisation de ces premiers travaux permettra la reprise de l&rsquo;ensemble des trafics \u00e0 l&rsquo;automne 2021. Par ailleurs, l&rsquo;Etat et les deux R\u00e9gions concern\u00e9es ont d\u00e9cid\u00e9 de lancer d\u00e8s cette ann\u00e9e des \u00e9tudes relatives au remplacement des rails \u00ab double champignon \u00bb, afin notamment d&rsquo;\u00e9valuer les co\u00fbts et les conditions techniques d&rsquo;une telle op\u00e9ration, sachant que ce remplacement est n\u00e9cessaire au maintien de circulations de trains avec voyageurs. En tout \u00e9tat de cause, cette ligne appelle la d\u00e9finition d&rsquo;une vision et d&rsquo;une strat\u00e9gie d&rsquo;investissements de long terme sur lesquelles l&rsquo;Etat et les R\u00e9gions continuent de travailler.<br \/>\n&nbsp;<br \/>\nS&rsquo;agissant \u00e9galement de la ligne du C\u00e9venol, des travaux d&rsquo;urgence, assurant une p\u00e9rennit\u00e9 des circulations jusqu&rsquo;\u00e0 l&rsquo;horizon 2023, ont \u00e9t\u00e9 financ\u00e9s en 2020 par les R\u00e9gions Auvergne-Rh\u00f4ne-Alpes et Occitanie sur leur p\u00e9rim\u00e8tre respectif dans le cadre des contrats de plan Etat-R\u00e9gion (CPER), avec un apport de l&rsquo;Etat de 6,2 M\u20ac.<br \/>\nSoyez ainsi bien assur\u00e9 que le Gouvernement est \u00e0 pied d&rsquo;oeuvre pour assurer la meilleure desserte possible des territoires tout en \u00e9tant \u00e0 l&rsquo;\u00e9coute des acteurs locaux et des parlementaires pour envisager les meilleures options de dessertes.<br \/>\n&nbsp;<br \/>\nJe vous prie de croire, Monsieur le D\u00e9put\u00e9, \u00e0 l&rsquo;expression de mes salutations les plus sinc\u00e8res.<br \/>\n&nbsp;<br \/>\nJean-Baptiste DJEBBARI<br \/>\n<\/em><br \/>\n)]<br \/>\n&nbsp;<br \/>\nJean-Pierre Vigier a \u00e9galement interpell\u00e9 le Premier ministre plus pr\u00e9cis\u00e9ment au sujet du retour du train de nuit de la ligne du C\u00e9venol. Merci \u00e0 lui. Attendons la r\u00e9ponse.<br \/>\n&nbsp;<\/p>\n","protected":false},"excerpt":{"rendered":"<p>Mais rien de nouveau&#8230; &nbsp; Dans une r\u00e9ponse aux questions pos\u00e9es par le d\u00e9put\u00e9 de Haute-Loire Jean-Pierre Vigier,<\/p>\n","protected":false},"author":1,"featured_media":3535,"comment_status":"open","ping_status":"open","sticky":false,"template":"","format":"standard","meta":{"footnotes":""},"categories":[8],"tags":[],"class_list":["post-824","post","type-post","status-publish","format-standard","has-post-thumbnail","hentry","category-communiques"],"_links":{"self":[{"href":"https:\/\/usagers-transports.haut-allier.eu\/index.php\/wp-json\/wp\/v2\/posts\/824","targetHints":{"allow":["GET"]}}],"collection":[{"href":"https:\/\/usagers-transports.haut-allier.eu\/index.php\/wp-json\/wp\/v2\/posts"}],"about":[{"href":"https:\/\/usagers-transports.haut-allier.eu\/index.php\/wp-json\/wp\/v2\/types\/post"}],"author":[{"embeddable":true,"href":"https:\/\/usagers-transports.haut-allier.eu\/index.php\/wp-json\/wp\/v2\/users\/1"}],"replies":[{"embeddable":true,"href":"https:\/\/usagers-transports.haut-allier.eu\/index.php\/wp-json\/wp\/v2\/comments?post=824"}],"version-history":[{"count":0,"href":"https:\/\/usagers-transports.haut-allier.eu\/index.php\/wp-json\/wp\/v2\/posts\/824\/revisions"}],"wp:featuredmedia":[{"embeddable":true,"href":"https:\/\/usagers-transports.haut-allier.eu\/index.php\/wp-json\/wp\/v2\/media\/3535"}],"wp:attachment":[{"href":"https:\/\/usagers-transports.haut-allier.eu\/index.php\/wp-json\/wp\/v2\/media?parent=824"}],"wp:term":[{"taxonomy":"category","embeddable":true,"href":"https:\/\/usagers-transports.haut-allier.eu\/index.php\/wp-json\/wp\/v2\/categories?post=824"},{"taxonomy":"post_tag","embeddable":true,"href":"https:\/\/usagers-transports.haut-allier.eu\/index.php\/wp-json\/wp\/v2\/tags?post=824"}],"curies":[{"name":"wp","href":"https:\/\/api.w.org\/{rel}","templated":true}]}}