{"id":825,"date":"2021-11-25T17:59:44","date_gmt":"2021-11-25T16:59:44","guid":{"rendered":"http:\/\/5.45.101.177\/haut-allier\/usagers-transportse\/index.php\/2021\/11\/25\/appel-du-collectif-des-usagers-de825\/"},"modified":"2021-11-25T17:59:44","modified_gmt":"2021-11-25T16:59:44","slug":"appel-du-collectif-des-usagers-de825","status":"publish","type":"post","link":"https:\/\/usagers-transports.haut-allier.eu\/index.php\/2021\/11\/25\/appel-du-collectif-des-usagers-de825\/","title":{"rendered":"Appel du Collectif des usagers de la ligne SNCF Clermont Ferrand &#8211; Paris"},"content":{"rendered":"<p>Comme nous l&rsquo;\u00e9voquions dans cet <a href=\"http:\/\/usagers-transports.haut-allier.eu\/?ligne-clermont-fd-paris-un,814\"><strong>article<\/strong><\/a> le collectif cr\u00e9\u00e9 il y a 5 ans compte dor\u00e9navant plus de 700 membres.<br \/>\n&nbsp;<br \/>\nL\u2019un de ses membres \u00e9tait d&rsquo;ailleurs avec nous parmi le dix usagers invit\u00e9s en septembre 2019 dans les locaux de La Montagne pour \u00e9changer avec Jean-Baptiste Djebbari.<br \/>\n&nbsp;<br \/>\nDepuis quelques ann\u00e9es la liaison ferroviaire Clermont &#8211; Paris souffre de dysfonctionnements r\u00e9currents avec des retards permanents et des incidents proches du risible dont la presse ne cesse de s&#8217;emparer avec raison. Les usagers sont exc\u00e9d\u00e9s.<br \/>\n&nbsp;<br \/>\nLe collectif a d\u00e9cid\u00e9 de hausser le ton et d&rsquo;\u00eatre plus exigeant. Nous relayons son message :<br \/>\n[(<br \/>\n<em>Si certaines am\u00e9liorations ont pu \u00eatre constat\u00e9es depuis, force est de constater que les soucis sur cette ligne n\u2019ont pas disparu. Avec le retour \u00e0 la normalit\u00e9 de cette rentr\u00e9e 2021, apr\u00e8s des mois de trafic ralenti par la crise sanitaire, nous ne pouvons que constater que, dans cette normalit\u00e9, il y a les d\u00e9sagr\u00e9ments li\u00e9s \u00e0 cette ligne. Nous sommes bien conscients que la situation actuelle n\u2019est du fait ni du Pr\u00e9sident de la R\u00e9publique, ni du Gouvernement, ni m\u00eame de l\u2019actuel PDG de la SNCF. C\u2019est bien l\u2019h\u00e9ritage de d\u00e9cennies de non-investissements. Il convient toutefois de ne pas se satisfaire des perspectives qui sont offertes aujourd\u2019hui aux territoires pleins d\u2019avenir desservis par cette ligne ; r\u00e9cup\u00e9rer 9 minutes sur les 10 perdues depuis quelques ann\u00e9es. Nous souhaitons un projet plus ambitieux : Clermont-Paris en moins de 2h30.<br \/>\n&nbsp;<br \/>\nAinsi, nous formulons trois demandes :<br \/>\n&nbsp;<br \/>\n&#8211; Une plus grande attention, d\u00e8s maintenant, port\u00e9e \u00e0 la qualit\u00e9 du service et du fonctionnement de cette ligne, dans son \u00e9tat technique actuel, de la part de tous les acteurs concern\u00e9s (SCNF en premier lieu, mais \u00e9galement Etat, collectivit\u00e9s).<br \/>\n&#8211; La participation de porte-paroles de notre collectif d\u2019usagers aux comit\u00e9s de suivi des travaux de cette ligne et de tout autre comit\u00e9 qui traiterait d\u2019un \u00e9ventuel projet plus ambitieux.<br \/>\n&#8211; D\u00e8s \u00e0 pr\u00e9sent, le lancement d\u2019\u00e9tude en vue d\u2019un projet ambitieux de liaison Clermont-Paris en maximum 2h30.<br \/>\n&nbsp;<br \/>\nVous \u00eates des Pr\u00e9sidents de R\u00e9gions, de D\u00e9partements, de communaut\u00e9s de communes. Vous \u00eates D\u00e9put\u00e9s, s\u00e9nateurs, \u00e9lus, dirigeants d\u2019entreprises, Pr\u00e9sidents d\u2019Universit\u00e9, d\u2019association ou de collectifs. Vous \u00eates des personnalit\u00e9s du monde sportif culturel ou autre. Vous \u00eates des journalistes. Vous aussi \u00eates ce collectif qui d\u00e9pend de cette ligne SNCF. Nous avons besoin de votre soutien pour peser. Ne cherchons pas \u00e0 trouver des responsables pour cette situation, mais unissons nos forces pour regarder l\u2019avenir, pour que cette ligne soit digne des enjeux du XXI\u00e8me si\u00e8cle, soit digne tout simplement.<br \/>\n&nbsp;<br \/>\nNous souhaitons interpeller le Pr\u00e9sident de la R\u00e9publique. Nous vous proposons de soutenir notre d\u00e9marche sur change.org en cliquant sur le lien ci-apr\u00e8s pour associer votre nom \u00e0 cette lettre :<br \/>\n&nbsp;<br \/>\nP\u00e9tition \u00b7 <a href=\"https:\/\/www.change.org\/p\/appel-a-soutenir-les-usagers-de-la-ligne-clermont-ferrand-paris?recruiter=57557016&#038;utm_source=share_petition&#038;utm_medium=email&#038;utm_campaign=share_email_responsive&#038;utm_term=&#038;recruited_by_id=c59c5090-c70a-0130-22cb-3c764e051e3a\"><em>APPEL A SOUTENIR LES USAGERS DE LA LIGNE CLERMONT-FERRAND PARIS<\/em><\/a><br \/>\n&nbsp;<br \/>\nPlus il y aura de soutien, plus le courrier aura de poids, alors n\u2019h\u00e9sitez pas \u00e0 partager. Cette lettre sera officiellement adress\u00e9e au Pr\u00e9sident de la R\u00e9publique dans les tous prochains jours, avec la liste des soutiens \u00e0 date. Aussi, n\u2019attendez pas pour nous soutenir.<br \/>\n&nbsp;<br \/>\nNous comptons sur vous et vous remercions par avance.<br \/>\n&nbsp;<br \/>\nLe collectif d\u2019usagers de la ligne SNCF Clermont-Paris :<br \/>\n&nbsp;<br \/>\n&#8211; Email : Usagers.clermont@outlook.fr<br \/>\n&#8211; Facebook : Usagers de la ligne SNCF Paris-Clermont-Ferrand<br \/>\n&#8211; Twitter : https:\/\/twitter.com\/uusagers?s=11<br \/>\n&#8211; Contact Cantal, Loz\u00e8re, Haute-Loire et Corr\u00e8ze : Erick CHASTANG 06 80 17 41 13<br \/>\n&#8211; Contact autres d\u00e9partements : St\u00e9phanie PICARD 06 24 61 16 88 et Eric BOUGRAT 06 86 83 49 90 <\/em><br \/>\n)]<\/p>\n<p>Le courrier \u00e0 la pr\u00e9sidence :<br \/>\n&nbsp;<br \/>\n<a href=\"http:\/\/5.45.101.177\/haut-allier\/usagers-transportse\/wp-content\/uploads\/2021\/11\/lettre-clermont-paris-pdt.pdf\">lettre-clermont-paris-pdt.pdf<\/a><br \/>\n&nbsp;<\/p>\n","protected":false},"excerpt":{"rendered":"<p>Comme nous l&rsquo;\u00e9voquions dans cet article le collectif cr\u00e9\u00e9 il y a 5 ans compte dor\u00e9navant plus de<\/p>\n","protected":false},"author":1,"featured_media":3538,"comment_status":"open","ping_status":"open","sticky":false,"template":"","format":"standard","meta":{"footnotes":""},"categories":[3],"tags":[],"class_list":["post-825","post","type-post","status-publish","format-standard","has-post-thumbnail","hentry","category-en-train"],"_links":{"self":[{"href":"https:\/\/usagers-transports.haut-allier.eu\/index.php\/wp-json\/wp\/v2\/posts\/825","targetHints":{"allow":["GET"]}}],"collection":[{"href":"https:\/\/usagers-transports.haut-allier.eu\/index.php\/wp-json\/wp\/v2\/posts"}],"about":[{"href":"https:\/\/usagers-transports.haut-allier.eu\/index.php\/wp-json\/wp\/v2\/types\/post"}],"author":[{"embeddable":true,"href":"https:\/\/usagers-transports.haut-allier.eu\/index.php\/wp-json\/wp\/v2\/users\/1"}],"replies":[{"embeddable":true,"href":"https:\/\/usagers-transports.haut-allier.eu\/index.php\/wp-json\/wp\/v2\/comments?post=825"}],"version-history":[{"count":0,"href":"https:\/\/usagers-transports.haut-allier.eu\/index.php\/wp-json\/wp\/v2\/posts\/825\/revisions"}],"wp:featuredmedia":[{"embeddable":true,"href":"https:\/\/usagers-transports.haut-allier.eu\/index.php\/wp-json\/wp\/v2\/media\/3538"}],"wp:attachment":[{"href":"https:\/\/usagers-transports.haut-allier.eu\/index.php\/wp-json\/wp\/v2\/media?parent=825"}],"wp:term":[{"taxonomy":"category","embeddable":true,"href":"https:\/\/usagers-transports.haut-allier.eu\/index.php\/wp-json\/wp\/v2\/categories?post=825"},{"taxonomy":"post_tag","embeddable":true,"href":"https:\/\/usagers-transports.haut-allier.eu\/index.php\/wp-json\/wp\/v2\/tags?post=825"}],"curies":[{"name":"wp","href":"https:\/\/api.w.org\/{rel}","templated":true}]}}