{"id":826,"date":"2021-12-03T08:30:42","date_gmt":"2021-12-03T07:30:42","guid":{"rendered":"http:\/\/5.45.101.177\/haut-allier\/usagers-transportse\/index.php\/2021\/12\/03\/en-auvergne-rhone-alpes-l826\/"},"modified":"2021-12-03T08:30:42","modified_gmt":"2021-12-03T07:30:42","slug":"en-auvergne-rhone-alpes-l826","status":"publish","type":"post","link":"https:\/\/usagers-transports.haut-allier.eu\/index.php\/2021\/12\/03\/en-auvergne-rhone-alpes-l826\/","title":{"rendered":"En Auvergne Rh\u00f4ne Alpes l&rsquo;affrontement R\u00e9gion vs SNCF se poursuit : les usagers trinquent"},"content":{"rendered":"<p>Jusqu&rsquo;au 10 d\u00e9cembre au moins les habitants qui empruntent la ligne ferroviaire Lyon Grenoble ne disposeront que de <strong>la moiti\u00e9 des TER circulant normalement et de plus aux heures de pointe<\/strong>. C&rsquo;est le r\u00e9sultat de l&rsquo;entente cordiale entre la R\u00e9gion de Laurent Wauquiez et SNCF, la soci\u00e9t\u00e9 d\u00e9l\u00e9gataire assurant les transports r\u00e9gionaux, une entreprise qui ne veut plus investir dans le r\u00e9seau ferroviaire historique, ni mettre les moyens n\u00e9cessaires \u00e0 la p\u00e9rennit\u00e9 du service public d\u00fb aux usagers.<br \/>\n&nbsp;<br \/>\nCet acharnement du pr\u00e9sident de r\u00e9gion \u00e0 mettre en cause l&rsquo;op\u00e9rateur l&rsquo;arrange un peu &#8211; beaucoup puisque le contrat SNCF AuRA pr\u00e9voit des p\u00e9nalit\u00e9s en cas de retards et suppressions. Une cagnotte qui pourra \u00eatre r\u00e9affect\u00e9 \u00e0 tout autre chose que le train, par exemple \u00e0 la nouvelle coqueluche du Charg\u00e9 des mobilit\u00e9s Fr\u00e9d\u00e9ric Aguilera, le bus \u00e0 Haut Niveau de Service. Lisez <a href=\"https:\/\/france3-regions.francetvinfo.fr\/auvergne-rhone-alpes\/isere\/grenoble\/ligne-sncf-grenoble-lyon-la-moitie-des-ter-supprimes-aux-heures-de-pointe-les-usagers-s-indignent-2362369.html\"><strong>l&rsquo;article et le sujet<\/strong><\/a> de France 3 Lyon ci dessous.<br \/>\n&nbsp;<br \/>\nNous persistons \u00e0 penser que cette posture d&rsquo;indignation de la R\u00e9gion AuRA est destructrice et extr\u00eamement n\u00e9faste \u00e0 une bonne mobilit\u00e9 indispensable dans un territoire dont une grande partie est montagneuse et rurale. Certes SNCF et notamment R\u00e9seau ne met plus les moyens pour assurer un service correct, on le sait et malheureusement on se heurte \u00e0 un mur, mais une meilleure entente entre le donneur d&rsquo;ordre r\u00e9gional et son prestataire ne pourrait qu&rsquo;am\u00e9liorer la situation, ou ne pas la d\u00e9grader. Pour l&rsquo;instant les usagers lyonnais et alpins trinquent, mais le ph\u00e9nom\u00e8ne s&rsquo;\u00e9tend en Auvergne, on l&rsquo;a vu lors de certaines p\u00e9riodes tendues. La mue pour un changement d&rsquo;\u00e9tat d&rsquo;esprit a du mal \u00e0 se r\u00e9pandre \u00e0 la SNCF malgr\u00e9 les discours sur le train du quotidien de son pr\u00e9sident Jean-Pierre Farandou. Au niveau r\u00e9gional nous souhaitons fortement que la d\u00e9fiance de l&rsquo;ex\u00e9cutif soit d\u00e9pass\u00e9e avec une r\u00e9elle r\u00e9flexion sur les avantages d&rsquo;un bon service ferroviaire pour les citoyens. Certaines r\u00e9gions, certes au nord de la France, \u00e9tiquet\u00e9es de droite \u00e9galement, l&rsquo;ont bien compris.<br \/>\n&nbsp;<br \/>\n <img loading=\"lazy\" decoding=\"async\" class=\" aligncenter size-full wp-image-3541\" src=\"http:\/\/5.45.101.177\/haut-allier\/usagers-transportse\/wp-content\/uploads\/2021\/12\/screenshot-france3-regions.francetvinfo.fr-2021.12.03-07_52_57.jpg\" alt=\"screenshot-france3-regions.francetvinfo.fr-2021.12.03-07_52_57.jpg\" align=\"center\" width=\"1280\" height=\"2247\" srcset=\"https:\/\/usagers-transports.haut-allier.eu\/wp-content\/uploads\/2021\/12\/screenshot-france3-regions.francetvinfo.fr-2021.12.03-07_52_57.jpg 1280w, https:\/\/usagers-transports.haut-allier.eu\/wp-content\/uploads\/2021\/12\/screenshot-france3-regions.francetvinfo.fr-2021.12.03-07_52_57-171x300.jpg 171w, https:\/\/usagers-transports.haut-allier.eu\/wp-content\/uploads\/2021\/12\/screenshot-france3-regions.francetvinfo.fr-2021.12.03-07_52_57-583x1024.jpg 583w, https:\/\/usagers-transports.haut-allier.eu\/wp-content\/uploads\/2021\/12\/screenshot-france3-regions.francetvinfo.fr-2021.12.03-07_52_57-768x1348.jpg 768w, https:\/\/usagers-transports.haut-allier.eu\/wp-content\/uploads\/2021\/12\/screenshot-france3-regions.francetvinfo.fr-2021.12.03-07_52_57-875x1536.jpg 875w, https:\/\/usagers-transports.haut-allier.eu\/wp-content\/uploads\/2021\/12\/screenshot-france3-regions.francetvinfo.fr-2021.12.03-07_52_57-1167x2048.jpg 1167w\" sizes=\"auto, (max-width: 1280px) 100vw, 1280px\" \/><br \/>\n&nbsp;<\/p>\n","protected":false},"excerpt":{"rendered":"<p>Jusqu&rsquo;au 10 d\u00e9cembre au moins les habitants qui empruntent la ligne ferroviaire Lyon Grenoble ne disposeront que de<\/p>\n","protected":false},"author":1,"featured_media":3540,"comment_status":"open","ping_status":"open","sticky":false,"template":"","format":"standard","meta":{"footnotes":""},"categories":[3],"tags":[],"class_list":["post-826","post","type-post","status-publish","format-standard","has-post-thumbnail","hentry","category-en-train"],"_links":{"self":[{"href":"https:\/\/usagers-transports.haut-allier.eu\/index.php\/wp-json\/wp\/v2\/posts\/826","targetHints":{"allow":["GET"]}}],"collection":[{"href":"https:\/\/usagers-transports.haut-allier.eu\/index.php\/wp-json\/wp\/v2\/posts"}],"about":[{"href":"https:\/\/usagers-transports.haut-allier.eu\/index.php\/wp-json\/wp\/v2\/types\/post"}],"author":[{"embeddable":true,"href":"https:\/\/usagers-transports.haut-allier.eu\/index.php\/wp-json\/wp\/v2\/users\/1"}],"replies":[{"embeddable":true,"href":"https:\/\/usagers-transports.haut-allier.eu\/index.php\/wp-json\/wp\/v2\/comments?post=826"}],"version-history":[{"count":0,"href":"https:\/\/usagers-transports.haut-allier.eu\/index.php\/wp-json\/wp\/v2\/posts\/826\/revisions"}],"wp:featuredmedia":[{"embeddable":true,"href":"https:\/\/usagers-transports.haut-allier.eu\/index.php\/wp-json\/wp\/v2\/media\/3540"}],"wp:attachment":[{"href":"https:\/\/usagers-transports.haut-allier.eu\/index.php\/wp-json\/wp\/v2\/media?parent=826"}],"wp:term":[{"taxonomy":"category","embeddable":true,"href":"https:\/\/usagers-transports.haut-allier.eu\/index.php\/wp-json\/wp\/v2\/categories?post=826"},{"taxonomy":"post_tag","embeddable":true,"href":"https:\/\/usagers-transports.haut-allier.eu\/index.php\/wp-json\/wp\/v2\/tags?post=826"}],"curies":[{"name":"wp","href":"https:\/\/api.w.org\/{rel}","templated":true}]}}