{"id":827,"date":"2021-12-07T06:03:31","date_gmt":"2021-12-07T05:03:31","guid":{"rendered":"http:\/\/5.45.101.177\/haut-allier\/usagers-transportse\/index.php\/2021\/12\/07\/ligne-du-train-cevenol-les-fiches827\/"},"modified":"2021-12-07T06:03:31","modified_gmt":"2021-12-07T05:03:31","slug":"ligne-du-train-cevenol-les-fiches827","status":"publish","type":"post","link":"https:\/\/usagers-transports.haut-allier.eu\/index.php\/2021\/12\/07\/ligne-du-train-cevenol-les-fiches827\/","title":{"rendered":"Ligne du train C\u00e9venol : les fiches horaires \u00e0 partir du 12 d\u00e9cembre 2021"},"content":{"rendered":"<p>Les deux fiches officielles TER SNCF qui sont valables jusqu&rsquo;au 27 mars, date de d\u00e9but de la longue coupure pour travaux. Peu de nouveaut\u00e9s au nord de Langogne, disons aucune, voir la fiche Auvergne Rh\u00f4ne Alpes. Par contre au sud vers N\u00eemes, diff\u00e9rents am\u00e9nagements, voir la fiche LIO.<br \/>\n&nbsp;<br \/>\n<img loading=\"lazy\" decoding=\"async\" class=\" aligncenter size-full wp-image-3543\" src=\"http:\/\/5.45.101.177\/haut-allier\/usagers-transportse\/wp-content\/uploads\/2021\/12\/08_web_du_12-12-21_au_27-03-22-version_du_30-11-21_tcm72-108874_tcm72-108873.jpg\" alt=\"08_web_du_12-12-21_au_27-03-22-version_du_30-11-21_tcm72-108874_tcm72-108873.jpg\" align=\"center\" width=\"1157\" height=\"1637\" srcset=\"https:\/\/usagers-transports.haut-allier.eu\/wp-content\/uploads\/2021\/12\/08_web_du_12-12-21_au_27-03-22-version_du_30-11-21_tcm72-108874_tcm72-108873.jpg 1157w, https:\/\/usagers-transports.haut-allier.eu\/wp-content\/uploads\/2021\/12\/08_web_du_12-12-21_au_27-03-22-version_du_30-11-21_tcm72-108874_tcm72-108873-212x300.jpg 212w, https:\/\/usagers-transports.haut-allier.eu\/wp-content\/uploads\/2021\/12\/08_web_du_12-12-21_au_27-03-22-version_du_30-11-21_tcm72-108874_tcm72-108873-724x1024.jpg 724w, https:\/\/usagers-transports.haut-allier.eu\/wp-content\/uploads\/2021\/12\/08_web_du_12-12-21_au_27-03-22-version_du_30-11-21_tcm72-108874_tcm72-108873-768x1087.jpg 768w, https:\/\/usagers-transports.haut-allier.eu\/wp-content\/uploads\/2021\/12\/08_web_du_12-12-21_au_27-03-22-version_du_30-11-21_tcm72-108874_tcm72-108873-1086x1536.jpg 1086w\" sizes=\"auto, (max-width: 1157px) 100vw, 1157px\" \/><br \/>\n&nbsp;<br \/>\nLe PDF Auvergne Rh\u00f4ne Alpes :<br \/>\n&nbsp;<br \/>\n<a href=\"http:\/\/5.45.101.177\/haut-allier\/usagers-transportse\/wp-content\/uploads\/2021\/12\/web_fh27_nimes_ales_clermont_jusquau_27_mars_tcm76-299423_tcm76-299390_1_.pdf\">web_fh27_nimes_ales_clermont_jusquau_27_mars_tcm76-299423_tcm76-299390_1_.pdf<\/a><br \/>\n&nbsp;<br \/>\n<img loading=\"lazy\" decoding=\"async\" class=\" aligncenter size-full wp-image-3545\" src=\"http:\/\/5.45.101.177\/haut-allier\/usagers-transportse\/wp-content\/uploads\/2021\/12\/web_fh27_nimes_ales_clermont_jusquau_27_mars_tcm76-299423_tcm76-299390_1_-a.jpg\" alt=\"web_fh27_nimes_ales_clermont_jusquau_27_mars_tcm76-299423_tcm76-299390_1_-a.jpg\" align=\"center\" width=\"1264\" height=\"1789\" srcset=\"https:\/\/usagers-transports.haut-allier.eu\/wp-content\/uploads\/2021\/12\/web_fh27_nimes_ales_clermont_jusquau_27_mars_tcm76-299423_tcm76-299390_1_-a.jpg 1264w, https:\/\/usagers-transports.haut-allier.eu\/wp-content\/uploads\/2021\/12\/web_fh27_nimes_ales_clermont_jusquau_27_mars_tcm76-299423_tcm76-299390_1_-a-212x300.jpg 212w, https:\/\/usagers-transports.haut-allier.eu\/wp-content\/uploads\/2021\/12\/web_fh27_nimes_ales_clermont_jusquau_27_mars_tcm76-299423_tcm76-299390_1_-a-723x1024.jpg 723w, https:\/\/usagers-transports.haut-allier.eu\/wp-content\/uploads\/2021\/12\/web_fh27_nimes_ales_clermont_jusquau_27_mars_tcm76-299423_tcm76-299390_1_-a-768x1087.jpg 768w, https:\/\/usagers-transports.haut-allier.eu\/wp-content\/uploads\/2021\/12\/web_fh27_nimes_ales_clermont_jusquau_27_mars_tcm76-299423_tcm76-299390_1_-a-1085x1536.jpg 1085w\" sizes=\"auto, (max-width: 1264px) 100vw, 1264px\" \/><br \/>\n<img loading=\"lazy\" decoding=\"async\" class=\" aligncenter size-full wp-image-3546\" src=\"http:\/\/5.45.101.177\/haut-allier\/usagers-transportse\/wp-content\/uploads\/2021\/12\/web_fh27_nimes_ales_clermont_jusquau_27_mars_tcm76-299423_tcm76-299390_1_-b.jpg\" alt=\"web_fh27_nimes_ales_clermont_jusquau_27_mars_tcm76-299423_tcm76-299390_1_-b.jpg\" align=\"center\" width=\"1264\" height=\"1789\" srcset=\"https:\/\/usagers-transports.haut-allier.eu\/wp-content\/uploads\/2021\/12\/web_fh27_nimes_ales_clermont_jusquau_27_mars_tcm76-299423_tcm76-299390_1_-b.jpg 1264w, https:\/\/usagers-transports.haut-allier.eu\/wp-content\/uploads\/2021\/12\/web_fh27_nimes_ales_clermont_jusquau_27_mars_tcm76-299423_tcm76-299390_1_-b-212x300.jpg 212w, https:\/\/usagers-transports.haut-allier.eu\/wp-content\/uploads\/2021\/12\/web_fh27_nimes_ales_clermont_jusquau_27_mars_tcm76-299423_tcm76-299390_1_-b-723x1024.jpg 723w, https:\/\/usagers-transports.haut-allier.eu\/wp-content\/uploads\/2021\/12\/web_fh27_nimes_ales_clermont_jusquau_27_mars_tcm76-299423_tcm76-299390_1_-b-768x1087.jpg 768w, https:\/\/usagers-transports.haut-allier.eu\/wp-content\/uploads\/2021\/12\/web_fh27_nimes_ales_clermont_jusquau_27_mars_tcm76-299423_tcm76-299390_1_-b-1085x1536.jpg 1085w\" sizes=\"auto, (max-width: 1264px) 100vw, 1264px\" \/><br \/>\n&nbsp;<br \/>\nLe PDF Occitanie :<br \/>\n&nbsp;<br \/>\n<a href=\"http:\/\/5.45.101.177\/haut-allier\/usagers-transportse\/wp-content\/uploads\/2021\/12\/08_web_du_12-12-21_au_27-03-22-version_du_30-11-21_tcm72-108874_tcm72-108873.pdf\">08_web_du_12-12-21_au_27-03-22-version_du_30-11-21_tcm72-108874_tcm72-108873.pdf<\/a><br \/>\n&nbsp;<\/p>\n","protected":false},"excerpt":{"rendered":"<p>Les deux fiches officielles TER SNCF qui sont valables jusqu&rsquo;au 27 mars, date de d\u00e9but de la longue<\/p>\n","protected":false},"author":1,"featured_media":3542,"comment_status":"open","ping_status":"open","sticky":false,"template":"","format":"standard","meta":{"footnotes":""},"categories":[3],"tags":[],"class_list":["post-827","post","type-post","status-publish","format-standard","has-post-thumbnail","hentry","category-en-train"],"_links":{"self":[{"href":"https:\/\/usagers-transports.haut-allier.eu\/index.php\/wp-json\/wp\/v2\/posts\/827","targetHints":{"allow":["GET"]}}],"collection":[{"href":"https:\/\/usagers-transports.haut-allier.eu\/index.php\/wp-json\/wp\/v2\/posts"}],"about":[{"href":"https:\/\/usagers-transports.haut-allier.eu\/index.php\/wp-json\/wp\/v2\/types\/post"}],"author":[{"embeddable":true,"href":"https:\/\/usagers-transports.haut-allier.eu\/index.php\/wp-json\/wp\/v2\/users\/1"}],"replies":[{"embeddable":true,"href":"https:\/\/usagers-transports.haut-allier.eu\/index.php\/wp-json\/wp\/v2\/comments?post=827"}],"version-history":[{"count":0,"href":"https:\/\/usagers-transports.haut-allier.eu\/index.php\/wp-json\/wp\/v2\/posts\/827\/revisions"}],"wp:featuredmedia":[{"embeddable":true,"href":"https:\/\/usagers-transports.haut-allier.eu\/index.php\/wp-json\/wp\/v2\/media\/3542"}],"wp:attachment":[{"href":"https:\/\/usagers-transports.haut-allier.eu\/index.php\/wp-json\/wp\/v2\/media?parent=827"}],"wp:term":[{"taxonomy":"category","embeddable":true,"href":"https:\/\/usagers-transports.haut-allier.eu\/index.php\/wp-json\/wp\/v2\/categories?post=827"},{"taxonomy":"post_tag","embeddable":true,"href":"https:\/\/usagers-transports.haut-allier.eu\/index.php\/wp-json\/wp\/v2\/tags?post=827"}],"curies":[{"name":"wp","href":"https:\/\/api.w.org\/{rel}","templated":true}]}}