{"id":828,"date":"2021-12-07T06:21:57","date_gmt":"2021-12-07T05:21:57","guid":{"rendered":"http:\/\/5.45.101.177\/haut-allier\/usagers-transportse\/index.php\/2021\/12\/07\/alpes-rassemblements-du-9-au-11-12828\/"},"modified":"2021-12-07T06:21:57","modified_gmt":"2021-12-07T05:21:57","slug":"alpes-rassemblements-du-9-au-11-12828","status":"publish","type":"post","link":"https:\/\/usagers-transports.haut-allier.eu\/index.php\/2021\/12\/07\/alpes-rassemblements-du-9-au-11-12828\/","title":{"rendered":"Alpes : rassemblements du 9 au 11\/12 dans les gares de l&rsquo;Etoile de Veynes"},"content":{"rendered":"<p>Communiqu\u00e9 de nos amis alpins :<\/p>\n<p>[(<br \/>\n<em><br \/>\n<strong>Etoile ferroviaire de Veynes : sortir enfin de l&rsquo;\u00e8re des rustines<\/strong><br \/>\n&nbsp;<br \/>\nLes travaux d&rsquo;urgence ont enfin lieu. Le Collectif de l&rsquo;Etoile ferroviaire de Veynes invite les usagers, militants, \u00e9lus, syndicats \u00e0 se r\u00e9unir en gares le week-end du 11 d\u00e9cembre pour r\u00e9clamer les travaux de p\u00e9rennisation et le d\u00e9veloppement des lignes de l&rsquo;Etoile de Veynes.<br \/>\n&nbsp;<br \/>\nLes financements pour obtenir les travaux d&rsquo;urgence ont \u00e9t\u00e9 obtenus dans la douleur. Tandis que la circulation reprend apr\u00e8s un an de travaux sur les lignes Marseille\/Brian\u00e7on et Valence\/Brian\u00e7on avec notamment le retour du train de nuit Paris\/Brian\u00e7on (13 d\u00e9cembre), la circulation s&rsquo;interrompt d\u00e9sormais entre Vif et Aspres (11 d\u00e9cembre) en attente des travaux d&rsquo;urgence en 2022.<br \/>\n&nbsp;<br \/>\nDe nouveaux travaux doivent \u00eatre engag\u00e9s d&rsquo;ici \u00e0 2027, le triple du montant financier des travaux d&rsquo;urgence, afin d&rsquo;assurer la p\u00e9rennisation des lignes de l&rsquo;Etoile de Veynes et permettre de retrouver des vitesses de circulation comp\u00e9titives vis-\u00e0-vis de la route. Il revient d\u00e9sormais \u00e0 l&rsquo;Etat et aux r\u00e9gions d&rsquo;acter ces d\u00e9cisions et d&rsquo;envoyer un message clair.<br \/>\n&nbsp;<br \/>\n<strong>Pour permettre aux territoires de s&rsquo;organiser<\/strong><br \/>\n&nbsp;<br \/>\nLes territoires sont d\u00e9j\u00e0 pr\u00eats et s&rsquo;organisent. Pour exemple, l&rsquo;\u00e9tude men\u00e9e par la M\u00e9tropole de Grenoble et la Communaut\u00e9 de communes du Tri\u00e8ves vise \u00e0 valoriser les territoires le long de la ligne Grenoble \/Gap. Les Communaut\u00e9s de communes du Bu\u00ebch-D\u00e9voluy et du Diois travaillent sur le d\u00e9ploiement du Veynart&rsquo;. Les acteurs \u00e9conomiques des territoires alpins attendent des d\u00e9cisions fermes de l&rsquo;Etat et des R\u00e9gions pour mettre en place un tourisme s&rsquo;appuyant sur les colonnes vert\u00e9brales constitu\u00e9es par les lignes de l&rsquo;Etoile de Veynes.<br \/>\n&nbsp;<br \/>\n<strong>Sous le regard encourageant et vigilant du Collectif de l&rsquo;Etoile ferroviaire de Veynes<\/strong><br \/>\n&nbsp;<br \/>\nLe Collectif de l&rsquo;Etoile de Veynes restera actif dans le suivi de ces d\u00e9marches. Encourageant :  il soutiendra et encouragera les dynamiques favorables \u00e0 la reconqu\u00eate du train dans les territoires ruraux alpins. Vigilant : il veillera au respect des engagements politiques et financiers des parties prenantes pour les travaux d&rsquo;urgence et d\u00e9sormais pour les travaux de p\u00e9rennisation des lignes de l&rsquo;Etoile de Veynes.<br \/>\n&nbsp;<br \/>\n<strong>Prosp\u00e9rit\u00e9 et d\u00e9clin<\/strong><br \/>\n&nbsp;<br \/>\nLes lignes ferroviaires fran\u00e7aises ont connu des p\u00e9riodes de prosp\u00e9rit\u00e9 et de d\u00e9clin d\u00e9pendantes des intentions politiques. Les derni\u00e8res d\u00e9cennies, marqu\u00e9es par des investissements massifs pour le Train \u00e0 Grande Vitesse (TGV), ont vu l&rsquo;\u00e9tat des lignes secondaires et des services associ\u00e9s se d\u00e9t\u00e9riorer. Faute de financement, les cheminots ont \u00e9t\u00e9 contraints de poser des \u00ab rustines \u00bb pour tenter de faire durer la voie. Certains rails sur les lignes de l&rsquo;Etoile de Veynes datent de 1930 ! Faute d&rsquo;investissements suffisants, la d\u00e9gradation de l&rsquo;offre de transport et du service r\u00e9alis\u00e9 a atteint un niveau insupportable pour les usagers comme pour les acteurs institutionnels et \u00e9conomiques des territoires desservis par l&rsquo;Etoile de Veynes. Peu \u00e0 peu, les lignes se rapprochent de leur fin de vie : l&rsquo;urgence s&rsquo;installe.<br \/>\n&nbsp;<br \/>\n<strong>Enfin, le bon choix<\/strong><br \/>\n&nbsp;<br \/>\nC&rsquo;est sans compter sur la mobilisation constante d&rsquo;usagers, militants, \u00e9lus locaux, cheminots persuad\u00e9s de l&rsquo;avenir du train : p\u00e9titions, conf\u00e9rences de presse, pression politique, actions coup de poing, propositions s&rsquo;organisent tout au long des lignes de l&rsquo;Etoile de Veynes. Entre enjeux climatiques et crise sociale, l&rsquo;avenir des \u00ab\u00a0petites lignes\u00a0\u00bb devient un enjeu politique national. D\u00e8s la remise du rapport sur l&rsquo;avenir du transport ferroviaire par Jean-Cyril Spinetta, qui annonce la mort des petites lignes de train en 2018, le Premier Ministre annonce une contre \u00e9tude confi\u00e9e \u00e0 Fran\u00e7ois Philizot qui conclut \u00e0 l&rsquo;importance majeure des petites lignes en 2020. Le Pr\u00e9sident de la R\u00e9gion AURA fait volte-face et soutient finalement la ligne Grenoble \/ Gap ; suite \u00e0 un tour de table rocambolesque (7 partenaires) et la signature de l&rsquo;accord de Valence 2019, la ligne Grenoble \/ Gap est sauv\u00e9e avec des travaux d&rsquo;urgence qui seront lanc\u00e9s en 2022.<br \/>\n&nbsp;<br \/>\n<strong>Fin des travaux d&rsquo;urgence en 2022, acter les travaux de p\u00e9rennisation<\/strong><br \/>\n&nbsp;<br \/>\nSur le terrain comme dans les bureaux, l&rsquo;\u00e9tat des infrastructures est parfaitement connu. Les \u00e9tudes se succ\u00e8dent, les diagnostics sont r\u00e9guli\u00e8rement actualis\u00e9s. Les travaux d&rsquo;urgence men\u00e9s sur la branche Valence\/Veynes en 2021, les travaux qui seront conduits en 2022 sur la branche Grenoble \/ Veynes montrent qu&rsquo;il est possible d&rsquo;engager des travaux en deux ans et demi apr\u00e8s prise de d\u00e9cision.<br \/>\n&nbsp;<br \/>\nLe secr\u00e9taire d&rsquo;Etat charg\u00e9 des Transports proclame \u00ab\u00a0D\u00e9sormais l&rsquo;heure n&rsquo;est plus aux rapports mais, donc, \u00e0 l&rsquo;action\u00a0\u00bb ! Nous attendons d\u00e9sormais les engagements fermes de l&rsquo;Etat et des R\u00e9gions pour r\u00e9aliser les travaux de p\u00e9rennisation de l&rsquo;ensemble des lignes de l&rsquo;Etoile ferroviaire de Veynes.<br \/>\n&nbsp;<br \/>\nRENDEZ-VOUS EST DONNE AUX ELUS, USAGERS, ASSOCIATIONS, CHEMINOTS DANS LES GARES DU 11 AU 13 DECEMBRE 2022<br \/>\n&nbsp;<br \/>\nPour f\u00eater la r\u00e9ouverture des lignes Marseille \/ Brian\u00e7on et Valence \/ Brian\u00e7on et notamment le retour du train de nuit Paris \/Brian\u00e7on. Pour pleurer la fermeture de la ligne Grenoble \/ Gap et f\u00eater les travaux d&rsquo;urgence en 2022<br \/>\n&nbsp;<br \/>\nPour r\u00e9clamer les travaux de p\u00e9rennisation et l&rsquo;engagement des parties prenantes pour des travaux de p\u00e9rennisation d\u00e8s maintenant.<br \/>\n&nbsp;<br \/>\nListes des gares mobilis\u00e9es au 5\/12 ci-dessous. Tous les d\u00e9tails des mobilisations en gare sur le lien :\t<\/p>\n<p><a href=\"https:\/\/etoileferroviairedeveynes.info\/2021\/12\/06\/week-end-du-11-12-decembre-une-douzaine-de-mobilisations-prevues-pour-faire-briller-notre-etoile\/\"><strong>Week-end du 11-12 d\u00e9cembre: une douzaine de mobilisations pr\u00e9vues pour faire briller notre \u00e9toile<\/strong><\/a><br \/>\n&nbsp;<br \/>\nBrian\u00e7on, Ch\u00e2teau Arnoux Saint-Auban, Clelles, Die, Digne, Embrun, Gap, Grenoble (Tri\u00e8ves\/lus), Guillestre \/ Eygliers, La B\u00e2tie-Neuve, La Brillanne Oraison, Lus la croix haute, Monestier-de-Clermont, Mondauphin, Pertuis, Saillans, Veynes<br \/>\n<\/em><br \/>\n)]<\/p>\n","protected":false},"excerpt":{"rendered":"<p>Communiqu\u00e9 de nos amis alpins : [( Etoile ferroviaire de Veynes : sortir enfin de l&rsquo;\u00e8re des rustines<\/p>\n","protected":false},"author":1,"featured_media":3548,"comment_status":"open","ping_status":"open","sticky":false,"template":"","format":"standard","meta":{"footnotes":""},"categories":[3],"tags":[],"class_list":["post-828","post","type-post","status-publish","format-standard","has-post-thumbnail","hentry","category-en-train"],"_links":{"self":[{"href":"https:\/\/usagers-transports.haut-allier.eu\/index.php\/wp-json\/wp\/v2\/posts\/828","targetHints":{"allow":["GET"]}}],"collection":[{"href":"https:\/\/usagers-transports.haut-allier.eu\/index.php\/wp-json\/wp\/v2\/posts"}],"about":[{"href":"https:\/\/usagers-transports.haut-allier.eu\/index.php\/wp-json\/wp\/v2\/types\/post"}],"author":[{"embeddable":true,"href":"https:\/\/usagers-transports.haut-allier.eu\/index.php\/wp-json\/wp\/v2\/users\/1"}],"replies":[{"embeddable":true,"href":"https:\/\/usagers-transports.haut-allier.eu\/index.php\/wp-json\/wp\/v2\/comments?post=828"}],"version-history":[{"count":0,"href":"https:\/\/usagers-transports.haut-allier.eu\/index.php\/wp-json\/wp\/v2\/posts\/828\/revisions"}],"wp:featuredmedia":[{"embeddable":true,"href":"https:\/\/usagers-transports.haut-allier.eu\/index.php\/wp-json\/wp\/v2\/media\/3548"}],"wp:attachment":[{"href":"https:\/\/usagers-transports.haut-allier.eu\/index.php\/wp-json\/wp\/v2\/media?parent=828"}],"wp:term":[{"taxonomy":"category","embeddable":true,"href":"https:\/\/usagers-transports.haut-allier.eu\/index.php\/wp-json\/wp\/v2\/categories?post=828"},{"taxonomy":"post_tag","embeddable":true,"href":"https:\/\/usagers-transports.haut-allier.eu\/index.php\/wp-json\/wp\/v2\/tags?post=828"}],"curies":[{"name":"wp","href":"https:\/\/api.w.org\/{rel}","templated":true}]}}