{"id":83,"date":"2013-10-31T07:15:00","date_gmt":"2013-10-31T06:15:00","guid":{"rendered":"http:\/\/5.45.101.177\/haut-allier\/usagers-transportse\/index.php\/2013\/10\/31\/train-en-auvergne-rff-sncf-ferme083\/"},"modified":"2013-10-31T07:15:00","modified_gmt":"2013-10-31T06:15:00","slug":"train-en-auvergne-rff-sncf-ferme083","status":"publish","type":"post","link":"https:\/\/usagers-transports.haut-allier.eu\/index.php\/2013\/10\/31\/train-en-auvergne-rff-sncf-ferme083\/","title":{"rendered":"Train en Auvergne : RFF \/ SNCF ferme la ligne Clermont Limoges en ao\u00fbt 2014 ! [MAJ]"},"content":{"rendered":"<p>[MAJ du 30 octobre 2013]<br \/>\n&nbsp;<br \/>\n<a href=\"http:\/\/www.region-limousin.fr\/Ligne-Laqueuille-Eygurande\">Jean-Paul Denanot<\/a>, pr\u00e9sident de la R\u00e9gion Limousin, r\u00e9agit suite \u00e0 l\u2019annonce de la suspension des circulations sur la portion de ligne Laqueuille-Eygurande.<br \/>\n&nbsp;<br \/>\n[Article du 23 octobre 2013]<br \/>\n&nbsp;<br \/>\nRFF et la SNCF continuent \u00e0 d\u00e9manteler le r\u00e9seau ferroviaire du massif central sans honte ! <\/p>\n<p><img loading=\"lazy\" decoding=\"async\" class=\" aligncenter size-full wp-image-1504\" src=\"http:\/\/5.45.101.177\/haut-allier\/usagers-transportse\/wp-content\/uploads\/2013\/10\/Dessertes_au_depart_de_la_gare_de_Limoges-Benedictins.png\" alt=\"Dessertes_au_depart_de_la_gare_de_Limoges-Benedictins.png\" align=\"center\" width=\"683\" height=\"193\" srcset=\"https:\/\/usagers-transports.haut-allier.eu\/wp-content\/uploads\/2013\/10\/Dessertes_au_depart_de_la_gare_de_Limoges-Benedictins.png 683w, https:\/\/usagers-transports.haut-allier.eu\/wp-content\/uploads\/2013\/10\/Dessertes_au_depart_de_la_gare_de_Limoges-Benedictins-300x85.png 300w\" sizes=\"auto, (max-width: 683px) 100vw, 683px\" \/><\/p>\n<p>Alors que les beaux discours de Guillaume P\u00e9py et de son ministre sur le maintien de la structure ferroviaire hors TGV fleurissent sur les m\u00e9dias, et que les cr\u00e9dits se d\u00e9bloquent, Ils vont carr\u00e9ment fermer la ligne Clermont-Ferrand Limoges d\u00e8s juillet 2014, plus pr\u00e9cis\u00e9ment entre Laqueuille et Eygurande.<\/p>\n<p>Le pr\u00e9texte donn\u00e9 est : il n&rsquo;y a que trois trains par jour donc ce n&rsquo;est pas suffisant pour maintenir la ligne. De qui se moque-t-on ? S&rsquo;agissant d&rsquo;une ligne inter r\u00e9gionale la SNCF n&rsquo;a qu&rsquo;\u00e0 ajouter le nombre de trains n\u00e9cessaires pour assurer un vrai service, et non demander l&rsquo;aumone en permanence aux r\u00e9gions qui font ce qu&rsquo;elles peuvent.<\/p>\n<p>C&rsquo;est <a href=\"http:\/\/www.francebleu.fr\/infos\/transports\/encore-une-ligne-de-ter-condamnee-en-auvergne-953168\">France Bleu Pays d&rsquo;Auvergne<\/a> qui nous l&rsquo;apprenait hier mardi 22 octobre. Ecoutez :<\/p>\n<p><iframe loading=\"lazy\" src=\"http:\/\/www.francebleu.fr\/player\/export-reecouter?content=953074\" width=\"481\" frameborder=\"0\" scrolling=\"no\" height=\"139\"><\/iframe><\/p>\n","protected":false},"excerpt":{"rendered":"<p>[MAJ du 30 octobre 2013] &nbsp; Jean-Paul Denanot, pr\u00e9sident de la R\u00e9gion Limousin, r\u00e9agit suite \u00e0 l\u2019annonce de<\/p>\n","protected":false},"author":1,"featured_media":1503,"comment_status":"closed","ping_status":"open","sticky":false,"template":"","format":"standard","meta":{"footnotes":""},"categories":[2],"tags":[],"class_list":["post-83","post","type-post","status-publish","format-standard","has-post-thumbnail","hentry","category-infos"],"_links":{"self":[{"href":"https:\/\/usagers-transports.haut-allier.eu\/index.php\/wp-json\/wp\/v2\/posts\/83","targetHints":{"allow":["GET"]}}],"collection":[{"href":"https:\/\/usagers-transports.haut-allier.eu\/index.php\/wp-json\/wp\/v2\/posts"}],"about":[{"href":"https:\/\/usagers-transports.haut-allier.eu\/index.php\/wp-json\/wp\/v2\/types\/post"}],"author":[{"embeddable":true,"href":"https:\/\/usagers-transports.haut-allier.eu\/index.php\/wp-json\/wp\/v2\/users\/1"}],"replies":[{"embeddable":true,"href":"https:\/\/usagers-transports.haut-allier.eu\/index.php\/wp-json\/wp\/v2\/comments?post=83"}],"version-history":[{"count":0,"href":"https:\/\/usagers-transports.haut-allier.eu\/index.php\/wp-json\/wp\/v2\/posts\/83\/revisions"}],"wp:featuredmedia":[{"embeddable":true,"href":"https:\/\/usagers-transports.haut-allier.eu\/index.php\/wp-json\/wp\/v2\/media\/1503"}],"wp:attachment":[{"href":"https:\/\/usagers-transports.haut-allier.eu\/index.php\/wp-json\/wp\/v2\/media?parent=83"}],"wp:term":[{"taxonomy":"category","embeddable":true,"href":"https:\/\/usagers-transports.haut-allier.eu\/index.php\/wp-json\/wp\/v2\/categories?post=83"},{"taxonomy":"post_tag","embeddable":true,"href":"https:\/\/usagers-transports.haut-allier.eu\/index.php\/wp-json\/wp\/v2\/tags?post=83"}],"curies":[{"name":"wp","href":"https:\/\/api.w.org\/{rel}","templated":true}]}}