{"id":830,"date":"2021-12-08T09:58:48","date_gmt":"2021-12-08T08:58:48","guid":{"rendered":"http:\/\/5.45.101.177\/haut-allier\/usagers-transportse\/index.php\/2021\/12\/08\/declarations-d-emmanuel-macron-sur830\/"},"modified":"2021-12-08T09:58:48","modified_gmt":"2021-12-08T08:58:48","slug":"declarations-d-emmanuel-macron-sur830","status":"publish","type":"post","link":"https:\/\/usagers-transports.haut-allier.eu\/index.php\/2021\/12\/08\/declarations-d-emmanuel-macron-sur830\/","title":{"rendered":"D\u00e9clarations d&rsquo;Emmanuel Macron sur la liaison ferroviaire Clermont Paris et le plan \u00ab\u00a0petites lignes\u00a0\u00bb"},"content":{"rendered":"<p>Le pr\u00e9sident de la r\u00e9publique \u00e9tait l&rsquo;invit\u00e9 aujourd&rsquo;hui de France Bleu Pays d&rsquo;Auvergne, il r\u00e9pondait en direct depuis la pr\u00e9fecture de Moulins aux questions des auditeurs entre 8h30 et 9h05.<br \/>\n&nbsp;<br \/>\nConcernant le train c&rsquo;est St\u00e9phanie Picart la porte-parole du Collectif des usagers SNCF de la ligne Clermont Paris qui a \u00e9t\u00e9 choisie par la radio pour l&rsquo;interpeller. Nous \u00e9tions pr\u00eats \u00e9galement \u00e0 lui poser d&rsquo;autres questions.<br \/>\n&nbsp;<br \/>\nEcoutez, il traite d&rsquo;abord du probl\u00e8me de l&rsquo;Intercit\u00e9s vers Paris puis aborde plus g\u00e9n\u00e9ralement celui de la r\u00e9novation du r\u00e9seau historique. A prendre quand m\u00eame avec retenue \u00e9tant donn\u00e9 la p\u00e9riode de pr\u00e9campagne pr\u00e9sidentielle.<br \/>\n&nbsp;<br \/>\n<a href=\"http:\/\/5.45.101.177\/haut-allier\/usagers-transportse\/wp-content\/uploads\/2021\/12\/2021-12-08-fbpaysdauvergne-macron-usagers-transports-haut-allier.mp3\">2021-12-08-fbpaysdauvergne-macron-usagers-transports-haut-allier.mp3<\/a><br \/>\n&nbsp;<br \/>\n<em>Pour rappel le r\u00e9seau ferr\u00e9 auvergnat en 2012 ! La r\u00e9gression et le sous investissement de l&rsquo;Etat est pass\u00e9 par l\u00e0 (source Wikip\u00e9dia)<\/em><br \/>\n&nbsp;<br \/>\n<img loading=\"lazy\" decoding=\"async\" class=\" aligncenter size-full wp-image-3552\" src=\"http:\/\/5.45.101.177\/haut-allier\/usagers-transportse\/wp-content\/uploads\/2021\/12\/ter_auvergne__carte_du_reseau.png\" alt=\"ter_auvergne__carte_du_reseau.png\" align=\"center\" width=\"1234\" height=\"1341\" srcset=\"https:\/\/usagers-transports.haut-allier.eu\/wp-content\/uploads\/2021\/12\/ter_auvergne__carte_du_reseau.png 1234w, https:\/\/usagers-transports.haut-allier.eu\/wp-content\/uploads\/2021\/12\/ter_auvergne__carte_du_reseau-276x300.png 276w, https:\/\/usagers-transports.haut-allier.eu\/wp-content\/uploads\/2021\/12\/ter_auvergne__carte_du_reseau-942x1024.png 942w, https:\/\/usagers-transports.haut-allier.eu\/wp-content\/uploads\/2021\/12\/ter_auvergne__carte_du_reseau-768x835.png 768w\" sizes=\"auto, (max-width: 1234px) 100vw, 1234px\" \/><br \/>\n&nbsp;<\/p>\n","protected":false},"excerpt":{"rendered":"<p>Le pr\u00e9sident de la r\u00e9publique \u00e9tait l&rsquo;invit\u00e9 aujourd&rsquo;hui de France Bleu Pays d&rsquo;Auvergne, il r\u00e9pondait en direct depuis<\/p>\n","protected":false},"author":1,"featured_media":3550,"comment_status":"open","ping_status":"open","sticky":false,"template":"","format":"standard","meta":{"footnotes":""},"categories":[3],"tags":[],"class_list":["post-830","post","type-post","status-publish","format-standard","has-post-thumbnail","hentry","category-en-train"],"_links":{"self":[{"href":"https:\/\/usagers-transports.haut-allier.eu\/index.php\/wp-json\/wp\/v2\/posts\/830","targetHints":{"allow":["GET"]}}],"collection":[{"href":"https:\/\/usagers-transports.haut-allier.eu\/index.php\/wp-json\/wp\/v2\/posts"}],"about":[{"href":"https:\/\/usagers-transports.haut-allier.eu\/index.php\/wp-json\/wp\/v2\/types\/post"}],"author":[{"embeddable":true,"href":"https:\/\/usagers-transports.haut-allier.eu\/index.php\/wp-json\/wp\/v2\/users\/1"}],"replies":[{"embeddable":true,"href":"https:\/\/usagers-transports.haut-allier.eu\/index.php\/wp-json\/wp\/v2\/comments?post=830"}],"version-history":[{"count":0,"href":"https:\/\/usagers-transports.haut-allier.eu\/index.php\/wp-json\/wp\/v2\/posts\/830\/revisions"}],"wp:featuredmedia":[{"embeddable":true,"href":"https:\/\/usagers-transports.haut-allier.eu\/index.php\/wp-json\/wp\/v2\/media\/3550"}],"wp:attachment":[{"href":"https:\/\/usagers-transports.haut-allier.eu\/index.php\/wp-json\/wp\/v2\/media?parent=830"}],"wp:term":[{"taxonomy":"category","embeddable":true,"href":"https:\/\/usagers-transports.haut-allier.eu\/index.php\/wp-json\/wp\/v2\/categories?post=830"},{"taxonomy":"post_tag","embeddable":true,"href":"https:\/\/usagers-transports.haut-allier.eu\/index.php\/wp-json\/wp\/v2\/tags?post=830"}],"curies":[{"name":"wp","href":"https:\/\/api.w.org\/{rel}","templated":true}]}}