{"id":831,"date":"2021-12-13T11:11:29","date_gmt":"2021-12-13T10:11:29","guid":{"rendered":"http:\/\/5.45.101.177\/haut-allier\/usagers-transportse\/index.php\/2021\/12\/13\/petites-lignes-trains-de-nuit-les831\/"},"modified":"2021-12-13T11:11:29","modified_gmt":"2021-12-13T10:11:29","slug":"petites-lignes-trains-de-nuit-les831","status":"publish","type":"post","link":"https:\/\/usagers-transports.haut-allier.eu\/index.php\/2021\/12\/13\/petites-lignes-trains-de-nuit-les831\/","title":{"rendered":"Petites lignes, trains de nuit&#8230; : les nouvelles belles promesses du gouvernement Macron"},"content":{"rendered":"<p>A quelques mois des \u00e9lections pr\u00e9sidentielles, c&rsquo;est dr\u00f4le, tous les membres du gouvernement, Pr\u00e9sident compris, se mettent \u00e0 aimer le train&#8230;<br \/>\n&nbsp;<br \/>\nApr\u00e8s <a href=\"https:\/\/usagers-transports.haut-allier.eu\/?declarations-d-emmanuel-macron-sur,830\"><em>Macron sur France Bleu Pays d&rsquo;Auvergne<\/em><\/a>, il y a quelques jours, qui va renouveler toutes les petites lignes, apr\u00e8s Djebarri, son ministre des transports, hier qui \u00ab\u00a0veut\u00a0\u00bb des trains de nuit partout en Europe, alors que ce sont les pays voisins qui ont lanc\u00e9 l&rsquo;affaire, en France aussi mais pas chez nous dans le Massif central, et qui voyage en avion pour ses trajets Clermont-Ferrand Paris&#8230;<br \/>\n&nbsp;<br \/>\n<em>On notera d&rsquo;ailleurs que la promesse de Castex de desserte d&rsquo;Aurillac via Brive a myst\u00e9rieusement disparu<\/em><br \/>\n<img loading=\"lazy\" decoding=\"async\" class=\" aligncenter size-full wp-image-3554\" src=\"http:\/\/5.45.101.177\/haut-allier\/usagers-transportse\/wp-content\/uploads\/2021\/12\/firefox_screenshot_2021-12-13t09-41-47.885z.png\" alt=\"firefox_screenshot_2021-12-13t09-41-47.885z.png\" align=\"center\" width=\"468\" height=\"479\" srcset=\"https:\/\/usagers-transports.haut-allier.eu\/wp-content\/uploads\/2021\/12\/firefox_screenshot_2021-12-13t09-41-47.885z.png 468w, https:\/\/usagers-transports.haut-allier.eu\/wp-content\/uploads\/2021\/12\/firefox_screenshot_2021-12-13t09-41-47.885z-293x300.png 293w\" sizes=\"auto, (max-width: 468px) 100vw, 468px\" \/><br \/>\n&nbsp;<br \/>\n<img loading=\"lazy\" decoding=\"async\" class=\" aligncenter size-full wp-image-3555\" src=\"http:\/\/5.45.101.177\/haut-allier\/usagers-transportse\/wp-content\/uploads\/2021\/12\/firefox_screenshot_2021-12-13t09-42-23.310z.png\" alt=\"firefox_screenshot_2021-12-13t09-42-23.310z.png\" align=\"center\" width=\"481\" height=\"572\" srcset=\"https:\/\/usagers-transports.haut-allier.eu\/wp-content\/uploads\/2021\/12\/firefox_screenshot_2021-12-13t09-42-23.310z.png 481w, https:\/\/usagers-transports.haut-allier.eu\/wp-content\/uploads\/2021\/12\/firefox_screenshot_2021-12-13t09-42-23.310z-252x300.png 252w\" sizes=\"auto, (max-width: 481px) 100vw, 481px\" \/><br \/>\n&nbsp;<br \/>\net bien apr\u00e8s tous ceux l\u00e0 c&rsquo;est le Prime Minister en personne qui s&rsquo;y met \u00e0 l&rsquo;occasion du retour du train de nuit Paris Lourdes hier&#8230;<br \/>\n&nbsp;<br \/>\n\u00ab\u00a0<a href=\"https:\/\/www.francetvinfo.fr\/economie\/transports\/sncf\/sncf-jean-castex-s-engage-pour-la-renovation-des-petites-lignes_4878725.html\"><em>SNCF : Jean Castex s&rsquo;engage pour la r\u00e9novation des petites lignes. Le gouvernement compte participer \u00e0 la r\u00e9g\u00e9n\u00e9ration de 9 200 km de petites lignes, avec l&rsquo;aide des r\u00e9gions.<\/em><\/a>\u00a0\u00bb nous raconte France T\u00e9l\u00e9visions.<br \/>\n&nbsp;<br \/>\nNous y croyons tellement que nous archivons au cas o\u00f9 rien ne serait fait \/ d\u00e9bours\u00e9 dans les prochains mois.<br \/>\n&nbsp;<br \/>\n<img loading=\"lazy\" decoding=\"async\" class=\" aligncenter size-full wp-image-3556\" src=\"http:\/\/5.45.101.177\/haut-allier\/usagers-transportse\/wp-content\/uploads\/2021\/12\/screenshot-www.francetvinfo.fr-2021.12.13-10_31_53.jpg\" alt=\"screenshot-www.francetvinfo.fr-2021.12.13-10_31_53.jpg\" align=\"center\" width=\"977\" height=\"2102\" srcset=\"https:\/\/usagers-transports.haut-allier.eu\/wp-content\/uploads\/2021\/12\/screenshot-www.francetvinfo.fr-2021.12.13-10_31_53.jpg 977w, https:\/\/usagers-transports.haut-allier.eu\/wp-content\/uploads\/2021\/12\/screenshot-www.francetvinfo.fr-2021.12.13-10_31_53-139x300.jpg 139w, https:\/\/usagers-transports.haut-allier.eu\/wp-content\/uploads\/2021\/12\/screenshot-www.francetvinfo.fr-2021.12.13-10_31_53-476x1024.jpg 476w, https:\/\/usagers-transports.haut-allier.eu\/wp-content\/uploads\/2021\/12\/screenshot-www.francetvinfo.fr-2021.12.13-10_31_53-768x1652.jpg 768w, https:\/\/usagers-transports.haut-allier.eu\/wp-content\/uploads\/2021\/12\/screenshot-www.francetvinfo.fr-2021.12.13-10_31_53-714x1536.jpg 714w, https:\/\/usagers-transports.haut-allier.eu\/wp-content\/uploads\/2021\/12\/screenshot-www.francetvinfo.fr-2021.12.13-10_31_53-952x2048.jpg 952w\" sizes=\"auto, (max-width: 977px) 100vw, 977px\" \/><br \/>\n&nbsp;<br \/>\nEt nous retranscrivons le texte de l&rsquo;article, \u00e0 savourer :<br \/>\n&nbsp;<br \/>\n<center><br \/>\n<cadre><br \/>\nSNCF : Jean Castex s&rsquo;engage pour la r\u00e9novation des petites lignes<\/p>\n<p>Le gouvernement compte participer \u00e0 la r\u00e9g\u00e9n\u00e9ration de 9 200 km de petites lignes, avec l&rsquo;aide des r\u00e9gions.<\/p>\n<p>\u00ab\u00a0C&rsquo;est un investissement d&rsquo;avenir\u00a0\u00bb, se f\u00e9licite Jean Castex. Le Premier ministre a promis dimanche 12 d\u00e9cembre la remise en \u00e9tat \u00ab\u00a0partout\u00a0\u00bb des petites lignes ferroviaires, en inaugurant la voie ferr\u00e9e reliant Epinal et Saint-Di\u00e9-des-Vosges, qui \u00e9tait ferm\u00e9e depuis trois ans pour cause de v\u00e9tust\u00e9. \u00ab\u00a0C&rsquo;est du concret, c&rsquo;est du r\u00e9el !\u00a0\u00bb, s&rsquo;est exclam\u00e9 le chef du gouvernement devant la gare de Saint-Di\u00e9, avant le d\u00e9part du train.<\/p>\n<p>Il a rappel\u00e9 \u00eatre \u00ab\u00a0un grand amateur de trains et passionn\u00e9 de choses ferroviaires\u00a0\u00bb, a d\u00e9plor\u00e9 les \u00ab\u00a0d\u00e9cennies pendant lesquelles l&rsquo;Etat (&#8230;) consid\u00e9rait que ces lignes de desserte du monde rural, \u00e7a co\u00fbtait tr\u00e8s cher quand m\u00eame\u00a0\u00bb. Et de rappeler que le sous-investissement a forc\u00e9 les trains \u00e0 ralentir, faisant fuir les passagers, etc. Le gouvernement entend participer avec les r\u00e9gions \u00e0 la r\u00e9g\u00e9n\u00e9ration de 9 200 km de petites lignes. \u00ab\u00a0C&rsquo;est un mouvement de grande ampleur. Nous le faisons partout parce que nous y croyons\u00a0\u00bb, a-t-il d\u00e9clar\u00e9.<\/p>\n<p>\u00ab\u00a0Engagement tenu\u00a0\u00bb<\/p>\n<p>\u00ab\u00a0Nous d\u00e9pensons de l&rsquo;argent dans le ferroviaire\u00a0\u00bb, a-t-il insist\u00e9, promettant \u00ab\u00a0un retour sur investissement\u00a0\u00bb pour la collectivit\u00e9. Il a aussi soulign\u00e9 la n\u00e9cessit\u00e9 d&rsquo;avoir \u00ab\u00a0une politique globale\u00a0\u00bb des infrastructures, estimant que la construction d&rsquo;axes routiers pouvait aussi \u00eatre parfois n\u00e9cessaire. Longue de 49 km, la ligne \u00e0 voie unique reliant Arques, pr\u00e8s d&rsquo;Epinal, \u00e0 Saint-Di\u00e9 \u00e9tait ferm\u00e9e depuis d\u00e9cembre 2018, pour des raisons de s\u00e9curit\u00e9 dues \u00e0 son pi\u00e8tre \u00e9tat \u2014 v\u00e9tust\u00e9 des voies et risque d&rsquo;effondrement de deux tunnels.<\/p>\n<p>Cette fermeture avait mis le pr\u00e9sident Emmanuel Macron en col\u00e8re, car il s&rsquo;\u00e9tait engag\u00e9 \u00e0 la maintenir quelques mois plus t\u00f4t lors d&rsquo;un d\u00e9placement \u00e0 Saint-Di\u00e9. Sa r\u00e9ouverture est donc devenue un projet d&rsquo;ampleur nationale, les 21 millions d&rsquo;euros de travaux n\u00e9cessaires \u00e9tant pris en charge \u00e0 40% par l&rsquo;Etat et 60% par la r\u00e9gion Grand Est. \u00ab\u00a0Engagement pris, engagement tenu\u00a0\u00bb, a lanc\u00e9 Jean Castex.<\/p>\n<p>La ligne \u00e9tait fort peu utilis\u00e9e et ultrad\u00e9ficitaire avant sa fermeture, pourtant les fr\u00e9quences vont \u00eatre renforc\u00e9es, avec des liaisons directes jusqu&rsquo;\u00e0 Strasbourg. Elle va faire partie des liaisons ouvertes \u00e0 la concurrence par le conseil r\u00e9gional, y compris pour l&rsquo;infrastructure. Jean Castex a d&rsquo;ailleurs indiqu\u00e9 qu&rsquo;il donnait son feu vert \u00e0 une exp\u00e9rimentation permettant au Grand Est de payer moins de p\u00e9ages \u00e0 SNCF R\u00e9seau pour faire circuler ses TER, en \u00e9change d&rsquo;investissements sur le r\u00e9seau.<\/p>\n<p><\/cadre><br \/>\n<\/center><\/p>\n<p>Nous vivons des moments magiques non ?<br \/>\n&nbsp;<br \/>\n<strong>Mauvais esprit mis \u00e0 part les r\u00e9gions doivent boire du petit lait, elles qui attendaient un signe fort de la part de l&rsquo;\u00e9tat. C&rsquo;est fait. Aucun pr\u00e9texte maintenant ne pourra \u00eatre avanc\u00e9 pour que les r\u00e9gions, notamment les deux restantes qui rechignaient, <a href=\"https:\/\/www.lemonde.fr\/economie\/article\/2021\/12\/12\/le-renouveau-des-petites-lignes-ferroviaires-commence-dans-les-vosges_6105732_3234.html\"><em>la Bretagne et Auvergne Rh\u00f4ne Alpes<\/em><\/a>, ne participent pas \u00e0 hauteur \u00e9quivalente au renouvellement des infrastructures ferroviaires.<\/strong><\/p>\n","protected":false},"excerpt":{"rendered":"<p>A quelques mois des \u00e9lections pr\u00e9sidentielles, c&rsquo;est dr\u00f4le, tous les membres du gouvernement, Pr\u00e9sident compris, se mettent \u00e0<\/p>\n","protected":false},"author":1,"featured_media":3553,"comment_status":"open","ping_status":"open","sticky":false,"template":"","format":"standard","meta":{"footnotes":""},"categories":[3],"tags":[],"class_list":["post-831","post","type-post","status-publish","format-standard","has-post-thumbnail","hentry","category-en-train"],"_links":{"self":[{"href":"https:\/\/usagers-transports.haut-allier.eu\/index.php\/wp-json\/wp\/v2\/posts\/831","targetHints":{"allow":["GET"]}}],"collection":[{"href":"https:\/\/usagers-transports.haut-allier.eu\/index.php\/wp-json\/wp\/v2\/posts"}],"about":[{"href":"https:\/\/usagers-transports.haut-allier.eu\/index.php\/wp-json\/wp\/v2\/types\/post"}],"author":[{"embeddable":true,"href":"https:\/\/usagers-transports.haut-allier.eu\/index.php\/wp-json\/wp\/v2\/users\/1"}],"replies":[{"embeddable":true,"href":"https:\/\/usagers-transports.haut-allier.eu\/index.php\/wp-json\/wp\/v2\/comments?post=831"}],"version-history":[{"count":0,"href":"https:\/\/usagers-transports.haut-allier.eu\/index.php\/wp-json\/wp\/v2\/posts\/831\/revisions"}],"wp:featuredmedia":[{"embeddable":true,"href":"https:\/\/usagers-transports.haut-allier.eu\/index.php\/wp-json\/wp\/v2\/media\/3553"}],"wp:attachment":[{"href":"https:\/\/usagers-transports.haut-allier.eu\/index.php\/wp-json\/wp\/v2\/media?parent=831"}],"wp:term":[{"taxonomy":"category","embeddable":true,"href":"https:\/\/usagers-transports.haut-allier.eu\/index.php\/wp-json\/wp\/v2\/categories?post=831"},{"taxonomy":"post_tag","embeddable":true,"href":"https:\/\/usagers-transports.haut-allier.eu\/index.php\/wp-json\/wp\/v2\/tags?post=831"}],"curies":[{"name":"wp","href":"https:\/\/api.w.org\/{rel}","templated":true}]}}