{"id":832,"date":"2021-12-14T17:44:25","date_gmt":"2021-12-14T16:44:25","guid":{"rendered":"http:\/\/5.45.101.177\/haut-allier\/usagers-transportse\/index.php\/2021\/12\/14\/les-petites-lignes-ferroviaires832\/"},"modified":"2021-12-14T17:44:25","modified_gmt":"2021-12-14T16:44:25","slug":"les-petites-lignes-ferroviaires832","status":"publish","type":"post","link":"https:\/\/usagers-transports.haut-allier.eu\/index.php\/2021\/12\/14\/les-petites-lignes-ferroviaires832\/","title":{"rendered":"Les petites lignes ferroviaires sont-elles [vraiment] de retour ?"},"content":{"rendered":"<p>Belle \u00e9mission sur France Culture ce matin o\u00f9 Guillaume Erner s&rsquo;interroge sur la v\u00e9racit\u00e9 des propos du Premier Ministre.<br \/>\n&nbsp;<br \/>\nIl aborde la question avec Nacima Baron, g\u00e9ographe, professeure \u00e0 l&rsquo;universit\u00e9 Eiffel et chercheuse au laboratoire \u00ab\u00a0Ville, mobilit\u00e9, transport\u00a0\u00bb de l&rsquo;\u00c9cole des Ponts ParisTech (ENPC). Elle est aussi co-autrice de \u00ab\u00a0R\u00e9seaux ferr\u00e9s et territoires : la g\u00e9ographie humaine du chemin de fer, un retour aux sources\u00a0\u00bb (Presses des Ponts, 2017).<br \/>\n&nbsp;<br \/>\nVoici le <a href=\"https:\/\/www.franceculture.fr\/emissions\/la-question-du-jour\/les-petites-lignes-ferroviaires-sont-elles-de-retour\"><strong>lien<\/strong><\/a> du podcast.<br \/>\n&nbsp;<br \/>\nUn petit sucre d&rsquo;orge \u00e0 savourer  :-O  . C&rsquo;est pas si souvent.<br \/>\n&nbsp;<br \/>\nEt au cas o\u00f9 le podcast dispara\u00eetrait l&rsquo;archive ici m\u00eame :<br \/>\n&nbsp;<br \/>\n<a href=\"http:\/\/5.45.101.177\/haut-allier\/usagers-transportse\/wp-content\/uploads\/2021\/12\/16362-14.12.2021-itema_22870188-2021c26356s0348-21.mp3\">Les petites lignes ferroviaires sont-elles de retour ?<\/a><br \/>\n&nbsp;<\/p>\n","protected":false},"excerpt":{"rendered":"<p>Belle \u00e9mission sur France Culture ce matin o\u00f9 Guillaume Erner s&rsquo;interroge sur la v\u00e9racit\u00e9 des propos du Premier<\/p>\n","protected":false},"author":1,"featured_media":3557,"comment_status":"open","ping_status":"open","sticky":false,"template":"","format":"standard","meta":{"footnotes":""},"categories":[3],"tags":[],"class_list":["post-832","post","type-post","status-publish","format-standard","has-post-thumbnail","hentry","category-en-train"],"_links":{"self":[{"href":"https:\/\/usagers-transports.haut-allier.eu\/index.php\/wp-json\/wp\/v2\/posts\/832","targetHints":{"allow":["GET"]}}],"collection":[{"href":"https:\/\/usagers-transports.haut-allier.eu\/index.php\/wp-json\/wp\/v2\/posts"}],"about":[{"href":"https:\/\/usagers-transports.haut-allier.eu\/index.php\/wp-json\/wp\/v2\/types\/post"}],"author":[{"embeddable":true,"href":"https:\/\/usagers-transports.haut-allier.eu\/index.php\/wp-json\/wp\/v2\/users\/1"}],"replies":[{"embeddable":true,"href":"https:\/\/usagers-transports.haut-allier.eu\/index.php\/wp-json\/wp\/v2\/comments?post=832"}],"version-history":[{"count":0,"href":"https:\/\/usagers-transports.haut-allier.eu\/index.php\/wp-json\/wp\/v2\/posts\/832\/revisions"}],"wp:featuredmedia":[{"embeddable":true,"href":"https:\/\/usagers-transports.haut-allier.eu\/index.php\/wp-json\/wp\/v2\/media\/3557"}],"wp:attachment":[{"href":"https:\/\/usagers-transports.haut-allier.eu\/index.php\/wp-json\/wp\/v2\/media?parent=832"}],"wp:term":[{"taxonomy":"category","embeddable":true,"href":"https:\/\/usagers-transports.haut-allier.eu\/index.php\/wp-json\/wp\/v2\/categories?post=832"},{"taxonomy":"post_tag","embeddable":true,"href":"https:\/\/usagers-transports.haut-allier.eu\/index.php\/wp-json\/wp\/v2\/tags?post=832"}],"curies":[{"name":"wp","href":"https:\/\/api.w.org\/{rel}","templated":true}]}}