{"id":833,"date":"2021-12-15T08:05:31","date_gmt":"2021-12-15T07:05:31","guid":{"rendered":"http:\/\/5.45.101.177\/haut-allier\/usagers-transportse\/index.php\/2021\/12\/15\/ligne-nimes-le-grau-du-roi-plus-de833\/"},"modified":"2021-12-15T08:05:31","modified_gmt":"2021-12-15T07:05:31","slug":"ligne-nimes-le-grau-du-roi-plus-de833","status":"publish","type":"post","link":"https:\/\/usagers-transports.haut-allier.eu\/index.php\/2021\/12\/15\/ligne-nimes-le-grau-du-roi-plus-de833\/","title":{"rendered":"Ligne N\u00eemes Le Grau du Roi : plus de trains jusqu&rsquo;en 2022 !"},"content":{"rendered":"<p>Il s&rsquo;agit de la prolongation \u00ab\u00a0naturelle\u00a0\u00bb de la ligne des C\u00e9vennes, c&rsquo;est celle qui va \u00e0 la M\u00e9diterran\u00e9e jusqu&rsquo;au Grau du Roi. La SNCF vient de d\u00e9cider unilat\u00e9ralement comme toujours, malgr\u00e9 les r\u00e9unions et les \u00e9changes avec ses repr\u00e9sentants, de supprimer tous les trains de cet axe jusqu&rsquo;au nouvel an. La raison ? Manque de personnel.<br \/>\n&nbsp;<br \/>\nEn pleine f\u00eates de fin d&rsquo;ann\u00e9e o\u00f9 les n\u00eemois seraient ravis d&rsquo;aller prendre un bol d&rsquo;air \u00e0 la mer et de profiter des embruns iod\u00e9s.<br \/>\n&nbsp;<br \/>\n<img loading=\"lazy\" decoding=\"async\" class=\" aligncenter size-full wp-image-3561\" src=\"http:\/\/5.45.101.177\/haut-allier\/usagers-transportse\/wp-content\/uploads\/2021\/12\/legrauduroin.jpg\" alt=\"legrauduroin.jpg\" align=\"center\" width=\"700\" height=\"303\" srcset=\"https:\/\/usagers-transports.haut-allier.eu\/wp-content\/uploads\/2021\/12\/legrauduroin.jpg 700w, https:\/\/usagers-transports.haut-allier.eu\/wp-content\/uploads\/2021\/12\/legrauduroin-300x130.jpg 300w\" sizes=\"auto, (max-width: 700px) 100vw, 700px\" \/><\/p>\n<p>On marche sur la t\u00eate dans ce pays. L&rsquo;op\u00e9rateur ferroviaire se d\u00e9clare donc incapable de faire fonctionner une ligne un mois durant et le clame sur tous les toits : <em>\u00ab\u00a0SNCF est actuellement  en forte tension sur la disponibilit\u00e9 du personnel sur l&rsquo;ensemble  d&rsquo;Occitanie : agents de conduite, agents du service commercial comme agents en charge de la maintenance du mat\u00e9riel roulant. Pour ces personnels, l&rsquo;entreprise observe ainsi une augmentation r\u00e9guli\u00e8re des absences li\u00e9es \u00e0 la COVID\u00a0\u00bb<\/em>. Mais bien s\u00fbr. Il nous semble qu&rsquo;il est du devoir d&rsquo;une entreprise y compris de service public, de pr\u00e9voir, d&rsquo;anticiper. Ce n&rsquo;est pas le cas chez eux.<br \/>\n&nbsp;<br \/>\nOn s&rsquo;aper\u00e7oit une nouvelle fois que malgr\u00e9 le fort volontarisme de la r\u00e9gion Occitanie \u00e0 faire circuler ses TER sur toutes lignes, restantes, du r\u00e9seau, malgr\u00e9 les investissements lourds de cette collectivit\u00e9, la soci\u00e9t\u00e9 dite ferroviaire n&rsquo;a de cesse de mettre des b\u00e2tons dans les roues. Il s&rsquo;agit pourtant de l&rsquo;argent des contribuables, d&rsquo;un service public de transports. SNCF n&rsquo;en a cure.<br \/>\n&nbsp;<br \/>\nNos amis de l&rsquo;association des usagers de la SNCF du Gard ont demand\u00e9 une circulation AR minimum par jour, qui leur a \u00e9t\u00e9 refus\u00e9e. Les fameux bus de substitution ont \u00e9t\u00e9 mis en place. Pr\u00e9parez et sortez vos VOMIBAGs.<br \/>\n&nbsp;<br \/>\n<img loading=\"lazy\" decoding=\"async\" class=\" aligncenter size-full wp-image-3562\" src=\"http:\/\/5.45.101.177\/haut-allier\/usagers-transportse\/wp-content\/uploads\/2021\/12\/vomibag-sachet-2-scaled.jpg\" alt=\"vomibag-sachet-2.jpg\" align=\"center\" width=\"1398\" height=\"2560\" srcset=\"https:\/\/usagers-transports.haut-allier.eu\/wp-content\/uploads\/2021\/12\/vomibag-sachet-2-scaled.jpg 1398w, https:\/\/usagers-transports.haut-allier.eu\/wp-content\/uploads\/2021\/12\/vomibag-sachet-2-164x300.jpg 164w, https:\/\/usagers-transports.haut-allier.eu\/wp-content\/uploads\/2021\/12\/vomibag-sachet-2-559x1024.jpg 559w, https:\/\/usagers-transports.haut-allier.eu\/wp-content\/uploads\/2021\/12\/vomibag-sachet-2-768x1406.jpg 768w, https:\/\/usagers-transports.haut-allier.eu\/wp-content\/uploads\/2021\/12\/vomibag-sachet-2-839x1536.jpg 839w, https:\/\/usagers-transports.haut-allier.eu\/wp-content\/uploads\/2021\/12\/vomibag-sachet-2-1119x2048.jpg 1119w\" sizes=\"auto, (max-width: 1398px) 100vw, 1398px\" \/><\/p>\n","protected":false},"excerpt":{"rendered":"<p>Il s&rsquo;agit de la prolongation \u00ab\u00a0naturelle\u00a0\u00bb de la ligne des C\u00e9vennes, c&rsquo;est celle qui va \u00e0 la M\u00e9diterran\u00e9e<\/p>\n","protected":false},"author":1,"featured_media":3560,"comment_status":"open","ping_status":"open","sticky":false,"template":"","format":"standard","meta":{"footnotes":""},"categories":[3],"tags":[],"class_list":["post-833","post","type-post","status-publish","format-standard","has-post-thumbnail","hentry","category-en-train"],"_links":{"self":[{"href":"https:\/\/usagers-transports.haut-allier.eu\/index.php\/wp-json\/wp\/v2\/posts\/833","targetHints":{"allow":["GET"]}}],"collection":[{"href":"https:\/\/usagers-transports.haut-allier.eu\/index.php\/wp-json\/wp\/v2\/posts"}],"about":[{"href":"https:\/\/usagers-transports.haut-allier.eu\/index.php\/wp-json\/wp\/v2\/types\/post"}],"author":[{"embeddable":true,"href":"https:\/\/usagers-transports.haut-allier.eu\/index.php\/wp-json\/wp\/v2\/users\/1"}],"replies":[{"embeddable":true,"href":"https:\/\/usagers-transports.haut-allier.eu\/index.php\/wp-json\/wp\/v2\/comments?post=833"}],"version-history":[{"count":0,"href":"https:\/\/usagers-transports.haut-allier.eu\/index.php\/wp-json\/wp\/v2\/posts\/833\/revisions"}],"wp:featuredmedia":[{"embeddable":true,"href":"https:\/\/usagers-transports.haut-allier.eu\/index.php\/wp-json\/wp\/v2\/media\/3560"}],"wp:attachment":[{"href":"https:\/\/usagers-transports.haut-allier.eu\/index.php\/wp-json\/wp\/v2\/media?parent=833"}],"wp:term":[{"taxonomy":"category","embeddable":true,"href":"https:\/\/usagers-transports.haut-allier.eu\/index.php\/wp-json\/wp\/v2\/categories?post=833"},{"taxonomy":"post_tag","embeddable":true,"href":"https:\/\/usagers-transports.haut-allier.eu\/index.php\/wp-json\/wp\/v2\/tags?post=833"}],"curies":[{"name":"wp","href":"https:\/\/api.w.org\/{rel}","templated":true}]}}