{"id":834,"date":"2021-12-17T10:17:42","date_gmt":"2021-12-17T09:17:42","guid":{"rendered":"http:\/\/5.45.101.177\/haut-allier\/usagers-transportse\/index.php\/2021\/12\/17\/l-application-sncf-connect834\/"},"modified":"2021-12-17T10:17:42","modified_gmt":"2021-12-17T09:17:42","slug":"l-application-sncf-connect834","status":"publish","type":"post","link":"https:\/\/usagers-transports.haut-allier.eu\/index.php\/2021\/12\/17\/l-application-sncf-connect834\/","title":{"rendered":"L&rsquo;application SNCF Connect proposera-t-elle l&rsquo;enti\u00e8ret\u00e9 des solutions pour un trajet recherch\u00e9 ?"},"content":{"rendered":"<p>Et des billets non limit\u00e9s \u00e0 deux correspondances ? Pas si s\u00fbr ! La miraculeuse application qui doit \u00eatre disponible courant janvier 2022 et qui doit remplacer toutes les applications existantes de SNCF y compris Oui SNCF va-t-elle changer la donne sur ce point ?<br \/>\n&nbsp;<br \/>\nOn sait que toutes les applications et les sites Internet de SNCF ne peuvent proposer jusqu&rsquo;ici, en 2021, que des billets limit\u00e9s \u00e0 tel point que les agents SNCF sont oblig\u00e9s de consulter les sites des op\u00e9rateurs concurrents \u00e0 l&rsquo;\u00e9tranger comme DB pour r\u00e9pondre \u00e0 leur client\u00e8le.<br \/>\n&nbsp;<br \/>\nEt \u00e0 tel point que <a href=\"https:\/\/usagers-transports.haut-allier.eu\/?petition-signons-pour-la-fin-des,617\"><strong>nous avons lanc\u00e9 une p\u00e9tition<\/strong><\/a> en 2019, toujours en cours, pour demander le changement. En effet certains trajets sont introuvables par le syst\u00e8me actuel, car comportant plus de deux changements, ou impliquent un passage par Paris, vu le r\u00e9seau fran\u00e7ais en \u00e9toile, ce qui peut multiplier le prix du billet par deux, trois ou quatre. Tout ceci sans pr\u00e9venir l&rsquo;usager, et dans le plus total obscurantisme.<br \/>\n&nbsp;<br \/>\nAlors le nouveau et miraculeux syst\u00e8me <a href=\"https:\/\/www.sncf-connect.com\/\"><strong> <em>SNCF Connect<\/em> <\/strong><\/a> qui doit tout r\u00e9soudre d\u00e9but 2022, sera-t-il corrig\u00e9 sur ce point que nous consid\u00e9rons essentiel ? Bien qu&rsquo;un petit paragraphe non d\u00e9velopp\u00e9 sur leur site \u00e9voque&#8230;<br \/>\n&nbsp;<br \/>\n<img loading=\"lazy\" decoding=\"async\" class=\" aligncenter size-full wp-image-3564\" src=\"http:\/\/5.45.101.177\/haut-allier\/usagers-transportse\/wp-content\/uploads\/2021\/12\/screenshot-www.sncf-connect.com-2021.12.17-09_49_15.jpg\" alt=\"screenshot-www.sncf-connect.com-2021.12.17-09_49_15.jpg\" align=\"center\" width=\"481\" height=\"423\" srcset=\"https:\/\/usagers-transports.haut-allier.eu\/wp-content\/uploads\/2021\/12\/screenshot-www.sncf-connect.com-2021.12.17-09_49_15.jpg 481w, https:\/\/usagers-transports.haut-allier.eu\/wp-content\/uploads\/2021\/12\/screenshot-www.sncf-connect.com-2021.12.17-09_49_15-300x264.jpg 300w\" sizes=\"auto, (max-width: 481px) 100vw, 481px\" \/><\/p>\n<p>\u00ab\u00a0Plus de choix de trajets\u00a0\u00bb, la soci\u00e9t\u00e9 dite ferroviaire ne communiquant pas sur le contenu r\u00e9el de la nouvelle application et ses possibilit\u00e9s, nous pouvons craindre que rien ne bouge. Et s&rsquo;il n&rsquo;y a pas de modification sur ce point, on voit mal quel sera le r\u00e9el avantage pour certains voyageurs toujours oblig\u00e9s eux aussi d&rsquo;aller consulter leurs sites pr\u00e9f\u00e9r\u00e9s sur <a href=\"https:\/\/www.bahn.com\/fr\"><em> <strong>DB France<\/strong> <\/em> <\/a> puis de retourner sur SNCF Connect pour prendre les billets du trajet morcel\u00e9 ?<br \/>\n&nbsp;<br \/>\nPour l&rsquo;instant les annonces diffus\u00e9es par Oui.SNCF ne sont que vent et brouillard et la seule image disponible est celle-ci :<br \/>\n&nbsp;<br \/>\n<img loading=\"lazy\" decoding=\"async\" class=\" aligncenter size-full wp-image-3565\" src=\"http:\/\/5.45.101.177\/haut-allier\/usagers-transportse\/wp-content\/uploads\/2021\/12\/resaencours.png.jpg\" alt=\"resaencours.png.jpg\" align=\"center\" width=\"467\" height=\"268\" srcset=\"https:\/\/usagers-transports.haut-allier.eu\/wp-content\/uploads\/2021\/12\/resaencours.png.jpg 467w, https:\/\/usagers-transports.haut-allier.eu\/wp-content\/uploads\/2021\/12\/resaencours.png-300x172.jpg 300w\" sizes=\"auto, (max-width: 467px) 100vw, 467px\" \/><\/p>\n<p>Avec le choix, impos\u00e9, d&rsquo;une application en mode sombre, SNCF rate l\u00e0 aussi l&rsquo;\u00e9volution puisque d&rsquo;ordinaire tous les sites qui proposent ce mode le font en option du mode clair. Le mode sombre <em>n&rsquo;\u00e9conomise pas la batterie<\/em> tel que c&rsquo;est avanc\u00e9, tout d\u00e9pend des \u00e9crans des smartphones. Dans le cas le plus courant d&rsquo;\u00e9crans LCD le mode sombre n&rsquo;a AUCUNE influence sur la consommation. Et le mode sombre peut ne pas convenir \u00e0 certaines personnes.<br \/>\n&nbsp;<br \/>\nAttendons de voir en janvier. Peut-\u00eatre serons nous surpris agr\u00e9ablement ? Tr\u00e8s sceptiques, nous ne manquerions pas toutefois d&rsquo;exprimer notre \u00e9merveillement.<\/p>\n","protected":false},"excerpt":{"rendered":"<p>Et des billets non limit\u00e9s \u00e0 deux correspondances ? Pas si s\u00fbr ! La miraculeuse application qui doit<\/p>\n","protected":false},"author":1,"featured_media":3563,"comment_status":"open","ping_status":"open","sticky":false,"template":"","format":"standard","meta":{"footnotes":""},"categories":[2],"tags":[],"class_list":["post-834","post","type-post","status-publish","format-standard","has-post-thumbnail","hentry","category-infos"],"_links":{"self":[{"href":"https:\/\/usagers-transports.haut-allier.eu\/index.php\/wp-json\/wp\/v2\/posts\/834","targetHints":{"allow":["GET"]}}],"collection":[{"href":"https:\/\/usagers-transports.haut-allier.eu\/index.php\/wp-json\/wp\/v2\/posts"}],"about":[{"href":"https:\/\/usagers-transports.haut-allier.eu\/index.php\/wp-json\/wp\/v2\/types\/post"}],"author":[{"embeddable":true,"href":"https:\/\/usagers-transports.haut-allier.eu\/index.php\/wp-json\/wp\/v2\/users\/1"}],"replies":[{"embeddable":true,"href":"https:\/\/usagers-transports.haut-allier.eu\/index.php\/wp-json\/wp\/v2\/comments?post=834"}],"version-history":[{"count":0,"href":"https:\/\/usagers-transports.haut-allier.eu\/index.php\/wp-json\/wp\/v2\/posts\/834\/revisions"}],"wp:featuredmedia":[{"embeddable":true,"href":"https:\/\/usagers-transports.haut-allier.eu\/index.php\/wp-json\/wp\/v2\/media\/3563"}],"wp:attachment":[{"href":"https:\/\/usagers-transports.haut-allier.eu\/index.php\/wp-json\/wp\/v2\/media?parent=834"}],"wp:term":[{"taxonomy":"category","embeddable":true,"href":"https:\/\/usagers-transports.haut-allier.eu\/index.php\/wp-json\/wp\/v2\/categories?post=834"},{"taxonomy":"post_tag","embeddable":true,"href":"https:\/\/usagers-transports.haut-allier.eu\/index.php\/wp-json\/wp\/v2\/tags?post=834"}],"curies":[{"name":"wp","href":"https:\/\/api.w.org\/{rel}","templated":true}]}}