{"id":835,"date":"2021-12-20T08:06:46","date_gmt":"2021-12-20T07:06:46","guid":{"rendered":"http:\/\/5.45.101.177\/haut-allier\/usagers-transportse\/index.php\/2021\/12\/20\/pas-de-trains-de-nuit-prevus-pour835\/"},"modified":"2021-12-20T08:06:46","modified_gmt":"2021-12-20T07:06:46","slug":"pas-de-trains-de-nuit-prevus-pour835","status":"publish","type":"post","link":"https:\/\/usagers-transports.haut-allier.eu\/index.php\/2021\/12\/20\/pas-de-trains-de-nuit-prevus-pour835\/","title":{"rendered":"Pas de trains de nuit pr\u00e9vus pour le Massif central : Wauquiez va \u00e9crire au 1er ministre"},"content":{"rendered":"<p>En s\u00e9ance pl\u00e9ni\u00e8re les \u00e9lus r\u00e9gionaux se sont indign\u00e9s de l&rsquo;absence de train de nuit pr\u00e9vus pour le Massif Central sur la carte transmise par le ministre Djebarri dans un tweet du 13 d\u00e9cembre dont nous vous <a href=\"http:\/\/usagers-transports.haut-allier.eu\/?petites-lignes-trains-de-nuit-les,831\"><em>avions parl\u00e9<\/em><\/a> aussit\u00f4t. Un tweet que nous avons \u00e9voqu\u00e9 avec Fr\u00e9d\u00e9ric Aguilera, le Vice-pr\u00e9sident charg\u00e9 des transports \u00e0 la r\u00e9gion, lors de notre rencontre avec lui le 14 d\u00e9cembre dernier \u00e0 Clermont et qui a retenu son attention.<br \/>\n&nbsp;<br \/>\n<img loading=\"lazy\" decoding=\"async\" class=\" aligncenter size-full wp-image-3567\" src=\"http:\/\/5.45.101.177\/haut-allier\/usagers-transportse\/wp-content\/uploads\/2021\/12\/firefox_screenshot_2021-12-13t09-41-47.885z-2.png\" alt=\"firefox_screenshot_2021-12-13t09-41-47.885z-2.png\" align=\"center\" width=\"468\" height=\"479\" srcset=\"https:\/\/usagers-transports.haut-allier.eu\/wp-content\/uploads\/2021\/12\/firefox_screenshot_2021-12-13t09-41-47.885z-2.png 468w, https:\/\/usagers-transports.haut-allier.eu\/wp-content\/uploads\/2021\/12\/firefox_screenshot_2021-12-13t09-41-47.885z-2-293x300.png 293w\" sizes=\"auto, (max-width: 468px) 100vw, 468px\" \/><br \/>\n&nbsp;<br \/>\nCe que nous affirme <a href=\"https:\/\/www.lamontagne.fr\/clermont-ferrand-63000\/actualites\/les-elus-regionaux-s-indignent-de-l-absence-de-trains-de-nuit-en-auvergne_14062176\/\"><em>le journal La Montagne<\/em><\/a> du 17 d\u00e9cembre dernier en tous cas c&rsquo;est que Laurent Wauquiez s&rsquo;est empar\u00e9 de la question et va \u00e9crire une lettre \u00e0 ce sujet au Premier Ministre, missive cosign\u00e9e par tous les groupes politiques d&rsquo;Auvergne Rh\u00f4ne-Alpes.<br \/>\n&nbsp;<br \/>\n[fond jaune][noir]<strong>La solution de relier Aurillac par Brive vers Paris apparemment pas retenue par Djebarri<\/strong>[\/noir][\/fond jaune]<br \/>\n&nbsp;<br \/>\nAutre point, ce qui est \u00e9trange sur cette carte c&rsquo;est que la promesse de Jean Castex de relier Aurillac par Brive vers Paris \u00ab\u00a0avant la fin du mandat\u00a0\u00bb ne semble pas avoir \u00e9t\u00e9 retenue par son ministre&#8230;<br \/>\n &nbsp;<br \/>\nExtrait de l&rsquo;article de Laurent Bernard :<br \/>\n&nbsp;<br \/>\n<img loading=\"lazy\" decoding=\"async\" class=\" aligncenter size-full wp-image-3568\" src=\"http:\/\/5.45.101.177\/haut-allier\/usagers-transportse\/wp-content\/uploads\/2021\/12\/lamontagne-traindenuit-dec2021.jpg\" alt=\"lamontagne-traindenuit-dec2021.jpg\" align=\"center\" width=\"798\" height=\"1215\" srcset=\"https:\/\/usagers-transports.haut-allier.eu\/wp-content\/uploads\/2021\/12\/lamontagne-traindenuit-dec2021.jpg 798w, https:\/\/usagers-transports.haut-allier.eu\/wp-content\/uploads\/2021\/12\/lamontagne-traindenuit-dec2021-197x300.jpg 197w, https:\/\/usagers-transports.haut-allier.eu\/wp-content\/uploads\/2021\/12\/lamontagne-traindenuit-dec2021-673x1024.jpg 673w, https:\/\/usagers-transports.haut-allier.eu\/wp-content\/uploads\/2021\/12\/lamontagne-traindenuit-dec2021-768x1169.jpg 768w\" sizes=\"auto, (max-width: 798px) 100vw, 798px\" \/><br \/>\n&nbsp;<br \/>\n<strong>Que le pr\u00e9sident de r\u00e9gion questionne le gouvernement sur le retour des trains de nuit en Auvergne est un point positif dont le Collectif Oui au Train de nuit C\u00e9vennes Auvergne et le Collectif des Usagers des transports du Haut Allier se r\u00e9jouissent. Attendons la r\u00e9ponse des ministres, et aussi&#8230; l&rsquo;envoi de la lettre.<br \/>\n <\/strong> <\/p>\n","protected":false},"excerpt":{"rendered":"<p>En s\u00e9ance pl\u00e9ni\u00e8re les \u00e9lus r\u00e9gionaux se sont indign\u00e9s de l&rsquo;absence de train de nuit pr\u00e9vus pour le<\/p>\n","protected":false},"author":1,"featured_media":3566,"comment_status":"open","ping_status":"open","sticky":false,"template":"","format":"standard","meta":{"footnotes":""},"categories":[3],"tags":[],"class_list":["post-835","post","type-post","status-publish","format-standard","has-post-thumbnail","hentry","category-en-train"],"_links":{"self":[{"href":"https:\/\/usagers-transports.haut-allier.eu\/index.php\/wp-json\/wp\/v2\/posts\/835","targetHints":{"allow":["GET"]}}],"collection":[{"href":"https:\/\/usagers-transports.haut-allier.eu\/index.php\/wp-json\/wp\/v2\/posts"}],"about":[{"href":"https:\/\/usagers-transports.haut-allier.eu\/index.php\/wp-json\/wp\/v2\/types\/post"}],"author":[{"embeddable":true,"href":"https:\/\/usagers-transports.haut-allier.eu\/index.php\/wp-json\/wp\/v2\/users\/1"}],"replies":[{"embeddable":true,"href":"https:\/\/usagers-transports.haut-allier.eu\/index.php\/wp-json\/wp\/v2\/comments?post=835"}],"version-history":[{"count":0,"href":"https:\/\/usagers-transports.haut-allier.eu\/index.php\/wp-json\/wp\/v2\/posts\/835\/revisions"}],"wp:featuredmedia":[{"embeddable":true,"href":"https:\/\/usagers-transports.haut-allier.eu\/index.php\/wp-json\/wp\/v2\/media\/3566"}],"wp:attachment":[{"href":"https:\/\/usagers-transports.haut-allier.eu\/index.php\/wp-json\/wp\/v2\/media?parent=835"}],"wp:term":[{"taxonomy":"category","embeddable":true,"href":"https:\/\/usagers-transports.haut-allier.eu\/index.php\/wp-json\/wp\/v2\/categories?post=835"},{"taxonomy":"post_tag","embeddable":true,"href":"https:\/\/usagers-transports.haut-allier.eu\/index.php\/wp-json\/wp\/v2\/tags?post=835"}],"curies":[{"name":"wp","href":"https:\/\/api.w.org\/{rel}","templated":true}]}}