{"id":836,"date":"2021-12-20T18:51:42","date_gmt":"2021-12-20T17:51:42","guid":{"rendered":"http:\/\/5.45.101.177\/haut-allier\/usagers-transportse\/index.php\/2021\/12\/20\/etat-et-region-auvergne-rhone836\/"},"modified":"2021-12-20T18:51:42","modified_gmt":"2021-12-20T17:51:42","slug":"etat-et-region-auvergne-rhone836","status":"publish","type":"post","link":"https:\/\/usagers-transports.haut-allier.eu\/index.php\/2021\/12\/20\/etat-et-region-auvergne-rhone836\/","title":{"rendered":"Etat et r\u00e9gion Auvergne Rh\u00f4ne Alpes laissent tomber le r\u00e9seau ferroviaire du Livradois Forez"},"content":{"rendered":"<p>Edifiant <a href=\"https:\/\/www.lantenne.com\/Dans-le-Livradois-Forez-l-avenir-du-fret-s-inscrit-en-pointille_a58057.html\"><strong>article de l&rsquo;Antenne &#8211; Les transports au quotidien<\/strong><\/a>,  dans lequel on apprend que l&rsquo;Etat ainsi que la r\u00e9gion AuRA ne veulent pas aider le r\u00e9seau intercommunautaire du Livradois Forez \u00e0 sortir de l&rsquo;orni\u00e8re dans lequel il est embourb\u00e9. Pourtant c&rsquo;est un r\u00e9seau qui b\u00e9n\u00e9ficie d&rsquo;une partie fret avec l&rsquo;exploitation du tron\u00e7on Pont de Dore &#8211; Giroux pour l&rsquo;usine de traitement des vieux papiers de ce dernier village.<br \/>\n&nbsp;<br \/>\n<img loading=\"lazy\" decoding=\"async\" class=\" aligncenter size-full wp-image-3570\" src=\"http:\/\/5.45.101.177\/haut-allier\/usagers-transportse\/wp-content\/uploads\/2021\/12\/screenshot-www.lantenne.com-2021.12.20-18_22_56.jpg\" alt=\"screenshot-www.lantenne.com-2021.12.20-18_22_56.jpg\" align=\"center\" width=\"561\" height=\"1237\" srcset=\"https:\/\/usagers-transports.haut-allier.eu\/wp-content\/uploads\/2021\/12\/screenshot-www.lantenne.com-2021.12.20-18_22_56.jpg 561w, https:\/\/usagers-transports.haut-allier.eu\/wp-content\/uploads\/2021\/12\/screenshot-www.lantenne.com-2021.12.20-18_22_56-136x300.jpg 136w, https:\/\/usagers-transports.haut-allier.eu\/wp-content\/uploads\/2021\/12\/screenshot-www.lantenne.com-2021.12.20-18_22_56-464x1024.jpg 464w\" sizes=\"auto, (max-width: 561px) 100vw, 561px\" \/><br \/>\n&nbsp;<br \/>\n[fond jaune][noir]<strong>Un enseignement \u00e0 tirer pour les autres \u00ab\u00a0petites\u00a0\u00bb lignes d&rsquo;Auvergne<\/strong>[\/noir][\/fond jaune]<br \/>\n&nbsp;<br \/>\nS&rsquo;il y a une morale a cette histoire c&rsquo;est bien la suivante : la cession totale d&rsquo;une ligne ferroviaire qui appartient au r\u00e9seau national, autoris\u00e9e maintenant par la loi LOM, \u00e0 une intercommunalit\u00e9 ou m\u00eame une autre collectivit\u00e9 locale est impossible dans les faits car le co\u00fbt de maintenance de l&rsquo;infrastructure \u00e0 moyen terme se r\u00e9v\u00e9lera trop \u00e9lev\u00e9. Et encore la ligne du Livradois Forez ne comporte qu&rsquo;assez peu d&rsquo;ouvrages importants. Les budgets des communes, des intercommunalit\u00e9s n&rsquo;y suffiront jamais.<br \/>\n&nbsp;<br \/>\n<img loading=\"lazy\" decoding=\"async\" class=\" aligncenter size-full wp-image-3571\" src=\"http:\/\/5.45.101.177\/haut-allier\/usagers-transportse\/wp-content\/uploads\/2021\/12\/screenshot-www.geoportail.gouv_.fr-2021.12.20-18_39_02.jpg\" alt=\"screenshot-www.geoportail.gouv.fr-2021.12.20-18_39_02.jpg\" align=\"center\" width=\"570\" height=\"480\" srcset=\"https:\/\/usagers-transports.haut-allier.eu\/wp-content\/uploads\/2021\/12\/screenshot-www.geoportail.gouv_.fr-2021.12.20-18_39_02.jpg 570w, https:\/\/usagers-transports.haut-allier.eu\/wp-content\/uploads\/2021\/12\/screenshot-www.geoportail.gouv_.fr-2021.12.20-18_39_02-300x253.jpg 300w\" sizes=\"auto, (max-width: 570px) 100vw, 570px\" \/><br \/>\n&nbsp;<br \/>\nIl s&rsquo;agissait et il s&rsquo;agit toujours pour SNCF R\u00e9seau et l&rsquo;\u00e9tat de se d\u00e9barrasser avant tout de pans entiers du r\u00e9seau national, de les vendre aux collectivit\u00e9s le souhaitant, puis d&rsquo;obliger celles-ci \u00e0 les fermer sous des pr\u00e9textes techniques, de s\u00e9curit\u00e9, etc. Quand on s&rsquo;aper\u00e7oit que certains politiques proposent encore, pour \u00e9viter les fermetures &#8211; abandons de SNCF R\u00e9seau, aux collectivit\u00e9s la reprise de ces bouts de r\u00e9seau, on se dit qu&rsquo;ils sont bien malvoyants.<br \/>\n&nbsp;<br \/>\n[fond jaune][noir]<strong>D&rsquo;autres financeurs possibles ?<\/strong>[\/noir][\/fond jaune]<br \/>\n&nbsp;<br \/>\nCe sera tr\u00e8s difficile par exemple pour un d\u00e9partement comme celui du Puy-de-D\u00f4me qui dispose d&rsquo;un budget certain, d&rsquo;aider la structure puisque les conseils d\u00e9partementaux ont pour comp\u00e9tence l&rsquo;entretien des routes et pas des lignes ferr\u00e9es, m\u00eame d\u00e9class\u00e9es.<br \/>\n&nbsp;<br \/>\nL&rsquo;utilisation de la ligne par les trains touristiques <a href=\"https:\/\/agrivap.fr\/\"><strong> <em>AGRIVAP<\/em> <\/strong><\/a> semble \u00e9galement compromise selon l&rsquo;article.<br \/>\n&nbsp;<br \/>\n<a href=\"http:\/\/reseau-ferre-livradois-forez-velay.fr\/\"><em>Le lien vers le syndicat ferroviaire<\/em><\/a>.<br \/>\n&nbsp;<br \/>\nUn dossier beaucoup plus complet sur ce mini r\u00e9seau sur le site <a href=\"http:\/\/raildusud.canalblog.com\/archives\/2021\/12\/11\/39257130.html#utm_medium=email&#038;utm_source=notification&#038;utm_campaign=raildusud\"><em> <strong>rail du sud<\/strong> <\/em><\/a>.<br \/>\n&nbsp;<br \/>\nEt un bon article de la Montagne du 23 d\u00e9cembre : <a href=\"https:\/\/www.lamontagne.fr\/thiers-63300\/actualites\/le-syndicat-mixte-ferroviaire-du-livradois-forez-et-velay-cesse-le-fret-et-une-partie-du-trafic-touristique_14063606\/\"><em>Le Syndicat mixte ferroviaire du Livradois-Forez et Velay cesse le fret et une partie du trafic touristique<\/em><\/a>.<br \/>\n&nbsp;<br \/>\n<em>En logo la magnifique gare d&rsquo;Ambert.<\/em><br \/>\n&nbsp;<\/p>\n","protected":false},"excerpt":{"rendered":"<p>Edifiant article de l&rsquo;Antenne &#8211; Les transports au quotidien, dans lequel on apprend que l&rsquo;Etat ainsi que la<\/p>\n","protected":false},"author":1,"featured_media":3569,"comment_status":"open","ping_status":"open","sticky":false,"template":"","format":"standard","meta":{"footnotes":""},"categories":[3],"tags":[],"class_list":["post-836","post","type-post","status-publish","format-standard","has-post-thumbnail","hentry","category-en-train"],"_links":{"self":[{"href":"https:\/\/usagers-transports.haut-allier.eu\/index.php\/wp-json\/wp\/v2\/posts\/836","targetHints":{"allow":["GET"]}}],"collection":[{"href":"https:\/\/usagers-transports.haut-allier.eu\/index.php\/wp-json\/wp\/v2\/posts"}],"about":[{"href":"https:\/\/usagers-transports.haut-allier.eu\/index.php\/wp-json\/wp\/v2\/types\/post"}],"author":[{"embeddable":true,"href":"https:\/\/usagers-transports.haut-allier.eu\/index.php\/wp-json\/wp\/v2\/users\/1"}],"replies":[{"embeddable":true,"href":"https:\/\/usagers-transports.haut-allier.eu\/index.php\/wp-json\/wp\/v2\/comments?post=836"}],"version-history":[{"count":0,"href":"https:\/\/usagers-transports.haut-allier.eu\/index.php\/wp-json\/wp\/v2\/posts\/836\/revisions"}],"wp:featuredmedia":[{"embeddable":true,"href":"https:\/\/usagers-transports.haut-allier.eu\/index.php\/wp-json\/wp\/v2\/media\/3569"}],"wp:attachment":[{"href":"https:\/\/usagers-transports.haut-allier.eu\/index.php\/wp-json\/wp\/v2\/media?parent=836"}],"wp:term":[{"taxonomy":"category","embeddable":true,"href":"https:\/\/usagers-transports.haut-allier.eu\/index.php\/wp-json\/wp\/v2\/categories?post=836"},{"taxonomy":"post_tag","embeddable":true,"href":"https:\/\/usagers-transports.haut-allier.eu\/index.php\/wp-json\/wp\/v2\/tags?post=836"}],"curies":[{"name":"wp","href":"https:\/\/api.w.org\/{rel}","templated":true}]}}