{"id":837,"date":"2021-12-21T07:47:17","date_gmt":"2021-12-21T06:47:17","guid":{"rendered":"http:\/\/5.45.101.177\/haut-allier\/usagers-transportse\/index.php\/2021\/12\/21\/volet-trains-du-contrat-de-plan837\/"},"modified":"2021-12-21T07:47:17","modified_gmt":"2021-12-21T06:47:17","slug":"volet-trains-du-contrat-de-plan837","status":"publish","type":"post","link":"https:\/\/usagers-transports.haut-allier.eu\/index.php\/2021\/12\/21\/volet-trains-du-contrat-de-plan837\/","title":{"rendered":"Volet \u00ab\u00a0trains\u00a0\u00bb du Contrat de Plan Etat R\u00e9gion Auvergne Rh\u00f4ne Alpes 2021 &#8211; 2027 : donnez votre avis !"},"content":{"rendered":"<p>En particulier pour le volet \u00ab\u00a0ferroviaire\u00a0\u00bb donc qui, lui, ne sera effectif que fin 2022 voire 2023 comme <a href=\"https:\/\/usagers-transports.haut-allier.eu\/?region-auvergne-rhone-alpes,821\"><strong>nous vous l&rsquo;avions indiqu\u00e9<\/strong><\/a>.<br \/>\n&nbsp;<br \/>\nMais vous pouvez consulter ce qui est pr\u00e9vu et donner votre avis soit \u00e0 la r\u00e9gion soit \u00e0 la pr\u00e9fecture de r\u00e9gion AuRA <a href=\"https:\/\/www.prefectures-regions.gouv.fr\/auvergne-rhone-alpes\/Region-et-institutions\/L-action-de-l-Etat\/Amenagement-du-territoire-logement-transport-numerique\/Amenagement-du-territoire\/Les-Contrats-de-plan-Etat-Region\/Avis-de-consultation-du-public-sur-le-projet-de-Contrat-de-Plan-Etat-Region-Auvergne-Rhone-Alpes-2021-2027-CPER\"><strong>sur ce site<\/strong><\/a>.<br \/>\n&nbsp;<br \/>\nVos notes doivent \u00eatre envoy\u00e9es par mail \u00e0 <a href=\"mailto:consultation-publique-cper-2021-2027@auvergne-rhone-alpes.gouv.fr\"><em>consultation-publique-cper-2021-2027@auvergne-rhone-alpes.gouv.fr<\/em><\/a><br \/>\n&nbsp;<br \/>\n[fond jaune][noir]<strong>Attention date limite d&rsquo;envoi 5 janvier !<\/strong>[\/noir][\/fond jaune]<br \/>\n&nbsp;<br \/>\nAu cas o\u00f9 la page dispara\u00eetrait, sait-on jamais, voici le PDF consultable sur le volet ferroviaire :<br \/>\n&nbsp;<br \/>\n<a href=\"http:\/\/5.45.101.177\/haut-allier\/usagers-transportse\/wp-content\/uploads\/2021\/12\/fiche_annexe_04_mobilite_ferroviaire.pdf\">fiche_annexe_04_mobilite_ferroviaire.pdf<\/a><br \/>\n&nbsp;<br \/>\nPour comparaison voici aussi le volet Routes du plan :<br \/>\n&nbsp;<br \/>\n<a href=\"http:\/\/5.45.101.177\/haut-allier\/usagers-transportse\/wp-content\/uploads\/2021\/12\/fiche_annexe_05_mobilte_routes.pdf\">fiche_annexe_05_mobilte_routes.pdf<\/a><br \/>\n&nbsp;<br \/>\n&#8230;le volet Multimodalit\u00e9s<br \/>\n&nbsp;<br \/>\n<a href=\"http:\/\/5.45.101.177\/haut-allier\/usagers-transportse\/wp-content\/uploads\/2021\/12\/fiche_annexe_06_mobilite_multimodalite.pdf\">fiche_annexe_06_mobilite_multimodalite.pdf<\/a><br \/>\n&nbsp;<br \/>\n&#8230;et le volet Mobilit\u00e9s d\u00e9carbonn\u00e9es.<br \/>\n&nbsp;<br \/>\n<a href=\"http:\/\/5.45.101.177\/haut-allier\/usagers-transportse\/wp-content\/uploads\/2021\/12\/fiche_annexe_19_mobilites_decarbonees.pdf\">fiche_annexe_19_mobilites_decarbonees.pdf<\/a><br \/>\n&nbsp;<br \/>\n<strong>On s&rsquo;aper\u00e7oit que bien peu de choses sont pr\u00e9vues dans le volet Mobilit\u00e9s ferroviaires, il ne faut pas h\u00e9siter \u00e0 r\u00e9clamer que soient ajout\u00e9s, en nommant les choses clairement, un budget sp\u00e9cifique <em>pour la r\u00e9novation totale des \u00ab\u00a0petites\u00a0\u00bb lignes d&rsquo;Auvergne<\/em> ainsi qu&rsquo;un autre <em>pour la r\u00e9ouverture du tron\u00e7on Thiers Bo\u00ebn<\/em>. Et ce pour amener le budget ferroviaire \u00e0 une valeur \u00e9lev\u00e9e \u00e0 l&rsquo;image de ce que les autres r\u00e9gions alentours ont d\u00e9j\u00e0 mis sur pied.<br \/>\n<\/strong><\/p>\n","protected":false},"excerpt":{"rendered":"<p>En particulier pour le volet \u00ab\u00a0ferroviaire\u00a0\u00bb donc qui, lui, ne sera effectif que fin 2022 voire 2023 comme<\/p>\n","protected":false},"author":1,"featured_media":3572,"comment_status":"open","ping_status":"open","sticky":false,"template":"","format":"standard","meta":{"footnotes":""},"categories":[2],"tags":[],"class_list":["post-837","post","type-post","status-publish","format-standard","has-post-thumbnail","hentry","category-infos"],"_links":{"self":[{"href":"https:\/\/usagers-transports.haut-allier.eu\/index.php\/wp-json\/wp\/v2\/posts\/837","targetHints":{"allow":["GET"]}}],"collection":[{"href":"https:\/\/usagers-transports.haut-allier.eu\/index.php\/wp-json\/wp\/v2\/posts"}],"about":[{"href":"https:\/\/usagers-transports.haut-allier.eu\/index.php\/wp-json\/wp\/v2\/types\/post"}],"author":[{"embeddable":true,"href":"https:\/\/usagers-transports.haut-allier.eu\/index.php\/wp-json\/wp\/v2\/users\/1"}],"replies":[{"embeddable":true,"href":"https:\/\/usagers-transports.haut-allier.eu\/index.php\/wp-json\/wp\/v2\/comments?post=837"}],"version-history":[{"count":0,"href":"https:\/\/usagers-transports.haut-allier.eu\/index.php\/wp-json\/wp\/v2\/posts\/837\/revisions"}],"wp:featuredmedia":[{"embeddable":true,"href":"https:\/\/usagers-transports.haut-allier.eu\/index.php\/wp-json\/wp\/v2\/media\/3572"}],"wp:attachment":[{"href":"https:\/\/usagers-transports.haut-allier.eu\/index.php\/wp-json\/wp\/v2\/media?parent=837"}],"wp:term":[{"taxonomy":"category","embeddable":true,"href":"https:\/\/usagers-transports.haut-allier.eu\/index.php\/wp-json\/wp\/v2\/categories?post=837"},{"taxonomy":"post_tag","embeddable":true,"href":"https:\/\/usagers-transports.haut-allier.eu\/index.php\/wp-json\/wp\/v2\/tags?post=837"}],"curies":[{"name":"wp","href":"https:\/\/api.w.org\/{rel}","templated":true}]}}