{"id":838,"date":"2021-12-24T09:47:05","date_gmt":"2021-12-24T08:47:05","guid":{"rendered":"http:\/\/5.45.101.177\/haut-allier\/usagers-transportse\/index.php\/2021\/12\/24\/sous-les-sapins-bio-de-la-ligne838\/"},"modified":"2021-12-24T09:47:05","modified_gmt":"2021-12-24T08:47:05","slug":"sous-les-sapins-bio-de-la-ligne838","status":"publish","type":"post","link":"https:\/\/usagers-transports.haut-allier.eu\/index.php\/2021\/12\/24\/sous-les-sapins-bio-de-la-ligne838\/","title":{"rendered":"Sous les sapins bio de la ligne Thiers Bo\u00ebn, de bonnes f\u00eates de fin d&rsquo;ann\u00e9e en Auvergne !"},"content":{"rendered":"<p>C&rsquo;est avec les sapins de la voie ferr\u00e9e Thiers &#8211; Bo\u00ebn, en gare de Noir\u00e9table, limite Puy de D\u00f4me \/ Loire, au point culminant de la ligne d\u00e9fendue par nos amis de <a href=\"https:\/\/letrain634269.org\"><em>Letrain634269.org<\/em><\/a>, que nous vous souhaitons d&rsquo;excellentes f\u00eates de fin d&rsquo;ann\u00e9e 2021, en famille et entre proches.<br \/>\n&nbsp;<br \/>\n<img loading=\"lazy\" decoding=\"async\" class=\" aligncenter size-full wp-image-3578\" src=\"http:\/\/5.45.101.177\/haut-allier\/usagers-transportse\/wp-content\/uploads\/2021\/12\/jnn-zoom-1000.jpg\" alt=\"jnn-zoom-1000.jpg\" align=\"center\" width=\"909\" height=\"1000\" srcset=\"https:\/\/usagers-transports.haut-allier.eu\/wp-content\/uploads\/2021\/12\/jnn-zoom-1000.jpg 909w, https:\/\/usagers-transports.haut-allier.eu\/wp-content\/uploads\/2021\/12\/jnn-zoom-1000-273x300.jpg 273w, https:\/\/usagers-transports.haut-allier.eu\/wp-content\/uploads\/2021\/12\/jnn-zoom-1000-768x845.jpg 768w\" sizes=\"auto, (max-width: 909px) 100vw, 909px\" \/><br \/>\n&nbsp;<br \/>\nEt puis un peu d&rsquo;auto satisfaction aussi puisque notre site web est de plus en plus fr\u00e9quent\u00e9 : nous atteignons depuis novembre <strong>pr\u00e8s de 2000 visiteurs diff\u00e9rents chaque jour<\/strong>.<br \/>\n&nbsp;<br \/>\n<em>La progression depuis plusieurs ann\u00e9es :<\/em><br \/>\n<img loading=\"lazy\" decoding=\"async\" class=\" aligncenter size-full wp-image-3579\" src=\"http:\/\/5.45.101.177\/haut-allier\/usagers-transportse\/wp-content\/uploads\/2021\/12\/screenshot-usagers-transports.haut-allier.eu-2021.12.23-16_47_20.jpg\" alt=\"screenshot-usagers-transports.haut-allier.eu-2021.12.23-16_47_20.jpg\" align=\"center\" width=\"615\" height=\"339\" srcset=\"https:\/\/usagers-transports.haut-allier.eu\/wp-content\/uploads\/2021\/12\/screenshot-usagers-transports.haut-allier.eu-2021.12.23-16_47_20.jpg 615w, https:\/\/usagers-transports.haut-allier.eu\/wp-content\/uploads\/2021\/12\/screenshot-usagers-transports.haut-allier.eu-2021.12.23-16_47_20-300x165.jpg 300w\" sizes=\"auto, (max-width: 615px) 100vw, 615px\" \/><br \/>\n&nbsp;<br \/>\n<em>Et ces derniers mois :<\/em><br \/>\n<img loading=\"lazy\" decoding=\"async\" class=\" aligncenter size-full wp-image-3580\" src=\"http:\/\/5.45.101.177\/haut-allier\/usagers-transportse\/wp-content\/uploads\/2021\/12\/screenshot-usagers-transports.haut-allier.eu-2021.12.23-16_49_46.jpg\" alt=\"screenshot-usagers-transports.haut-allier.eu-2021.12.23-16_49_46.jpg\" align=\"center\" width=\"604\" height=\"344\" srcset=\"https:\/\/usagers-transports.haut-allier.eu\/wp-content\/uploads\/2021\/12\/screenshot-usagers-transports.haut-allier.eu-2021.12.23-16_49_46.jpg 604w, https:\/\/usagers-transports.haut-allier.eu\/wp-content\/uploads\/2021\/12\/screenshot-usagers-transports.haut-allier.eu-2021.12.23-16_49_46-300x171.jpg 300w\" sizes=\"auto, (max-width: 604px) 100vw, 604px\" \/><br \/>\n&nbsp;<br \/>\nGrand merci \u00e0 tous et toutes de votre int\u00e9r\u00eat pour la d\u00e9fense des lignes de train du Massif central !<br \/>\n&nbsp;<br \/>\nAllez, puisque c&rsquo;est vous, en exclu lulu les coulisses du beau sapin de la gare de Noir\u00e9table&#8230;<br \/>\n&nbsp;<br \/>\n<img loading=\"lazy\" decoding=\"async\" class=\" aligncenter size-full wp-image-3581\" src=\"http:\/\/5.45.101.177\/haut-allier\/usagers-transportse\/wp-content\/uploads\/2021\/12\/img_20211223_141404-1000.jpg\" alt=\"img_20211223_141404-1000.jpg\" align=\"center\" width=\"750\" height=\"1000\" srcset=\"https:\/\/usagers-transports.haut-allier.eu\/wp-content\/uploads\/2021\/12\/img_20211223_141404-1000.jpg 750w, https:\/\/usagers-transports.haut-allier.eu\/wp-content\/uploads\/2021\/12\/img_20211223_141404-1000-225x300.jpg 225w\" sizes=\"auto, (max-width: 750px) 100vw, 750px\" \/><br \/>\n&nbsp;<br \/>\n<img loading=\"lazy\" decoding=\"async\" class=\" aligncenter size-full wp-image-3582\" src=\"http:\/\/5.45.101.177\/haut-allier\/usagers-transportse\/wp-content\/uploads\/2021\/12\/img_20211223_143111-1000p.jpg\" alt=\"img_20211223_143111-1000p.jpg\" align=\"center\" width=\"750\" height=\"1000\" srcset=\"https:\/\/usagers-transports.haut-allier.eu\/wp-content\/uploads\/2021\/12\/img_20211223_143111-1000p.jpg 750w, https:\/\/usagers-transports.haut-allier.eu\/wp-content\/uploads\/2021\/12\/img_20211223_143111-1000p-225x300.jpg 225w\" sizes=\"auto, (max-width: 750px) 100vw, 750px\" \/><br \/>\n&nbsp;<br \/>\n<img loading=\"lazy\" decoding=\"async\" class=\" aligncenter size-full wp-image-3583\" src=\"http:\/\/5.45.101.177\/haut-allier\/usagers-transportse\/wp-content\/uploads\/2021\/12\/img_20211223_144326-1000.jpg\" alt=\"img_20211223_144326-1000.jpg\" align=\"center\" width=\"750\" height=\"1000\" srcset=\"https:\/\/usagers-transports.haut-allier.eu\/wp-content\/uploads\/2021\/12\/img_20211223_144326-1000.jpg 750w, https:\/\/usagers-transports.haut-allier.eu\/wp-content\/uploads\/2021\/12\/img_20211223_144326-1000-225x300.jpg 225w\" sizes=\"auto, (max-width: 750px) 100vw, 750px\" \/><br \/>\n&nbsp;<br \/>\n<em>[photos du Collectif letrain634269.org]<\/em><\/p>\n","protected":false},"excerpt":{"rendered":"<p>C&rsquo;est avec les sapins de la voie ferr\u00e9e Thiers &#8211; Bo\u00ebn, en gare de Noir\u00e9table, limite Puy de<\/p>\n","protected":false},"author":1,"featured_media":3577,"comment_status":"open","ping_status":"open","sticky":false,"template":"","format":"standard","meta":{"footnotes":""},"categories":[2],"tags":[],"class_list":["post-838","post","type-post","status-publish","format-standard","has-post-thumbnail","hentry","category-infos"],"_links":{"self":[{"href":"https:\/\/usagers-transports.haut-allier.eu\/index.php\/wp-json\/wp\/v2\/posts\/838","targetHints":{"allow":["GET"]}}],"collection":[{"href":"https:\/\/usagers-transports.haut-allier.eu\/index.php\/wp-json\/wp\/v2\/posts"}],"about":[{"href":"https:\/\/usagers-transports.haut-allier.eu\/index.php\/wp-json\/wp\/v2\/types\/post"}],"author":[{"embeddable":true,"href":"https:\/\/usagers-transports.haut-allier.eu\/index.php\/wp-json\/wp\/v2\/users\/1"}],"replies":[{"embeddable":true,"href":"https:\/\/usagers-transports.haut-allier.eu\/index.php\/wp-json\/wp\/v2\/comments?post=838"}],"version-history":[{"count":0,"href":"https:\/\/usagers-transports.haut-allier.eu\/index.php\/wp-json\/wp\/v2\/posts\/838\/revisions"}],"wp:featuredmedia":[{"embeddable":true,"href":"https:\/\/usagers-transports.haut-allier.eu\/index.php\/wp-json\/wp\/v2\/media\/3577"}],"wp:attachment":[{"href":"https:\/\/usagers-transports.haut-allier.eu\/index.php\/wp-json\/wp\/v2\/media?parent=838"}],"wp:term":[{"taxonomy":"category","embeddable":true,"href":"https:\/\/usagers-transports.haut-allier.eu\/index.php\/wp-json\/wp\/v2\/categories?post=838"},{"taxonomy":"post_tag","embeddable":true,"href":"https:\/\/usagers-transports.haut-allier.eu\/index.php\/wp-json\/wp\/v2\/tags?post=838"}],"curies":[{"name":"wp","href":"https:\/\/api.w.org\/{rel}","templated":true}]}}