{"id":839,"date":"2022-01-02T09:47:11","date_gmt":"2022-01-02T08:47:11","guid":{"rendered":"http:\/\/5.45.101.177\/haut-allier\/usagers-transportse\/index.php\/2022\/01\/02\/devegetalisation-des-voies-la-sncf839\/"},"modified":"2022-01-02T09:47:11","modified_gmt":"2022-01-02T08:47:11","slug":"devegetalisation-des-voies-la-sncf839","status":"publish","type":"post","link":"https:\/\/usagers-transports.haut-allier.eu\/index.php\/2022\/01\/02\/devegetalisation-des-voies-la-sncf839\/","title":{"rendered":"D\u00e9v\u00e9g\u00e9talisation des voies : la SNCF abandonne le glyphosate d\u00e8s ce printemps"},"content":{"rendered":"<p>D\u00e9sherber les voies ferroviaires au glyphosate sera d\u00e8s ce mois-ci de l\u2019histoire ancienne pour la SNCF, la plus grande utilisatrice du produit controvers\u00e9 de Monsento.<br \/>\n&nbsp;<br \/>\nCe sont 38 tonnes asperg\u00e9es sur les rails par an de cet herbicide accus\u00e9 entre autres de provoquer des cancers. D&rsquo;ici le printemps, le groupe s&rsquo;engage \u00e0 consommer un autre produit moins toxique mais moins efficace et plus cher. Cela devrait pourtant lui permettre de d\u00e9sherber convenablement les voies.<br \/>\n&nbsp;<br \/>\n<em>Un train d\u00e9sherbeur SNCF<\/em><br \/>\n<img loading=\"lazy\" decoding=\"async\" class=\" aligncenter size-full wp-image-3585\" src=\"http:\/\/5.45.101.177\/haut-allier\/usagers-transportse\/wp-content\/uploads\/2022\/01\/tdesherb.jpg\" alt=\"tdesherb.jpg\" align=\"center\" width=\"1500\" height=\"1016\" srcset=\"https:\/\/usagers-transports.haut-allier.eu\/wp-content\/uploads\/2022\/01\/tdesherb.jpg 1500w, https:\/\/usagers-transports.haut-allier.eu\/wp-content\/uploads\/2022\/01\/tdesherb-300x203.jpg 300w, https:\/\/usagers-transports.haut-allier.eu\/wp-content\/uploads\/2022\/01\/tdesherb-1024x694.jpg 1024w, https:\/\/usagers-transports.haut-allier.eu\/wp-content\/uploads\/2022\/01\/tdesherb-768x520.jpg 768w\" sizes=\"auto, (max-width: 1500px) 100vw, 1500px\" \/><br \/>\n&nbsp;<br \/>\nLa SNCF s&rsquo;\u00e9tait engag\u00e9e \u00e0 ne plus utiliser ce poison \u00e0 partir de la fin 2021, se conformant \u00e0 une promesse, bien renvoy\u00e9e aux oubliettes, du pr\u00e9sident Macron d&rsquo;en interdire l&rsquo;utilisation. Rappelons aussi que l&rsquo;Union europ\u00e9enne, c\u00e9dant au lobbies de la chimie, l&rsquo;a r\u00e9autoris\u00e9 jusqu&rsquo;en d\u00e9cembre 2022.<br \/>\n&nbsp;<br \/>\n\u00ab\u00a0SNCF R\u00e9seau n&#8217;emploiera plus de glyphosate en 2022, conform\u00e9ment \u00e0 ses engagements\u00a0\u00bb, a annonc\u00e9 le 28 d\u00e9cembre un porte-parole charg\u00e9 des projets, de la maintenance et de l&rsquo;exploitation des voies ferr\u00e9es.<br \/>\n&nbsp;<br \/>\n\u00ab\u00a0Nous travaillons sur des solutions alternatives de traitement, ainsi que leurs modalit\u00e9s d&#8217;emploi, en vue de la prochaine p\u00e9riode de traitement\u00a0\u00bb au printemps, poursuit-il.<br \/>\n&nbsp;<br \/>\n[fond noir][blanc]<strong>Quel produit de substitution ?<\/strong>[\/blanc][\/fond noir]<br \/>\n&nbsp;<br \/>\nSNCF R\u00e9seau utilisera un produit compos\u00e9 de 95% d&rsquo;acide p\u00e9largonique, substance bio utilisant des produits naturels, et d&rsquo;une mol\u00e9cule de synth\u00e8se de la famille des sulfonylur\u00e9es. C\u2019est un produit non polluant et pas dangereux. Mais cette solution est quand m\u00eame moins efficace, plus ch\u00e8re, plus visqueuse et obligera \u00e0 charger de plus grands volumes.<br \/>\n&nbsp;<br \/>\nL&rsquo;acide p\u00e9largonique est naturellement pr\u00e9sent dans les g\u00e9raniums par exemple et convient pour lutter contre les chardons, le pissenlit, les orties, les herbes cultiv\u00e9es, les mauvaises herbes \u00e0 larges feuilles, la mousse, les algues&#8230;<br \/>\n&nbsp;<br \/>\nLa solution sera utilis\u00e9e uniquement sur les voies et les pistes, les abords eux seront fauch\u00e9s conform\u00e9ment \u00e0 la loi Egalim \u00ab\u00a0pour l&rsquo;\u00e9quilibre des relations commerciales dans le secteur agricole et alimentaire et une alimentation saine, durable et accessible \u00e0 tous\u00a0\u00bb.<br \/>\n&nbsp;<br \/>\n[fond noir][blanc]<strong>Une excellente nouvelle pour l\u2019environnement<\/strong>[\/blanc][\/fond noir]<br \/>\n&nbsp;<br \/>\nLes riverains des voies ferr\u00e9es appr\u00e9cieront s\u00fbrement. Eux qui voit souvent l&rsquo;herbicide d\u00e9border dans leurs jardins. D\u00e9sherber constitue un imp\u00e9ratif de s\u00e9curit\u00e9 pour la soci\u00e9t\u00e9 ferroviaire: la v\u00e9g\u00e9tation retient l&rsquo;eau et d\u00e9forme la plateforme de ses 30 000 km de lignes. De plus les herbes peuvent g\u00eaner les appareils \u00e0 laser v\u00e9rifiant l&rsquo;\u00e9cartement des voies.<br \/>\n&nbsp;<br \/>\nAu sujet des pistes longeant les voies, elles doivent imp\u00e9rativement \u00eatre d\u00e9gag\u00e9es puisque les agents doivent se d\u00e9placer rapidement et le \u00e9ventuellement \u00e9vacuer les voyageurs en cas d&rsquo;incident.<br \/>\n&nbsp;<br \/>\nL&rsquo;annonce est unanimement salu\u00e9e par les associations de protection de l\u2019environnement. F\u00e9licitons pour une fois la SNCF qui tient ses engagements.<br \/>\n&nbsp;<br \/>\nLe surco\u00fbt de maintenance li\u00e9 \u00e0 ce changement strat\u00e9gique est estim\u00e9 \u00e0 100 millions d&rsquo;euros par an, une somme inscrite au plan de relance du gouvernement. <\/p>\n","protected":false},"excerpt":{"rendered":"<p>D\u00e9sherber les voies ferroviaires au glyphosate sera d\u00e8s ce mois-ci de l\u2019histoire ancienne pour la SNCF, la plus<\/p>\n","protected":false},"author":1,"featured_media":3584,"comment_status":"open","ping_status":"open","sticky":false,"template":"","format":"standard","meta":{"footnotes":""},"categories":[2],"tags":[],"class_list":["post-839","post","type-post","status-publish","format-standard","has-post-thumbnail","hentry","category-infos"],"_links":{"self":[{"href":"https:\/\/usagers-transports.haut-allier.eu\/index.php\/wp-json\/wp\/v2\/posts\/839","targetHints":{"allow":["GET"]}}],"collection":[{"href":"https:\/\/usagers-transports.haut-allier.eu\/index.php\/wp-json\/wp\/v2\/posts"}],"about":[{"href":"https:\/\/usagers-transports.haut-allier.eu\/index.php\/wp-json\/wp\/v2\/types\/post"}],"author":[{"embeddable":true,"href":"https:\/\/usagers-transports.haut-allier.eu\/index.php\/wp-json\/wp\/v2\/users\/1"}],"replies":[{"embeddable":true,"href":"https:\/\/usagers-transports.haut-allier.eu\/index.php\/wp-json\/wp\/v2\/comments?post=839"}],"version-history":[{"count":0,"href":"https:\/\/usagers-transports.haut-allier.eu\/index.php\/wp-json\/wp\/v2\/posts\/839\/revisions"}],"wp:featuredmedia":[{"embeddable":true,"href":"https:\/\/usagers-transports.haut-allier.eu\/index.php\/wp-json\/wp\/v2\/media\/3584"}],"wp:attachment":[{"href":"https:\/\/usagers-transports.haut-allier.eu\/index.php\/wp-json\/wp\/v2\/media?parent=839"}],"wp:term":[{"taxonomy":"category","embeddable":true,"href":"https:\/\/usagers-transports.haut-allier.eu\/index.php\/wp-json\/wp\/v2\/categories?post=839"},{"taxonomy":"post_tag","embeddable":true,"href":"https:\/\/usagers-transports.haut-allier.eu\/index.php\/wp-json\/wp\/v2\/tags?post=839"}],"curies":[{"name":"wp","href":"https:\/\/api.w.org\/{rel}","templated":true}]}}