{"id":84,"date":"2013-10-24T08:42:07","date_gmt":"2013-10-24T06:42:07","guid":{"rendered":"http:\/\/5.45.101.177\/haut-allier\/usagers-transportse\/index.php\/2013\/10\/24\/privatisation-du-train-jaune-de084\/"},"modified":"2013-10-24T08:42:07","modified_gmt":"2013-10-24T06:42:07","slug":"privatisation-du-train-jaune-de084","status":"publish","type":"post","link":"https:\/\/usagers-transports.haut-allier.eu\/index.php\/2013\/10\/24\/privatisation-du-train-jaune-de084\/","title":{"rendered":"Privatisation du train jaune de Cerdagne Capcir : le pr\u00e9sident du Languedoc Roussillon s&rsquo;exprime"},"content":{"rendered":"<p><img loading=\"lazy\" decoding=\"async\" class=\" aligncenter size-full wp-image-1506\" src=\"http:\/\/5.45.101.177\/haut-allier\/usagers-transportse\/wp-content\/uploads\/2013\/10\/train_jaune_la_clau.jpg\" alt=\"train_jaune_la_clau.jpg\" align=\"center\" width=\"611\" height=\"494\" srcset=\"https:\/\/usagers-transports.haut-allier.eu\/wp-content\/uploads\/2013\/10\/train_jaune_la_clau.jpg 611w, https:\/\/usagers-transports.haut-allier.eu\/wp-content\/uploads\/2013\/10\/train_jaune_la_clau-300x243.jpg 300w\" sizes=\"auto, (max-width: 611px) 100vw, 611px\" \/><\/p>\n<p>Christian Bourquin vient de s&rsquo;exprimer sur France Bleu Roussillon ce jeudi 24 octobre sur la privatisation \u00e9ventuelle du train jaune crainte par le syndicat de cheminots CGT. Voici la retranscription int\u00e9grale du sujet du journal de 8 heures :<\/p>\n<p>[(<br \/>\nLe train jaune va-t-il \u00eatre privatis\u00e9\u00a0?<br \/>\n&nbsp;<br \/>\nC\u2019est en tout cas une crainte de la CGT qui s\u2019inqui\u00e8te du devenir de ce train qui relie Villefranche de Conflent \u00e0 la Cerdane, une ligne embl\u00e9matique certes mais qui coute cher avec un d\u00e9ficit de plus de 7 millions par an, alors le syndicat pense que la SNCF va tout simplement l\u2019abandonner.<br \/>\n&nbsp;<br \/>\nSi c\u2019\u00e9tait le cas le train jaune serait sorti du r\u00e9seau TER et deviendrait un train touristique comme le train rouge qui circule entre Rivesaltes et Fenouill\u00e8des. Toujours selon la CGT il y aurait un prix unique, 14 euros l\u2019all\u00e9 simple quel que soit le nombre de kilom\u00e8tres parcourus, 20 euros l\u2019aller \u2013 retour. Autre piste envisag\u00e9e s\u2019il n\u2019y a pas privatisation\u00a0: r\u00e9duire la voilure en diminuant les cadences par exemple, le nombre de trains par p\u00e9riode, \u00e0 certains moments de l\u2019ann\u00e9e c\u2019est simple le canari pourrait ne plus du tout rouler. Enfin si on ne baisse pas la cadence on pourrait jouer sur les distances, le trajet du train jaune serait raccourcit, on ne garderait que la partie touristique entre Villefranche et Font-Romeu, et le reste serait ferm\u00e9, c\u2019est \u00e0 dire quasiment la moiti\u00e9 de la ligne du train jaune.<br \/>\n&nbsp;<br \/>\nAlors faut il craindre la privatisation du train jaune ? Pour Christian Bourquin le patron de la r\u00e9gion le syndicat se trompe de combat\u00a0:<br \/>\n&nbsp;<br \/>\n<strong><br \/>\n<em>\u00ab\u00a0Aujourd\u2019hui la CGT dit je veux pas de privatisation, \u00e9coutez vous croyez qu\u2019il y a un priv\u00e9 qui veux venir prendre une ligne o\u00f9 il faut faire 60 millions de travaux, o\u00f9 il y a un d\u00e9ficit de 7.5 millions par an\u00a0? Je veux dire c\u2019est pas s\u00e9rieux\u00a0! Aujourd\u2019hui c\u2019est pas de privatisation dont il faut avoir peur, c\u2019est de disparition. Et si dans le nouveau mod\u00e8le \u00e9conomique on commence \u00e0 dire moi je veux pas \u00e7a, \u00e7a vous vous en sortirez jamais. Laissez d\u00e9velopper des options si d\u00e9j\u00e0 il y a des options c\u2019est d\u00e9j\u00e0 pas mal, et j\u2019appelle la CGT \u00e0 \u00eatre beaucoup plus ouverte sur tout \u00e7a.\u00a0\u00bb<\/em><br \/>\n<\/strong><br \/>\n&nbsp;<br \/>\nLa CGT qui organise une soir\u00e9e d\u00e9bat sur le train jaune, \u00e7a se passera ce soir \u00e0 18h \u00e0 Font-Romeu.<br \/>\n)]<\/p>\n","protected":false},"excerpt":{"rendered":"<p>Christian Bourquin vient de s&rsquo;exprimer sur France Bleu Roussillon ce jeudi 24 octobre sur la privatisation \u00e9ventuelle du<\/p>\n","protected":false},"author":1,"featured_media":1505,"comment_status":"closed","ping_status":"open","sticky":false,"template":"","format":"standard","meta":{"footnotes":""},"categories":[2],"tags":[],"class_list":["post-84","post","type-post","status-publish","format-standard","has-post-thumbnail","hentry","category-infos"],"_links":{"self":[{"href":"https:\/\/usagers-transports.haut-allier.eu\/index.php\/wp-json\/wp\/v2\/posts\/84","targetHints":{"allow":["GET"]}}],"collection":[{"href":"https:\/\/usagers-transports.haut-allier.eu\/index.php\/wp-json\/wp\/v2\/posts"}],"about":[{"href":"https:\/\/usagers-transports.haut-allier.eu\/index.php\/wp-json\/wp\/v2\/types\/post"}],"author":[{"embeddable":true,"href":"https:\/\/usagers-transports.haut-allier.eu\/index.php\/wp-json\/wp\/v2\/users\/1"}],"replies":[{"embeddable":true,"href":"https:\/\/usagers-transports.haut-allier.eu\/index.php\/wp-json\/wp\/v2\/comments?post=84"}],"version-history":[{"count":0,"href":"https:\/\/usagers-transports.haut-allier.eu\/index.php\/wp-json\/wp\/v2\/posts\/84\/revisions"}],"wp:featuredmedia":[{"embeddable":true,"href":"https:\/\/usagers-transports.haut-allier.eu\/index.php\/wp-json\/wp\/v2\/media\/1505"}],"wp:attachment":[{"href":"https:\/\/usagers-transports.haut-allier.eu\/index.php\/wp-json\/wp\/v2\/media?parent=84"}],"wp:term":[{"taxonomy":"category","embeddable":true,"href":"https:\/\/usagers-transports.haut-allier.eu\/index.php\/wp-json\/wp\/v2\/categories?post=84"},{"taxonomy":"post_tag","embeddable":true,"href":"https:\/\/usagers-transports.haut-allier.eu\/index.php\/wp-json\/wp\/v2\/tags?post=84"}],"curies":[{"name":"wp","href":"https:\/\/api.w.org\/{rel}","templated":true}]}}