{"id":840,"date":"2022-01-03T15:20:27","date_gmt":"2022-01-03T14:20:27","guid":{"rendered":"http:\/\/5.45.101.177\/haut-allier\/usagers-transportse\/index.php\/2022\/01\/03\/interdiction-de-manger-et-boire840\/"},"modified":"2022-01-03T15:20:27","modified_gmt":"2022-01-03T14:20:27","slug":"interdiction-de-manger-et-boire840","status":"publish","type":"post","link":"https:\/\/usagers-transports.haut-allier.eu\/index.php\/2022\/01\/03\/interdiction-de-manger-et-boire840\/","title":{"rendered":"Interdiction de manger et boire dans les trains : les voyageurs exigent des perfusions gratuites"},"content":{"rendered":"<p>Le premier ministre Jean Castex dans sa grande humanit\u00e9 et son immense horreur de la technocratie vient d&rsquo;interdire d&rsquo;enlever le masque dans les transports publics pour consommer, que ce soit de la boisson ou de la nourriture. La mesure est radicale mais indispensable bien entendu. Souhaitons n\u00e9anmoins que nous soyons encore autoris\u00e9s \u00e0 respirer dans les transports dans les prochaines semaines.<br \/>\n&nbsp;<br \/>\n<img loading=\"lazy\" decoding=\"async\" class=\" aligncenter size-full wp-image-3587\" src=\"http:\/\/5.45.101.177\/haut-allier\/usagers-transportse\/wp-content\/uploads\/2022\/01\/jean_castex_conference_de_presse_covid_19_omicron.png\" alt=\"jean_castex_conference_de_presse_covid_19_omicron.png\" align=\"center\" width=\"243\" height=\"210\" \/><\/p>\n<p>Les usagers demandent \u00e0 la SNCF, qui devrait \u00eatre consciente de la \u00ab\u00a0g\u00eane occasionn\u00e9e\u00a0\u00bb par cette d\u00e9cision, surtout lors des longs trajets, et qui devrait \u00eatre soucieuse du confort des plus fragiles, enfants et les personnes \u00e2g\u00e9es, de faire au moins une fois une annonce qui ferait date : la distribution gratuite par les contr\u00f4leurs \u00e0 bord des trains de perfusions de nourrissage aux voyageurs et ce sur simple demande.<br \/>\n&nbsp;<br \/>\nNous souhaitons que la date de la mise en place de l&rsquo;op\u00e9ration sur le r\u00e9seau soit tr\u00e8s rapide si possible vers fin janvier prochain. Et ce sans surco\u00fbt du prix du billet.<br \/>\n&nbsp;<br \/>\n[fond noir][blanc]<strong>Les ar\u00f4mes qui pourraient nous contenter<\/strong>[\/blanc][\/fond noir]<br \/>\n&nbsp;<br \/>\nUn petit choix de saveurs \u00ab\u00a0ressenties\u00a0\u00bb, donc virtuelles et limit\u00e9es \u00e0 la couleur du liquide, serait propos\u00e9 gratuitement : tomate &#8211; concombre ou citron &#8211; gingembre pour les v\u00e9gans et les v\u00e9g\u00e9tariens, poulet aux \u00e9pices, porc au caramel pour les autres, ou encore orange fluo ou neutre, sans ressenti. On s&rsquo;en pourl\u00e8che d\u00e9j\u00e0 les babines dans le respect des gestes barri\u00e8re \u00e9videmment.<br \/>\n&nbsp;<br \/>\n[fond noir][blanc]<strong>Oui mais des perfusion alimentaires r\u00e9alis\u00e9es par qui ?<\/strong>[\/blanc][\/fond noir]<br \/>\n&nbsp;<br \/>\nPar le personnel de bord, les contr\u00f4leurs, arborant la tenue vestimentaire ad\u00e9quate, mi &#8211; uniforme SNCF mi &#8211; habit de protection m\u00e9dicale, avec casaque, blouse et gants chirurgicaux aux couleurs \u00ab\u00a0rouge carmillon\u00a0\u00bb [registered], seule couleur autoris\u00e9e par la soci\u00e9t\u00e9 de voyages, qui serait habilit\u00e9, apr\u00e8s un stage de 48 heures et apr\u00e8s publication du d\u00e9cret minist\u00e9riel, \u00e0 op\u00e9rer les injections sous cutan\u00e9es et intraveineuses, \u00e0 poser les cath\u00e9ters sur les passagers qui en feraient la demande, gracieusement nous le demandons.<br \/>\n&nbsp;<br \/>\nDe plus pour tester d&rsquo;\u00e9ventuels manques d&rsquo;oxyg\u00e8ne et les rares d\u00e9ficiences des syst\u00e8mes d&rsquo;a\u00e9ration, nous demandons la distribution d&rsquo;un oxym\u00e8tre de pouls en fin de repas (d&rsquo;injection). Les voyageurs pourront n\u00e9anmoins le rendre au contr\u00f4leur lors de la sortie de la voiture.<br \/>\n&nbsp;<br \/>\n<em>Nous savons que les contr\u00f4leurs se forment d\u00e8s aujourd&rsquo;hui aux gestes nourrisseurs. Ici l&rsquo;introduction de la perfusion sur un jeune passager. C&rsquo;est bien pourquoi notre demande nous para\u00eet juste et argument\u00e9e.<\/em><br \/>\n<img loading=\"lazy\" decoding=\"async\" class=\" aligncenter size-full wp-image-3588\" src=\"http:\/\/5.45.101.177\/haut-allier\/usagers-transportse\/wp-content\/uploads\/2022\/01\/injection-perfusion.jpg\" alt=\"injection-perfusion.jpg\" align=\"center\" width=\"433\" height=\"231\" srcset=\"https:\/\/usagers-transports.haut-allier.eu\/wp-content\/uploads\/2022\/01\/injection-perfusion.jpg 433w, https:\/\/usagers-transports.haut-allier.eu\/wp-content\/uploads\/2022\/01\/injection-perfusion-300x160.jpg 300w\" sizes=\"auto, (max-width: 433px) 100vw, 433px\" \/><br \/>\n&nbsp;<br \/>\nAlors que jusqu&rsquo;\u00e0 pr\u00e9sent les trains fran\u00e7ais g\u00e9r\u00e9s par la SNCF sont r\u00e9put\u00e9s pour leur absence de services \u00e0 bord, m\u00eame l&rsquo;eau potable y est indisponible gratuitement, dans les gares \u00e9galement o\u00f9 voil\u00e0 pr\u00e8s de 40 ans les fontaines sont coup\u00e9es, <strong>les usagers ne pourront que saluer ce d\u00e9but de retour de service<\/strong>. Avec l&rsquo;arriv\u00e9e de la concurrence un effort de la soci\u00e9t\u00e9 historique nous para\u00eet judicieux.<br \/>\n&nbsp;<br \/>\nGrand merci au gouvernement qui nous donne avec cette interdiction de manger et boire l&rsquo;occasion de r\u00eaver \u00e0 une soci\u00e9t\u00e9 plus humaine, plus vivable. Messieurs, vous enchantez nos d\u00e9placements.<br \/>\n&nbsp;<br \/>\n<strong>Mais s&rsquo;il vous pla\u00eet, encore un effort, d&rsquo;autres mesures nous paraissent essentielles pour juguler la transmission du vilain virus : comme sous le g\u00e9n\u00e9ral Franco en Espagne et en Catalogne, l&rsquo;interdiction de parler trop haut et de chanter dans les lieux publics est aussi indispensable. Nous sugg\u00e9rons que ce soit la prochaine \u00e9tape.<\/strong><br \/>\n&nbsp;<\/p>\n","protected":false},"excerpt":{"rendered":"<p>Le premier ministre Jean Castex dans sa grande humanit\u00e9 et son immense horreur de la technocratie vient d&rsquo;interdire<\/p>\n","protected":false},"author":1,"featured_media":3586,"comment_status":"open","ping_status":"open","sticky":false,"template":"","format":"standard","meta":{"footnotes":""},"categories":[2],"tags":[],"class_list":["post-840","post","type-post","status-publish","format-standard","has-post-thumbnail","hentry","category-infos"],"_links":{"self":[{"href":"https:\/\/usagers-transports.haut-allier.eu\/index.php\/wp-json\/wp\/v2\/posts\/840","targetHints":{"allow":["GET"]}}],"collection":[{"href":"https:\/\/usagers-transports.haut-allier.eu\/index.php\/wp-json\/wp\/v2\/posts"}],"about":[{"href":"https:\/\/usagers-transports.haut-allier.eu\/index.php\/wp-json\/wp\/v2\/types\/post"}],"author":[{"embeddable":true,"href":"https:\/\/usagers-transports.haut-allier.eu\/index.php\/wp-json\/wp\/v2\/users\/1"}],"replies":[{"embeddable":true,"href":"https:\/\/usagers-transports.haut-allier.eu\/index.php\/wp-json\/wp\/v2\/comments?post=840"}],"version-history":[{"count":0,"href":"https:\/\/usagers-transports.haut-allier.eu\/index.php\/wp-json\/wp\/v2\/posts\/840\/revisions"}],"wp:featuredmedia":[{"embeddable":true,"href":"https:\/\/usagers-transports.haut-allier.eu\/index.php\/wp-json\/wp\/v2\/media\/3586"}],"wp:attachment":[{"href":"https:\/\/usagers-transports.haut-allier.eu\/index.php\/wp-json\/wp\/v2\/media?parent=840"}],"wp:term":[{"taxonomy":"category","embeddable":true,"href":"https:\/\/usagers-transports.haut-allier.eu\/index.php\/wp-json\/wp\/v2\/categories?post=840"},{"taxonomy":"post_tag","embeddable":true,"href":"https:\/\/usagers-transports.haut-allier.eu\/index.php\/wp-json\/wp\/v2\/tags?post=840"}],"curies":[{"name":"wp","href":"https:\/\/api.w.org\/{rel}","templated":true}]}}