{"id":841,"date":"2022-01-03T23:04:27","date_gmt":"2022-01-03T22:04:27","guid":{"rendered":"http:\/\/5.45.101.177\/haut-allier\/usagers-transportse\/index.php\/2022\/01\/03\/reouvertures-de-lignes841\/"},"modified":"2022-01-03T23:04:27","modified_gmt":"2022-01-03T22:04:27","slug":"reouvertures-de-lignes841","status":"publish","type":"post","link":"https:\/\/usagers-transports.haut-allier.eu\/index.php\/2022\/01\/03\/reouvertures-de-lignes841\/","title":{"rendered":"R\u00e9ouvertures de lignes ferroviaires en Auvergne Rh\u00f4ne Alpes : pourquoi tant d&rsquo;h\u00e9sitations ?"},"content":{"rendered":"<p>Les autres r\u00e9gions op\u00e8rent depuis une quinzaine d&rsquo;ann\u00e9es de nombreuses r\u00e9ouvertures de lignes. Tr\u00e8s peu pour le moment dans la r\u00e9gion de Laurent Wauquiez. Nous nous interrogeons sur les raisons.<br \/>\n&nbsp;<br \/>\n[fond noir][blanc]<strong>Les r\u00e9ouvertures : une n\u00e9cessit\u00e9 pour les habitants<\/strong>[\/blanc][\/fond noir]<br \/>\n&nbsp;<br \/>\nScandaleusement abandonn\u00e9es et amen\u00e9es vers l&rsquo;agonie par la SNCF qui en avait pourtant la charge depuis 1938 ainsi que par l&rsquo;\u00e9tat fran\u00e7ais \u00e0 partir des ann\u00e9es 60, ce dernier n&rsquo;ayant voulu investir que dans les grandes lignes TGV et le tout automobile, les tendances climatiques et la forte demande des citoyens \u00e0 r\u00e9duire l&rsquo;impact carbone des d\u00e9placements devraient r\u00e9orienter les volont\u00e9s de nos politiques et des technocrates parisiens afin de les remettre en course.<br \/>\n&nbsp;<br \/>\nCertains l&rsquo;ont d&rsquo;ailleurs bien compris, et toutes tendances politiques confondues la plupart des pr\u00e9sidents de r\u00e9gion appuient d\u00e9sormais fortement les projets de r\u00e9ouverture de lignes. Ce n&rsquo;est jamais chose facile puisque les demandes sont obligatoirement adress\u00e9es puis men\u00e9es pour le moment par SNCF R\u00e9seau et l&rsquo;\u00e9tat, ceux qui ont justement tout fait pour d\u00e9plumer le r\u00e9seau national des liaisons qu&rsquo;ils jugeaient non rentables. Oubliant en cela leur mission premi\u00e8re d&rsquo;assurer au public un service \u00e9galitaire et une couverture du territoire national \u00e9quilibr\u00e9e. Les notions honteuses de \u00ab\u00a0petites lignes\u00a0\u00bb, de \u00ab\u00a0lignes de desserte fine\u00a0\u00bb invent\u00e9es sous l&rsquo;\u00e8re de Guillaume P\u00e9py l&rsquo;ex PDG de la SNCF, en disaient long sur la volont\u00e9 destructrice du gugusse, il y a quelques ann\u00e9es seulement.<br \/>\n&nbsp;<br \/>\n[fond noir][blanc]<strong>Des exemples de r\u00e9ouvertures r\u00e9ussies<\/strong>[\/blanc][\/fond noir]<br \/>\n&nbsp;<br \/>\nIl suffit que la volont\u00e9 politique, qui a chang\u00e9 de camp maintenant puisque ce sont les r\u00e9gions qui g\u00e8rent les transports r\u00e9gionaux et qui ont donc leur mot \u00e0 dire sur le r\u00e9seau qu&rsquo;elle doivent utiliser, il suffit que la volont\u00e9 des \u00e9diles r\u00e9gionaux donc soit forte et l&rsquo;op\u00e9rateur ferroviaire ainsi que l&rsquo;\u00e9tat suivent, souvent en tra\u00eenant la patte et par obligation mais c&rsquo;est nous semble-t-il, la seule fa\u00e7on de les faire bouger.<br \/>\n&nbsp;<br \/>\nCitons dans l&rsquo;ancienne r\u00e9gion Midi Pyr\u00e9n\u00e9es, Martin Malvy qui r\u00e9nova, avant 2015 et hors comp\u00e9tences, tout son r\u00e9seau ferroviaire et dans l&rsquo;actuelle r\u00e9gion Occitanie Carole Delga et Jean-Luc Gibelin son d\u00e9l\u00e9gu\u00e9 transports qui vont rouvrir le service sur Ales &#8211; Bess\u00e8ges, sur Montr\u00e9jeau &#8211; Luchon, sur S\u00e8verac &#8211; Rodez et la ligne rive droite du Rh\u00f4ne pour les voyageurs. Citons en Provence Alpes C\u00f4te-d&rsquo;Azur les r\u00e9ouvertures de Cannes &#8211; Grasse, d&rsquo;Avignon &#8211; Carpentras et de Pertuis &#8211; Meyrargues par l&rsquo;ancien pr\u00e9sident Michel Vauzelle et son d\u00e9l\u00e9gu\u00e9 transports Jean-Yves Petit. En Corse apr\u00e8s le succ\u00e8s sans pr\u00e9c\u00e9dent du retrait du r\u00e9seau d\u00e9partemental de la gestion de SNCF R\u00e9seau, le conseil r\u00e9gional va rouvrir la ligne orientale entre Bonifacio et Casamozza.<br \/>\n&nbsp;<br \/>\n[fond noir][blanc]<strong>La tentation la plus facile : lancer de longues \u00e9tudes biais\u00e9es pour enterrer les projets<\/strong>[\/blanc][\/fond noir]<br \/>\n&nbsp;<br \/>\nC&rsquo;\u00e9tait toujours la tendance il y a quelques ann\u00e9es, SNCF R\u00e9seau jouant le r\u00f4le extr\u00eamement confortable de :<br \/>\n&#8211; destructeur et amaigrisseur historique du r\u00e9seau<br \/>\n&#8211; ma\u00eetre d&rsquo;oeuvre oblig\u00e9 des \u00e9tudes de faisabilit\u00e9 en vue des \u00e9ventuelles r\u00e9ouvertures<br \/>\n&#8211; ma\u00eetre d&rsquo;oeuvre des travaux d\u00e9cid\u00e9s<br \/>\n&nbsp;<br \/>\nLes devis pr\u00e9sent\u00e9s par SNCF R\u00e9seau aux \u00e9lus r\u00e9gionaux \u00e9taient ainsi doubl\u00e9s ou tripl\u00e9s, les d\u00e9lais syst\u00e9matiquement tr\u00e8s allong\u00e9s, pour d\u00e9courager tout projet.<br \/>\n&nbsp;<br \/>\nC&rsquo;\u00e9tait sans compter sur l&rsquo;apparition de quelques bureaux d&rsquo;\u00e9tudes ind\u00e9pendants vers lesquels les r\u00e9gions se sont naturellement tourn\u00e9es pour au moins avoir des arguments de discussion et d&rsquo;autres chiffres dans leurs \u00e9changes avec le partenaire oblig\u00e9 SNCF R\u00e9seau.<br \/>\n&nbsp;<br \/>\nC&rsquo;\u00e9tait sans compter aussi sur la volont\u00e9 farouche de quelques politiques d\u00e9sirant simplement r\u00e9tablir leur r\u00e9seau r\u00e9gional.<br \/>\n&nbsp;<br \/>\nOn  pourra consulter un tableau, tr\u00e8s incomplet, des projets de r\u00e9ouvertures et leur \u00e9tat d&rsquo;avancement sur <a href=\"https:\/\/fr.wikipedia.org\/wiki\/Liste_des_projets_de_r%C3%A9ouverture_ou_de_cr%C3%A9ation_de_lignes_ferroviaires_en_France#Provence-Alpes-C%C3%B4te_d'Azur\"><em>cette page Wikip\u00e9dia<\/em><\/a>.<br \/>\n&nbsp;<br \/>\n[fond noir][blanc]<strong>Et en Auvergne Rh\u00f4ne Alpes ?<\/strong>[\/blanc][\/fond noir]<br \/>\n&nbsp;<br \/>\nUne des possibles raisons de l&rsquo;immobilit\u00e9 du conseil r\u00e9gional en Auvergne est la grandeur de la t\u00e2che \u00e0 accomplir et donc l&rsquo;investissement n\u00e9cessaire puisque SNCF R\u00e9seau ne veut plus mettre un centime sur les lignes qu&rsquo;elle a elle-m\u00eame ferm\u00e9. Alors le choix peut \u00eatre difficile, notre territoire \u00e0 lui seul a vu ces 40 derni\u00e8res ann\u00e9es de tr\u00e8s nombreuses lignes directes fermer. Il doit sans doute d\u00e9tenir le triste record en France :<br \/>\n&nbsp;<br \/>\n&#8211; Clermont-Ferrand Ussel Brives (Volvic Laqueuille)<br \/>\n&#8211; Clermont-Ferrand Saint-Etienne (Thiers Bo\u00ebn)<br \/>\n&#8211; Volvic Lapeyrouse<br \/>\n&#8211; Montlu\u00e7on Ussel<br \/>\n&#8211; Clermont-Ferrand Laqueuille le Mont-Dore<br \/>\n&#8211; Moulins Commentry<br \/>\n&#8211; Saint-Germain-des-Foss\u00e9s Gannat<br \/>\n&#8211; Saint-Pour\u00e7ain  La Fert\u00e9<br \/>\n&#8211; Gannat Barberier<br \/>\n&#8211; Vichy Cusset<br \/>\n&#8211; Pont de Dore Vichy<br \/>\n&#8211; Pont de Dore Ambert Estivareilles \/ Darsac Le Puy en Velay<br \/>\n&#8211; Neussargues Bort-les-Orgues<br \/>\n&nbsp;<br \/>\n[<a href=\"https:\/\/trains-directs.fr\/wp-content\/uploads\/2021\/09\/AURA_Lignes_non_declassees_2021_v7-scaled.jpg\">source<\/a>]<br \/>\n&nbsp;<br \/>\n<em>La gare d&rsquo;Eygurandes Merlines en 2021, pour la correspondance sur la ligne Clermont Ussel Brives. On pouvait y partir pour Paris, Bordeaux, Aurillac, Lyon. C&rsquo;\u00e9tait avant&#8230;<\/em><br \/>\n<img loading=\"lazy\" decoding=\"async\" class=\" aligncenter size-full wp-image-3590\" src=\"http:\/\/5.45.101.177\/haut-allier\/usagers-transportse\/wp-content\/uploads\/2022\/01\/eygurandes.jpg\" alt=\"eygurandes.jpg\" align=\"center\" width=\"997\" height=\"555\" srcset=\"https:\/\/usagers-transports.haut-allier.eu\/wp-content\/uploads\/2022\/01\/eygurandes.jpg 997w, https:\/\/usagers-transports.haut-allier.eu\/wp-content\/uploads\/2022\/01\/eygurandes-300x167.jpg 300w, https:\/\/usagers-transports.haut-allier.eu\/wp-content\/uploads\/2022\/01\/eygurandes-768x428.jpg 768w\" sizes=\"auto, (max-width: 997px) 100vw, 997px\" \/><\/p>\n<p>&nbsp;<br \/>\nToujours chez <em>Trains Directs<\/em> une liste de sections \u00e0 rouvrir plus \u00e0 jour <a href=\"https:\/\/trains-directs.fr\/auvergne-rhone-alpes-lignes-non-declassees\/\"><em> <strong>ici<\/strong> <\/em><\/a>.<br \/>\n&nbsp;<br \/>\nLe probl\u00e8me c&rsquo;est que dans un massif central enclav\u00e9 tout le report des mobilit\u00e9s se fait sur le routier, alors qu&rsquo;un r\u00e9seau dense fonctionnait assez bien. La grande r\u00e9gion a \u00e9galement en charge la partie Rh\u00f4ne Alpes o\u00f9 autant de lignes ont aussi \u00e9t\u00e9 ferm\u00e9es.<br \/>\n&nbsp;<br \/>\nAlors commencer par rouvrir celles qui ont un potentiel, celles qui relient de grosses agglom\u00e9rations ? Oui dans un premier temps. Nous pensons que pour l&rsquo;Auvergne les efforts devraient porter sur quelques lignes essentielles. S&rsquo;il fallait en choisir deux ce serait :<br \/>\n&nbsp;<br \/>\n&#8211; Thiers Bo\u00ebn qui relie les 3 m\u00e9tropoles de Clermont Saint-Etienne et Lyon. Un potentiel \u00e9norme. En premier.<br \/>\n&#8211; Vichy Pont-de-Dore Ambert dans un premier temps, pour d\u00e9senclaver Ambert et redonner vie \u00e0 la vall\u00e9e de la Dore en perte de vitesse \u00e9conomique.<br \/>\n&nbsp;<br \/>\n[fond noir][blanc]<strong>Pas de volont\u00e9 = moins de budget<\/strong>[\/blanc][\/fond noir]<br \/>\n&nbsp;<br \/>\nLa r\u00e9gion se cantonne pour le moment encore au m\u00eame discours depuis 2016 : \u00ab\u00a0Le train ce n&rsquo;est pas essentiel, \u00e7a ne fonctionne pas bien, et il doit \u00eatre compl\u00e9mentaire des autres moyens de transports. Mais on est emb\u00eat\u00e9 c&rsquo;est notre premier budget&#8230; \u00a0\u00bb Comme dans les autres r\u00e9gions d&rsquo;ailleurs.<br \/>\n&nbsp;<br \/>\nNous r\u00e9pondons que non, un service de train efficace et de haut niveau est \u00e0 reconstruire, il devra mettre au diapason les autres moyens de transports, notamment les bus, en compl\u00e8te synchronisation. Comment peut-il en \u00eatre autrement ?<br \/>\n&nbsp;<br \/>\nOui nous r\u00e9torque-t-on mais nous payons tr\u00e8s cher pour un service d\u00e9ficient. D&rsquo;accord, le service n&rsquo;est pas au top justement \u00e0 cause d&rsquo;abord du mauvais r\u00e9seau, abandonn\u00e9 par l&rsquo;\u00e9tat. Au lieu de dire \u00ab\u00a0la r\u00e9gion \u00e0 elle seule ne peut pas mener ce chantier\u00a0\u00bb une r\u00e9ponse intelligente \u00e0 envisager serait plut\u00f4t : entra\u00eenons l&rsquo;\u00e9tat dans un investissement ambitieux, il sera oblig\u00e9 de suivre. C&rsquo;est ce que la r\u00e9gion Occitanie a fait en mettant sur la table 800 millions d&rsquo;euros jusqu&rsquo;en 2030, for\u00e7ant l&rsquo;\u00e9tat \u00e0 mettre le m\u00eame montant. Tout le monde est gagnant et de cette fa\u00e7on on remet \u00e0 niveau le r\u00e9seau abandonn\u00e9, on rouvre des lignes et on remet en marche un service disparu pour les habitants qui ne pourront qu&rsquo;\u00eatre reconnaissants.<br \/>\n&nbsp;<br \/>\nAu lieu de cela on c\u00e8de \u00e0 la facilit\u00e9 et pour r\u00e9pondre au d\u00e9sir des habitants et des \u00e9lus locaux qui r\u00e9clament des r\u00e9ouvertures on lance des \u00e9tudes longues, co\u00fbteuses et d\u00e9pendantes de SNCF R\u00e9seau. Pour faire tra\u00eener, pour gonfler les devis, en connivence avec l&rsquo;entreprise ferroviaire. Exemples :<br \/>\n&#8211; l&rsquo;\u00e9tude de la r\u00e9ouverture de la ligne Evian-les-Bains Saint-Gingolph en Haute-Savoie, une ligne de 18 km coup\u00e9e en 1998, \u00e0 la fronti\u00e8re avec la Suisse sera lanc\u00e9e fin 2022 et <a href=\"https:\/\/www.20min.ch\/fr\/story\/saint-gingolph-un-peu-plus-proche-devian-les-bains-267951139698\"><strong> <em>d&rsquo;apr\u00e8s les suisses<\/strong> <\/em><\/a> l&rsquo;inauguration aura lieu au mieux en&#8230; 2028. La r\u00e9ouverture d&rsquo;Evian St-Gingolph permettra de faire le tour du L\u00e9man avec le L\u00e9man Express. gros bassin de population.<\/p>\n<p><img loading=\"lazy\" decoding=\"async\" class=\" aligncenter size-full wp-image-3591\" src=\"http:\/\/5.45.101.177\/haut-allier\/usagers-transportse\/wp-content\/uploads\/2022\/01\/screenshot-fr.viamichelin.ch-2022.01.03-11_48_52n.jpg\" alt=\"screenshot-fr.viamichelin.ch-2022.01.03-11_48_52n.jpg\" align=\"center\" width=\"905\" height=\"509\" srcset=\"https:\/\/usagers-transports.haut-allier.eu\/wp-content\/uploads\/2022\/01\/screenshot-fr.viamichelin.ch-2022.01.03-11_48_52n.jpg 905w, https:\/\/usagers-transports.haut-allier.eu\/wp-content\/uploads\/2022\/01\/screenshot-fr.viamichelin.ch-2022.01.03-11_48_52n-300x169.jpg 300w, https:\/\/usagers-transports.haut-allier.eu\/wp-content\/uploads\/2022\/01\/screenshot-fr.viamichelin.ch-2022.01.03-11_48_52n-768x432.jpg 768w\" sizes=\"auto, (max-width: 905px) 100vw, 905px\" \/><\/p>\n<p>&#8211; l&rsquo;\u00e9tude de la r\u00e9ouverture de Thiers &#8211; Bo\u00ebn, 48 km, promise en 2020 est \u00ab\u00a0sur le point\u00a0\u00bb d&rsquo;\u00eatre lanc\u00e9e selon la r\u00e9gion. Quant \u00e0 une \u00e9ventuelle ouverture&#8230; on croise les doigts.<\/p>\n<p><img loading=\"lazy\" decoding=\"async\" class=\" aligncenter size-full wp-image-3592\" src=\"http:\/\/5.45.101.177\/haut-allier\/usagers-transportse\/wp-content\/uploads\/2022\/01\/784000_-_ligne_de_clermont-ferrand_a_saint-just-sur-loire-n.jpg\" alt=\"784000_-_ligne_de_clermont-ferrand_a_saint-just-sur-loire-n.jpg\" align=\"center\" width=\"1000\" height=\"707\" srcset=\"https:\/\/usagers-transports.haut-allier.eu\/wp-content\/uploads\/2022\/01\/784000_-_ligne_de_clermont-ferrand_a_saint-just-sur-loire-n.jpg 1000w, https:\/\/usagers-transports.haut-allier.eu\/wp-content\/uploads\/2022\/01\/784000_-_ligne_de_clermont-ferrand_a_saint-just-sur-loire-n-300x212.jpg 300w, https:\/\/usagers-transports.haut-allier.eu\/wp-content\/uploads\/2022\/01\/784000_-_ligne_de_clermont-ferrand_a_saint-just-sur-loire-n-768x543.jpg 768w\" sizes=\"auto, (max-width: 1000px) 100vw, 1000px\" \/><\/p>\n<p>A lire l&rsquo;excellent billet de <a href=\"https:\/\/letrain634269.org\/la-region-grand-est-investit-plusieurs-millions-deuros-dans-la-reouverture-de-la-ligne-saint-die-epinal-jeanrottner-regiongrandest-auvergnerhalpes-laurentwauquiez-jeancastex\/\"><em> <strong>Letrain634269<\/strong> <\/em><\/a> sur la r\u00e9gion Grand-Est (du m\u00eame parti politique que Wauquiez) qui investit plusieurs millions d&rsquo;\u20ac dans la r\u00e9ouverture de la ligne Saint-Di\u00e9 Epinal.<br \/>\n&nbsp;<br \/>\n<em>[en logo la gare de Saint-Gingolph ville frontali\u00e8re franco suisse au bord du L\u00e9man qui va sans doute \u00eatre reli\u00e9e \u00e0 nouveau \u00e0 Evian les Bains en 2028]<br \/>\n<\/em><\/p>\n","protected":false},"excerpt":{"rendered":"<p>Les autres r\u00e9gions op\u00e8rent depuis une quinzaine d&rsquo;ann\u00e9es de nombreuses r\u00e9ouvertures de lignes. Tr\u00e8s peu pour le moment<\/p>\n","protected":false},"author":1,"featured_media":3589,"comment_status":"open","ping_status":"open","sticky":false,"template":"","format":"standard","meta":{"footnotes":""},"categories":[3],"tags":[],"class_list":["post-841","post","type-post","status-publish","format-standard","has-post-thumbnail","hentry","category-en-train"],"_links":{"self":[{"href":"https:\/\/usagers-transports.haut-allier.eu\/index.php\/wp-json\/wp\/v2\/posts\/841","targetHints":{"allow":["GET"]}}],"collection":[{"href":"https:\/\/usagers-transports.haut-allier.eu\/index.php\/wp-json\/wp\/v2\/posts"}],"about":[{"href":"https:\/\/usagers-transports.haut-allier.eu\/index.php\/wp-json\/wp\/v2\/types\/post"}],"author":[{"embeddable":true,"href":"https:\/\/usagers-transports.haut-allier.eu\/index.php\/wp-json\/wp\/v2\/users\/1"}],"replies":[{"embeddable":true,"href":"https:\/\/usagers-transports.haut-allier.eu\/index.php\/wp-json\/wp\/v2\/comments?post=841"}],"version-history":[{"count":0,"href":"https:\/\/usagers-transports.haut-allier.eu\/index.php\/wp-json\/wp\/v2\/posts\/841\/revisions"}],"wp:featuredmedia":[{"embeddable":true,"href":"https:\/\/usagers-transports.haut-allier.eu\/index.php\/wp-json\/wp\/v2\/media\/3589"}],"wp:attachment":[{"href":"https:\/\/usagers-transports.haut-allier.eu\/index.php\/wp-json\/wp\/v2\/media?parent=841"}],"wp:term":[{"taxonomy":"category","embeddable":true,"href":"https:\/\/usagers-transports.haut-allier.eu\/index.php\/wp-json\/wp\/v2\/categories?post=841"},{"taxonomy":"post_tag","embeddable":true,"href":"https:\/\/usagers-transports.haut-allier.eu\/index.php\/wp-json\/wp\/v2\/tags?post=841"}],"curies":[{"name":"wp","href":"https:\/\/api.w.org\/{rel}","templated":true}]}}